{"id":1144,"date":"2013-03-16T15:48:49","date_gmt":"2013-03-16T15:48:49","guid":{"rendered":"http:\/\/fjm-ritter.de\/Aktuell\/?p=1144"},"modified":"2013-03-24T20:20:10","modified_gmt":"2013-03-24T20:20:10","slug":"zum-jahr-des-glaubens-5-fastensonntag-habemus-papam-franziskus","status":"publish","type":"post","link":"https:\/\/fjm-ritter.de\/Aktuell\/?p=1144","title":{"rendered":"zum &#8222;Jahr des Glaubens! &#8211; 5. Fastensonntag &#8211; Habemus Papam Franziskus"},"content":{"rendered":"<p><a href=\"https:\/\/fjm-ritter.de\/Aktuell\/wp-content\/uploads\/2013\/03\/Papst-Franziskus-004b.jpg\"><img loading=\"lazy\" decoding=\"async\" class=\"aligncenter size-full wp-image-1131\" alt=\"Papst Franziskus 004b\" src=\"https:\/\/fjm-ritter.de\/Aktuell\/wp-content\/uploads\/2013\/03\/Papst-Franziskus-004b.jpg\" width=\"956\" height=\"427\" srcset=\"https:\/\/fjm-ritter.de\/Aktuell\/wp-content\/uploads\/2013\/03\/Papst-Franziskus-004b.jpg 956w, https:\/\/fjm-ritter.de\/Aktuell\/wp-content\/uploads\/2013\/03\/Papst-Franziskus-004b-300x133.jpg 300w, https:\/\/fjm-ritter.de\/Aktuell\/wp-content\/uploads\/2013\/03\/Papst-Franziskus-004b-500x223.jpg 500w\" sizes=\"auto, (max-width: 956px) 100vw, 956px\" \/><\/a><\/p>\n<p><strong>Lesung<\/strong> (<a href=\"http:\/\/vulgata.info\/index.php\/Kategorie:Vulgata:AT:Jes43\" target=\"_blank\"><em>Auszug, Vers 19 aus <b>Jes 43, 16-21<\/b><\/em><\/a>): &#8222;<em>Seht, ich schaffe Neuartiges! Jetzt sprie\u00dft es, merkt ihr es nicht? Ja, in der Steppe lege ich einen Weg an, Pfade im ver\u00f6deten Land!<\/em>&#8220;<br \/>\n<strong>Evangelium<\/strong> (<a href=\"http:\/\/vulgata.info\/index.php\/Kategorie:BIBLIA_SACRA:NT:Joh08\" target=\"_blank\"><em>Auszug, Vers 6b-8 aus Joh.8,1-11<\/em><\/a>): &#8222;<em>Jesus aber b\u00fcckte sich nieder, und schrieb mit dem Finger auf die Erde. Als sie nun auf ihre Frage an ihn bestanden, richtete er sich auf, und sprach zu ihnen: Wer ohne S\u00fcnde ist unter euch, werfe zuerst den Stein auf sie! Und er b\u00fcckte sich abermals, und schrieb auf die Erde.<\/em>&#8222;<!--more--><\/p>\n<p>&#8230; wir waren gerade am Ende des Vortrages, kurz vor dem Segen, als der Priester des Klosters, wo wir zu Gast waren, in den Raum trat uns ausrief: \u201eHabemus Papam \u2013 wir haben einen Papst\u201c<\/p>\n<p>Eine K\u00fcsterin\/Messnerin sagte: \u201e<i>Da muss ich sofort in die Kirche, wir m\u00fcssen die Glocken l\u00e4uten lassen<\/i>\u201c. Wir haben dann schnell nach dem priesterlichen Segen, zusammenger\u00e4umt und uns vor dem Fernseher niedergelassen.<\/p>\n<p>Alle sind wir dann in der Geduld gepr\u00fcft worden. Dauerte es doch noch mehr als eine Stunde als dann der Vorhang am Balkon ge\u00f6ffnet und uns \/ der Welt verk\u00fcndet wurde:<\/p>\n<p align=\"center\">\u201e<strong>Habemus Papam<\/strong>\u201c<br \/>\n. . .<br \/>\nDer neue Oberhirte von 1,2 Milliarden Katholiken auf der Welt ist<br \/>\n\u201e<strong>Jorge Mario Bergoglio, Erzbischof aus Buenos Aires<\/strong>\u201c<br \/>\nund er tr\u00e4gt den Namen \u201e<strong>Papst Franziskus<\/strong>\u201c.<\/p>\n<p>Und dann begann es nur so von Zeichnen zu regnen. Der Papst bittet zuerst vom Volk den Segen f\u00fcr ihn selbst, bittet um das gemeinsame Gebet f\u00fcr den emeritieren Papst Benedikt XVI. und nach dem er den <a href=\"http:\/\/de.radiovaticana.va\/news\/2013\/03\/13\/die_ersten_worte:_franziskus_beginnt_sein_amt_mit_einer_demutsgeste\/ted-673120\">Urbi et orbi<\/a> (<i>Segen f\u00fcr den ganzen Erdkreis<\/i>) gegeben hatte, setzte er sich nicht in die p\u00e4pstliche Limousine, sondern in den Bus, um ein Bruder unter den Br\u00fcdern zu sein.<br \/>\nSchon am n\u00e4chsten Morgen besuchte er die Gottesmutter, die erste Kirche der Welt &#8230; Sancta Maggiore und betete eine halbe Stunde, sagte Dank f\u00fcr die Wahl.<br \/>\nAnschlie\u00dfend fuhr er in sein Hotel, seine Sachen holen und die Rechnung zu begleichen.<\/p>\n<p>Auch seine <a href=\"http:\/\/de.radiovaticana.va\/news\/2013\/03\/15\/die_predigt_des_neuen_papstes_im_volltext\/ted-673516\">Predigt (<i>14. M\u00e4rz<\/i>)<\/a> vor den Kardin\u00e4len, sowie seine Worte vor den Kardin\u00e4len bei der <a href=\"http:\/\/de.radiovaticana.va\/news\/2013\/03\/15\/papst_empf%C3%A4ngt_kardin%C3%A4le_im_vatikan:_%E2%80%9Ebr%C3%BCder,_forza!%E2%80%9C\/ted-673672\">Audienz (<i>15. M\u00e4rz<\/i>)<\/a>, sprechen von einem gro\u00dfen Wandel, der uns allen Mut machen sollte f\u00fcr die Zukunft.<\/p>\n<p>Ja, wir m\u00fcssen dem\u00fctiger werden, uns von dem Weltgeist endlich verabschieden, wie es der erem. Papst Benedikt aber auch unser neue Papst Franziskus es formulierte. Will die Kirche eine Zukunft haben, ist nur dieser Weg m\u00f6glich.<\/p>\n<p>Dazu z\u00e4hlt, sich dem p\u00e4pstlichen Lehramt \u2013 dem Petri Stuhl \u2013 dem Papst sich zu unterwerfen. Dieselbe dem\u00fctige Geste bezeugen, will man nicht den falschen Weg beschreiten:<\/p>\n<p>\u201e<i>Wir k\u00f6nnen gehen, wie weit wir wollen, wir k\u00f6nnen vieles aufbauen, aber wenn wir nicht Jesus Christus bekennen, geht die Sache nicht. Wir werden eine wohlt\u00e4tige NGO, aber nicht die Kirche, die Braut Christi. Wenn man nicht geht, bleibt man da stehen. Wenn man nicht auf Stein aufbaut, was passiert dann? Es geschieht das, was den Kindern am Strand passiert, wenn sie Sandburgen bauen: Alles f\u00e4llt zusammen, es hat keine Festigkeit. Wenn man Jesus Christus nicht bekennt, da kommt mir das Wort von L\u00e9on Bloy in den Sinn: \u201eWer nicht zum Herrn betet, betet zum Teufel.\u201c Wenn man Jesus Christus nicht bekennt, bekennt man die Weltlichkeit des Teufels, die Weltlichkeit des B\u00f6sen.<\/i>\u201c<\/p>\n<p>Die unz\u00e4hligen angeblichen Botschaften des Himmels wurden damit L\u00fcgen gestraft. Doch sie sind und bleiben uneinsichtig und wenden sich bzw. verharren in ihren Aussagen. Sie schmieden sich ein Szenario zusammen, das nur eines zu tun bleibt, will man sich nicht selbst der r\u00f6m. kath. Kirche ank\u00e4mpfen.<br \/>\n<strong>Denn es hei\u00dft im Lehramt<\/strong>: Wer sich gegen das Lehramt, gegen die Kirchenleitung (<strong><i>den Papst<\/i><\/strong>) stellt, zur Opposition \/ Rebellion aufruft \/verbreitet \u2013 unterst\u00fctzt \u2013 bef\u00fcrwortet, ist <a href=\"http:\/\/kirchensite.de\/index.php?myELEMENT=12603\">automatisch exkommuniziert<\/a> (<strong><i>der exkommuniziert sich selbst <\/i><\/strong>(vgl. CIC Can. 1314 ff.)).<br \/>\nDer darf auch nicht mehr die Sakramente empfangen. Empf\u00e4ngt er diese trotzdem, ohne davon abzulassen \u2013 es gebeichtet zu haben \u2013 zieht er sich nicht das Heil, sondern den Fluch (<i>das Gericht<\/i>) auf sich.<\/p>\n<p>Ich sage das &#8230; und zeige es in aller Deutlichkeit auf, weil so viel Unfug nach dem R\u00fccktritt Benedikt\u2019s und nach der Wahl von Papst Franziskus (<em>eigentlich schon mit dem ableben des Papst Johannes-Paul II.<\/em>) \u00f6ffentlich gemacht und an uns herangetragen wurde.<br \/>\nDas alles hat mit Meinungsbildung und Austausch von Aussagen etc. \/ o.\u00e4. nichts mehr zu tun. Es mangelt an Liebe, anzunehmen was das p\u00e4pstliche Lehramt sagt \u2013 was der Papst lehrt. Und mangelnde Liebe hat im Himmel \/ Paradies keinen Platz!!!<br \/>\nWer darin verharrt, dass dies Botschaften des Himmels seien, denen man zu folgen hat, ist grunds\u00e4tzlich selbst in einer Irrlehre \/-meinung besessen \u2013 um es so zu formulieren!<br \/>\nLegt ab, bereut und beichtet diese schwere Verfehlung und h\u00f6rt auf die Treuen des Volkes mit eurem Gift zu bel\u00e4stigen. Euch, die ihr so etwas verbreitet, f\u00f6rdert oder nur duldet rate ich die <a href=\"http:\/\/vulgata.info\/index.php\/Kategorie:BIBLIA_SACRA:NT:Offenb02\">Offenbarung 2,20-22<\/a> zu lesen: \u201e<i>Aber ich habe etwas Weniges wider dich: dass du dem Weibe Jezabel, die sich selbst f\u00fcr eine Prophetin ausgibt, gestattest zu lehren und meine Knechte zu verf\u00fchren, Unzucht zu treiben und von G\u00f6tzenopfern zu essen. Ich habe ihr Frist gegeben, dass sie Bu\u00dfe tue; aber sie will sich nicht bekehren von ihrer Unzucht. Siehe, ich werde sie auf das Krankenbett werfen, und die mit ihr ehebrechen, werden in sehr gro\u00dfer Drangsal ein, wenn sie sich nicht bekehren von ihren Werken.<\/i>\u201c<\/p>\n<p>&#8212;<\/p>\n<p><strong>* Exkommunikation<\/strong> oder <strong>Kirchenbann<\/strong> ist eine Kirchenstrafe, durch die ein Getaufter wegen schwerer \u00e4u\u00dferer Vergehen von der Gemeinschaft der Gl\u00e4ubigen und damit von ihren Rechten und Privilegien (z.B. Wahlrecht, Gewinnung eines Ablasses) ausgeschlossen wird. Dem Exkommunizierten ist der Empfang der Sakramente (z.B. Beichte (!), Kommunion, CIC can. 915) und die Aus\u00fcbung bestimmter kirchlicher Handlungen untersagt. Ebenso hat er auf ein kirchliches Begr\u00e4bnis keinen Anspruch. Dieser Ausschluss kann den Empfang der Taufe (wegen des unausl\u00f6schlichen Taufmerkmals) oder des Firmsakramentes sowie der Weihe nicht r\u00fcckg\u00e4ngig machen. Wer sich in der Exkommunikation befindet, geh\u00f6rt von Rechts wegen noch zur Kirche und beh\u00e4lt alle Verpflichtungen der Kirche gegen\u00fcber, ist jedoch, in der Aus\u00fcbung seiner Rechte, vorerst nicht mehr Mitglied der Kirche als des Mystischen Leibes Christi (vgl. Enzyklika Mystici corporis Pius XII.), bis er wieder losgesprochen ist (oder verstorben).<\/p>\n<p>Man unterscheidet zwischen Tatstrafe und Spruchstrafe der Exkommunikation (vgl. CIC Can. 1314). Die Tatstrafe tritt mit dem Begehen der Verfehlung von selbst ein (excommunicatio latae sententiae). Die Spruchstrafe wird, wenn die betreffende Person \u00f6ffentliches \u00c4rgernis erregt hat, von der zust\u00e4ndigen Autorit\u00e4t festgestellt (excommunicatio ferendae sententiae). Die besonders feierliche verh\u00e4ngte Exkommunikation nennt man Anathem(a); vgl. auch KKK Nr. 1463.<\/p>\n<p>&nbsp;<\/p>\n","protected":false},"excerpt":{"rendered":"<p>Lesung (Auszug, Vers 19 aus Jes 43, 16-21): &#8222;Seht, ich schaffe Neuartiges! Jetzt sprie\u00dft es, merkt ihr es nicht? Ja, in der Steppe lege ich einen Weg an, Pfade im ver\u00f6deten Land!&#8220; Evangelium (Auszug, Vers 6b-8 aus Joh.8,1-11): &#8222;Jesus aber &hellip; <a href=\"https:\/\/fjm-ritter.de\/Aktuell\/?p=1144\">Weiterlesen <span class=\"meta-nav\">&rarr;<\/span><\/a><\/p>\n","protected":false},"author":9,"featured_media":0,"comment_status":"open","ping_status":"closed","sticky":false,"template":"","format":"standard","meta":{"footnotes":""},"categories":[1],"tags":[],"class_list":["post-1144","post","type-post","status-publish","format-standard","hentry","category-allgemein"],"_links":{"self":[{"href":"https:\/\/fjm-ritter.de\/Aktuell\/index.php?rest_route=\/wp\/v2\/posts\/1144","targetHints":{"allow":["GET"]}}],"collection":[{"href":"https:\/\/fjm-ritter.de\/Aktuell\/index.php?rest_route=\/wp\/v2\/posts"}],"about":[{"href":"https:\/\/fjm-ritter.de\/Aktuell\/index.php?rest_route=\/wp\/v2\/types\/post"}],"author":[{"embeddable":true,"href":"https:\/\/fjm-ritter.de\/Aktuell\/index.php?rest_route=\/wp\/v2\/users\/9"}],"replies":[{"embeddable":true,"href":"https:\/\/fjm-ritter.de\/Aktuell\/index.php?rest_route=%2Fwp%2Fv2%2Fcomments&post=1144"}],"version-history":[{"count":7,"href":"https:\/\/fjm-ritter.de\/Aktuell\/index.php?rest_route=\/wp\/v2\/posts\/1144\/revisions"}],"predecessor-version":[{"id":1167,"href":"https:\/\/fjm-ritter.de\/Aktuell\/index.php?rest_route=\/wp\/v2\/posts\/1144\/revisions\/1167"}],"wp:attachment":[{"href":"https:\/\/fjm-ritter.de\/Aktuell\/index.php?rest_route=%2Fwp%2Fv2%2Fmedia&parent=1144"}],"wp:term":[{"taxonomy":"category","embeddable":true,"href":"https:\/\/fjm-ritter.de\/Aktuell\/index.php?rest_route=%2Fwp%2Fv2%2Fcategories&post=1144"},{"taxonomy":"post_tag","embeddable":true,"href":"https:\/\/fjm-ritter.de\/Aktuell\/index.php?rest_route=%2Fwp%2Fv2%2Ftags&post=1144"}],"curies":[{"name":"wp","href":"https:\/\/api.w.org\/{rel}","templated":true}]}}