{"id":1193,"date":"2013-04-06T16:32:15","date_gmt":"2013-04-06T16:32:15","guid":{"rendered":"http:\/\/fjm-ritter.de\/Aktuell\/?p=1193"},"modified":"2013-04-13T11:31:51","modified_gmt":"2013-04-13T11:31:51","slug":"jahr-des-glaubens-liturgiehinweis","status":"publish","type":"post","link":"https:\/\/fjm-ritter.de\/Aktuell\/?p=1193","title":{"rendered":"Jahr des Glaubens &#8211; Liturgiehinweis I."},"content":{"rendered":"<p><a href=\"https:\/\/fjm-ritter.de\/Aktuell\/wp-content\/uploads\/2013\/04\/Jahr-des-Glaubens-Liturgiehinweis-02.jpg\"><img loading=\"lazy\" decoding=\"async\" class=\"aligncenter size-full wp-image-1194\" alt=\"Jahr des Glaubens - Liturgiehinweis 02\" src=\"https:\/\/fjm-ritter.de\/Aktuell\/wp-content\/uploads\/2013\/04\/Jahr-des-Glaubens-Liturgiehinweis-02.jpg\" width=\"999\" height=\"1015\" srcset=\"https:\/\/fjm-ritter.de\/Aktuell\/wp-content\/uploads\/2013\/04\/Jahr-des-Glaubens-Liturgiehinweis-02.jpg 999w, https:\/\/fjm-ritter.de\/Aktuell\/wp-content\/uploads\/2013\/04\/Jahr-des-Glaubens-Liturgiehinweis-02-295x300.jpg 295w\" sizes=\"auto, (max-width: 999px) 100vw, 999px\" \/><\/a><\/p>\n<p>zum &#8222;Jahr des Glaubens&#8220; &#8230; ist es egal was wie wo wozu warum auch immer gesprochen wird?<!--more--><\/p>\n<p>Was wenn es \u00fcberall so w\u00e4re, jeder tun w\u00fcrde was er sie es wollte &#8230; also, keine Ordnung mehr g\u00e4be?<\/p>\n<p>Ich habe viele Wochen Beispiele aufgeschrieben, was meinst Du dazu &#8230; oder ist Dir das auch egal?<\/p>\n<p><a href=\"https:\/\/fjm-ritter.de\/Aktuell\/?page_id=787\">https:\/\/fjm-ritter.de\/Aktuell\/?page_id=787<\/a><\/p>\n","protected":false},"excerpt":{"rendered":"<p>zum &#8222;Jahr des Glaubens&#8220; &#8230; ist es egal was wie wo wozu warum auch immer gesprochen wird?<\/p>\n","protected":false},"author":9,"featured_media":0,"comment_status":"open","ping_status":"closed","sticky":false,"template":"","format":"standard","meta":{"footnotes":""},"categories":[1],"tags":[],"class_list":["post-1193","post","type-post","status-publish","format-standard","hentry","category-allgemein"],"_links":{"self":[{"href":"https:\/\/fjm-ritter.de\/Aktuell\/index.php?rest_route=\/wp\/v2\/posts\/1193","targetHints":{"allow":["GET"]}}],"collection":[{"href":"https:\/\/fjm-ritter.de\/Aktuell\/index.php?rest_route=\/wp\/v2\/posts"}],"about":[{"href":"https:\/\/fjm-ritter.de\/Aktuell\/index.php?rest_route=\/wp\/v2\/types\/post"}],"author":[{"embeddable":true,"href":"https:\/\/fjm-ritter.de\/Aktuell\/index.php?rest_route=\/wp\/v2\/users\/9"}],"replies":[{"embeddable":true,"href":"https:\/\/fjm-ritter.de\/Aktuell\/index.php?rest_route=%2Fwp%2Fv2%2Fcomments&post=1193"}],"version-history":[{"count":4,"href":"https:\/\/fjm-ritter.de\/Aktuell\/index.php?rest_route=\/wp\/v2\/posts\/1193\/revisions"}],"predecessor-version":[{"id":1202,"href":"https:\/\/fjm-ritter.de\/Aktuell\/index.php?rest_route=\/wp\/v2\/posts\/1193\/revisions\/1202"}],"wp:attachment":[{"href":"https:\/\/fjm-ritter.de\/Aktuell\/index.php?rest_route=%2Fwp%2Fv2%2Fmedia&parent=1193"}],"wp:term":[{"taxonomy":"category","embeddable":true,"href":"https:\/\/fjm-ritter.de\/Aktuell\/index.php?rest_route=%2Fwp%2Fv2%2Fcategories&post=1193"},{"taxonomy":"post_tag","embeddable":true,"href":"https:\/\/fjm-ritter.de\/Aktuell\/index.php?rest_route=%2Fwp%2Fv2%2Ftags&post=1193"}],"curies":[{"name":"wp","href":"https:\/\/api.w.org\/{rel}","templated":true}]}}