{"id":1344,"date":"2013-08-10T17:17:32","date_gmt":"2013-08-10T17:17:32","guid":{"rendered":"http:\/\/fjm-ritter.de\/Aktuell\/?p=1344"},"modified":"2013-08-10T17:53:27","modified_gmt":"2013-08-10T17:53:27","slug":"zum-jahr-des-glaubens-sakramente-eucharistie","status":"publish","type":"post","link":"https:\/\/fjm-ritter.de\/Aktuell\/?p=1344","title":{"rendered":"zum \u201eJahr des Glaubens\u201c &#8211; Sakramente \u2013 Eucharistie"},"content":{"rendered":"<p><a href=\"https:\/\/fjm-ritter.de\/Aktuell\/wp-content\/uploads\/2013\/08\/Naju-himmlische-Eucharistie.jpg\"><img loading=\"lazy\" decoding=\"async\" class=\"aligncenter size-full wp-image-1345\" alt=\"Naju-himmlische-Eucharistie\" src=\"https:\/\/fjm-ritter.de\/Aktuell\/wp-content\/uploads\/2013\/08\/Naju-himmlische-Eucharistie.jpg\" width=\"534\" height=\"400\" srcset=\"https:\/\/fjm-ritter.de\/Aktuell\/wp-content\/uploads\/2013\/08\/Naju-himmlische-Eucharistie.jpg 534w, https:\/\/fjm-ritter.de\/Aktuell\/wp-content\/uploads\/2013\/08\/Naju-himmlische-Eucharistie-300x224.jpg 300w, https:\/\/fjm-ritter.de\/Aktuell\/wp-content\/uploads\/2013\/08\/Naju-himmlische-Eucharistie-400x300.jpg 400w\" sizes=\"auto, (max-width: 534px) 100vw, 534px\" \/><\/a><\/p>\n<p>Bevor ich es wage detailliert \u00fcber die Heilige Eucharistie zu schreiben, verweise ich lieber auf die elementaren Schriften unseres Glaubens von <a href=\"http:\/\/www.vatican.va\/holy_father\/john_paul_ii\/encyclicals\/documents\/hf_jp-ii_enc_20030417_eccl-de-euch_ge.html\">Papst Johannes-Paul II.<\/a> bzw.\/und <a href=\"http:\/\/www.vatican.va\/holy_father\/benedict_xvi\/apost_exhortations\/documents\/hf_ben-xvi_exh_20070222_sacramentum-caritatis_ge.html\">Papst Benedikt XVI.<\/a> usw.<\/p>\n<p>Da es aber viele unterschiedliche Meinungen \/ Aussagen gibt \u2013 auch gerade unter den Katholiken, m\u00f6chte ich sagen, weshalb ich an die Unterschiede zwischen dem Brot in der evangelischen Kirche und den Leib des Herrn in der katholischen Kirche glaube.<!--more--><\/p>\n<p>Ich wei\u00df, dass es Gebildetere gibt, die anders sprechen als ich wei\u00df, dass es richtig ist! Aber vielleicht ist es gut einmal aus der Einfachheit eines ehemaligen evangelischen \u2013 zum katholischen Glauben konvertierten \u2013 Christen zu h\u00f6ren, was f\u00fcr mich der Unterschied ausmacht.<\/p>\n<p>Ich k\u00f6nnte auf zahlreiche <a href=\"http:\/\/www.fjm-ritter.info\/cgi-bin\/yabb2\/YaBB.pl?num=1114485827\">eucharistische Wunder<\/a> hinweisen, wo aus der Substanz von Weizenmehl und Wasser (mehr ist diese eucharistische Gabe nicht), nach der Wandlung durch den Priester tats\u00e4chlich Fleisch und Blut (Herzmuskel, Blutgruppe AB) geworden ist.<br \/>\nEs gibt heute solche <a href=\"http:\/\/www.kbwn.de\/html\/wunder___zeichen.html\">Wunderzeichen<\/a>, die jedes menschliche Leben \u00fcberlebt haben (also \u00fcber hunderte von Jahren alt sind), und doch noch immer ist, was es nach der Wandlung geworden ist \u2013 unverwestes Fleisch und fl\u00fcssiges Blut. Das wunderbare, es ist in allen bekannten F\u00e4llen Herzmuskelfleisch &#8230; also wollte der Geber sagen: \u201eNimm ein St\u00fcck von meinem Herzen und kommuniziere mich.\u201c Auch aus zahlreichen Blutwundern in der Welt ist bei den wissenschaftlichen Untersuchungen immer ein und die selbe Blutgruppe der EINEN Person festgestellt worden.<\/p>\n<p>Was schon als besonders gesehen werde, muss, da diese Person hunderte von Jahre alt w\u00e4re, wenn es immer dieselbe Person ist, die das Blut auf Altart\u00fccher, Gew\u00e4nder oder auf Hostien erscheinen l\u00e4sst.<\/p>\n<p>Schon daran erkennen Wissenschaftler die Besonderheit; denn in den F\u00e4llen, wo andere Blutgruppen festgestellt wurden, wurde auch die Manipulation nachgewiesen. Doch bei den vielen bekannten (\u00fcberwiegend anerkannten) Hostien- und Blutwundern ist das Ergebnis immer dasselbe: Herzmuskel \u2013 Blutgruppe AB.<\/p>\n<p>Aber nehmen wir einmal aus R\u00fccksicht derer, die das alles nicht glauben k\u00f6nnen, diese Wunderzeichen weg \u2013 beachten wir sie einen Moment nicht! Sondern ich frage mich, weshalb ich an die Realgegenwart des Herrn in diesem gewandelten \u201eMehl\/Wasser\u201c und \u201eWein\/Wasser\u201c glaube &#8230; also, nur nach der von einem ordnungsgem\u00e4\u00df geweihten Priester vollzogenen Wandlung in der Heiligen Messe nicht mehr Mehl\/Wasser, was unsere Augen ja noch sehen; Wein\/Wasser was unsere Nase riecht und die Zunge schmeckt, sondern tats\u00e4chlich \u2013 und nicht nur geistig \u2013 oder gar nur als Symbol \u2013 der Leib und das Blut des Herrn Jesus Christus geworden ist.<br \/>\nWas auch nichts mit Zauberei zu tun hat, wie es hier und da schon mal Geistliche formulieren.<\/p>\n<p>Dass der eine oder andere das nicht mehr glaubt, oder nie geglaubt hat, kann ich mir vorstellen. Denn es bedarf mehr als nur ein paar Worte herunterzurasseln, aus dem Messbuch &#8230; und der Umgang mit der Gabe vom Altar zeigt mir ja auch deutlich, dass der \/ die \u00fcberhaupt nicht glaubt, was er da tut.<\/p>\n<p>Bei allem was man mir schon berichtet hat, oder was ich selbst miterleben musste, blieb mir nur denjenigen zu fragen, der es am besten wei\u00df! N\u00e4mlich: Jesus, wie ist das mit dem Brot, mit dem Leib? Gibt es da Unterschiede in der evangelischen Kirche etc. die uns trennen \u2013 oder gibt es da Gemeinsamkeiten, so dass wir bedenkenlos mal hier mal dort kosten k\u00f6nnen?<\/p>\n<p>Und siehe, er antwortete &#8211;\u00a0 ER half mir zu verstehen&#8230;<\/p>\n<p>Was geistige Kommunion ist &#8230;<\/p>\n<p>Was die eucharistische Gabe ist, die von IHM selbst kommt &#8230;<\/p>\n<p>Was in Erinnerung durch den Menschen gereicht wird &#8230;<\/p>\n<p>Nicht umsonst sprach Paulus davon, dass der Mensch unterscheiden m\u00fcsse vom Brot und dem Leib des Herrn. Doch wer tut das noch?<br \/>\nIm Gegenteil: was bekommen unsere Kinder heute beigebracht &#8230;<\/p>\n<p>Aber zur\u00fcck zu meiner Erkenntnis, zu meinen pers\u00f6nlichen Erfahrungen. Er selber zeigte mir, dass diese kleine wei\u00dfe Scheibe \u2013 in der evangelischen Kirche nichts anderes ist, als den Leib zu st\u00e4rken, eben eine menschlich gedachte Gabe ist.<\/p>\n<p>Die gewandelte Hostie hingegen ist Leben in sich, ist Jesus ganz und gar. Es ist die Gabe, die vom Himmel kommt um den Geist zu st\u00e4rken, und um Kraft f\u00fcr den Glaubensweg zu geben.<br \/>\nDiese Gabe, die aus sich heraus stahlt \u2013 leuchtet und den ganzen Raum in einen strahlenden Glanz versetzen kann. Wer in Heiliger Anbetung sich ins Innere dieser Hostie versetzt, betritt einen anderen Raum, n\u00e4mlich das Zelt, das der HERR selbst aufgebaut hat.<\/p>\n<p>Ich wei\u00df, das klingt alles zu einfach und doch zu kompliziert, also einfach unglaublich! Doch ich habe das so erlebt. Sei es wenn ich mich geistig mit dem Herrn verbinde, sei es wenn ich sie geistig empfange, sei es wenn ich in Anbetung tats\u00e4chlich Seinen Leib kommuniziere.<\/p>\n<p>Wir m\u00fcssen nur lernen, dass es tats\u00e4chlich einen Unterschied gibt. N\u00e4mlich das von Menschen gemachte und das von Gott gedachte! Wer glauben hat, und wirklich sucht, dem wird der Herr diese Erfahrung, diese Erkenntnis nicht verweigern wollen. Denn wer suchet der findet; wer anklopft, dem wird aufgetan und wer bittet, dem wird gegeben (<a href=\"http:\/\/vulgata.info\/index.php\/Kategorie:BIBLIA_SACRA:NT:Mt07\"><i>vgl. Math.7,7<\/i><\/a>).<\/p>\n","protected":false},"excerpt":{"rendered":"<p>Bevor ich es wage detailliert \u00fcber die Heilige Eucharistie zu schreiben, verweise ich lieber auf die elementaren Schriften unseres Glaubens von Papst Johannes-Paul II. bzw.\/und Papst Benedikt XVI. usw. Da es aber viele unterschiedliche Meinungen \/ Aussagen gibt \u2013 auch &hellip; <a href=\"https:\/\/fjm-ritter.de\/Aktuell\/?p=1344\">Weiterlesen <span class=\"meta-nav\">&rarr;<\/span><\/a><\/p>\n","protected":false},"author":9,"featured_media":0,"comment_status":"open","ping_status":"closed","sticky":false,"template":"","format":"standard","meta":{"footnotes":""},"categories":[1],"tags":[],"class_list":["post-1344","post","type-post","status-publish","format-standard","hentry","category-allgemein"],"_links":{"self":[{"href":"https:\/\/fjm-ritter.de\/Aktuell\/index.php?rest_route=\/wp\/v2\/posts\/1344","targetHints":{"allow":["GET"]}}],"collection":[{"href":"https:\/\/fjm-ritter.de\/Aktuell\/index.php?rest_route=\/wp\/v2\/posts"}],"about":[{"href":"https:\/\/fjm-ritter.de\/Aktuell\/index.php?rest_route=\/wp\/v2\/types\/post"}],"author":[{"embeddable":true,"href":"https:\/\/fjm-ritter.de\/Aktuell\/index.php?rest_route=\/wp\/v2\/users\/9"}],"replies":[{"embeddable":true,"href":"https:\/\/fjm-ritter.de\/Aktuell\/index.php?rest_route=%2Fwp%2Fv2%2Fcomments&post=1344"}],"version-history":[{"count":4,"href":"https:\/\/fjm-ritter.de\/Aktuell\/index.php?rest_route=\/wp\/v2\/posts\/1344\/revisions"}],"predecessor-version":[{"id":1348,"href":"https:\/\/fjm-ritter.de\/Aktuell\/index.php?rest_route=\/wp\/v2\/posts\/1344\/revisions\/1348"}],"wp:attachment":[{"href":"https:\/\/fjm-ritter.de\/Aktuell\/index.php?rest_route=%2Fwp%2Fv2%2Fmedia&parent=1344"}],"wp:term":[{"taxonomy":"category","embeddable":true,"href":"https:\/\/fjm-ritter.de\/Aktuell\/index.php?rest_route=%2Fwp%2Fv2%2Fcategories&post=1344"},{"taxonomy":"post_tag","embeddable":true,"href":"https:\/\/fjm-ritter.de\/Aktuell\/index.php?rest_route=%2Fwp%2Fv2%2Ftags&post=1344"}],"curies":[{"name":"wp","href":"https:\/\/api.w.org\/{rel}","templated":true}]}}