{"id":1604,"date":"2014-01-04T15:19:24","date_gmt":"2014-01-04T15:19:24","guid":{"rendered":"http:\/\/fjm-ritter.de\/Aktuell\/?p=1604"},"modified":"2014-01-04T15:19:24","modified_gmt":"2014-01-04T15:19:24","slug":"wir-haben-seinen-stern-aufgehen-sehen","status":"publish","type":"post","link":"https:\/\/fjm-ritter.de\/Aktuell\/?p=1604","title":{"rendered":"Wir haben seinen Stern aufgehen sehen"},"content":{"rendered":"<p><a href=\"https:\/\/fjm-ritter.de\/Aktuell\/wp-content\/uploads\/2014\/01\/erscheinung-des-herrn.png\"><img loading=\"lazy\" decoding=\"async\" class=\"aligncenter size-large wp-image-1605\" alt=\"erscheinung-des-herrn\" src=\"https:\/\/fjm-ritter.de\/Aktuell\/wp-content\/uploads\/2014\/01\/erscheinung-des-herrn-1024x493.png\" width=\"584\" height=\"281\" srcset=\"https:\/\/fjm-ritter.de\/Aktuell\/wp-content\/uploads\/2014\/01\/erscheinung-des-herrn-1024x493.png 1024w, https:\/\/fjm-ritter.de\/Aktuell\/wp-content\/uploads\/2014\/01\/erscheinung-des-herrn-300x144.png 300w, https:\/\/fjm-ritter.de\/Aktuell\/wp-content\/uploads\/2014\/01\/erscheinung-des-herrn-500x240.png 500w, https:\/\/fjm-ritter.de\/Aktuell\/wp-content\/uploads\/2014\/01\/erscheinung-des-herrn.png 1179w\" sizes=\"auto, (max-width: 584px) 100vw, 584px\" \/><\/a>Erscheinung des Herrn \u2013 Festtag der Heiligen drei K\u00f6nige<\/p>\n<p><strong>Wir haben seinen Stern aufgehen sehen &#8230;<\/strong><\/p>\n<p>\u201eAls nun Jesus geboren war zu Betlehem im Stamme Juda in den Tagen des K\u00f6nigs Herodes, siehe, da kamen Weise aus dem Morgenlande nach Jerusalem, und sprachen: Wo ist der neugeborene K\u00f6nig der Juden? Denn wir haben seinen Stern im Morgenlande gesehen, und sind gekommen, ihn anzubeten. Als aber der K\u00f6nig Herodes dies h\u00f6rte, erschrack er, und ganz Jerusalem mit ihm. Und er versammelte alle Hohenpriester und die Schriftgelehrten des Volkes, und befragte sie, wo Christus geboren werden sollte. Jene aber sprachen zu ihm: Zu Bethlehem im Stamme Juda; denn so ist geschrieben durch den Propheten: Und du, Bethlehem im Lande Juda! bist keineswegs die geringste unter den F\u00fcrstenst\u00e4dten Juda\u00b4s; denn aus dir wird hervorgehen ein F\u00fchrer, der meinem Volke Israel ein Hirt sein wird. Da berief Herodes die Weisen insgeheim, und erfuhr von ihnen genau die Zeit des Sternes, der ihnen erschienen war. Und er wies sie nach Bethlehem und sprach: Gehet hin, und erkundiget euch sorgf\u00e4ltig nach dem Kinde; und wenn ihr es gefunden habt, so verk\u00fcndet es mir, damit auch ich komme und es anbete. Nachdem sie nun den K\u00f6nig geh\u00f6rt hatten, zogen sie von dannen. Und siehe, der Stern, den sie im Morgenlande gesehen hatten, ging vor ihnen voraus, bis er ankam, und still stand \u00fcber dem Orte, wo das Kind war. Da sie aber den Stern sahen, hatten sie eine \u00fcberaus gro\u00dfe Freude. Und in das Haus eintretend, fanden sie das Kind mit Maria, seiner Mutter, und fielen nieder, und beteten es an. Und sie \u00f6ffneten ihre Sch\u00e4tze, und brachten ihm Geschenke dar: Gold, Weihrauch und Myrrhen. Und nachdem sie im Traumgesicht die Weisung erhalten, nicht mehr zu Herodes zur\u00fcckzukehren, zogen sie auf einem anderen Wege in ihr Land zur\u00fcck. (<a href=\"http:\/\/vulgata.info\/index.php\/Kategorie:BIBLIA_SACRA:NT:Mt02\">vgl. Matth.2,1-12<\/a>)\u201c<!--more--><\/p>\n<p>Viele Kinder freuen sich jedes Jahr, wenn sie im Auftrag = statt der drei Heiligen K\u00f6nige, die Menschen in der Nachbarschaft \u2013 in der Gemeinde besuchen d\u00fcrfen, um den Segen \u201e<strong>20 * C + M + B + 14<\/strong>\u201c [mit gesegneter Kreide, an den Haust\u00fcren\/W\u00e4nden] schenken d\u00fcrfen.<br \/>\nGleichzeitig wird <a href=\"http:\/\/www.sternsinger.org\/sternsingen\/sternsingen-2014.html\">gesammelt f\u00fcr einen guten Zweck<\/a>, zum Beispiel: f\u00fcr Kinder, denen es nicht so gut geht wie uns hier.<\/p>\n<p>Doch wissen wir eigentlich der <a href=\"http:\/\/ecclesiaeveritas.net\/index.php\/Erscheinung_des_Herrn\">Bedeutung des Festes<\/a>?<\/p>\n<p>Da ziehen als erstes die Hirten zu Weihnacht an die Krippe&#8230; also die Kleinen, Schwachen, die Ausgegrenzten &#8230; und an <a href=\"http:\/\/ecclesiaeveritas.net\/index.php\/6._Januar\">diesem Tag<\/a> kommen die Fremden, die aus der Ferne! Sie bringen alles mit was sie haben, sich selbst!<br \/>\nDaf\u00fcr haben sie sich auf den Weg gemacht \u2013 einiges auf sich genommen [<i>man bedenke: es gab weder Fahrrad, oder Auto \u2013 noch Bahn, Flugzeug &#8230; nichts, nur auf F\u00fc\u00dfen und Reittier<\/i>]! Weil sie die frohe Botschaft im Inneren vernommen, und dann dem Stern gefolgt sind, den Gott ihnen als Hilfe = Wegweiser sandte.<\/p>\n<p>Also, die Kleinen und die ein offenes Auge \u2013 Ohr bzw. Herz hatten; das sind die die IHN aufsuchten. Die sich beugten, das Knie beugten vor dem Kind in der Krippe! Was Heute kaum noch denkbar ist, bei so vielen.<\/p>\n<p>In unserem aufgekl\u00e4rten Glauben, wo auch wirklich ALLES verdreht \u2013 widersprochen und ver\u00e4ndert wird. Die heutigen \u201eGro\u00dfen (Stolzen)\u201c, die heutigen \u201eWeisen (Besserwisser)\u201c k\u00f6nnen das kaum noch annehmen \u2013 und schon gar nicht mehr verk\u00fcnden \u2013 und was noch schlimmer ist, obwohl dazu berufen, nicht mehr lehren!<\/p>\n<p>Bei ihnen gilt das nicht mehr &#8230; wie der K\u00f6nig Herodes (<i>auch in ihnen<\/i>), der aus Angst unschuldige Kinder hat t\u00f6ten l\u00e4sst, nur um Seine Macht zu demonstrieren (<i>wie auch heute in Schulen, den Universit\u00e4ten \u2013 und das dann auch am Ambo so vortragen usw.<\/i>)<\/p>\n<p>Und sie tun so, als w\u00e4ren sie dabei gewesen \u2013 als h\u00e4tten sie Beweise f\u00fcr ihre Darstellungen \/ Verzerrungen. Aber, liebe Leser\/innen, sie haben nichts. Ganz nichts haben sie als Beweis! Genau genommen sagen die Wissenschaftler \u2013 die Forscher: \u201e<strong><i>Wir wissen nicht mal ein Bruchst\u00fcck<\/i><\/strong><i> von dem Ganzen!<\/i>\u201c<br \/>\nErgo, kann alles anders sein, als sie uns heute (<i>auch in der Schule, an den Universit\u00e4ten<\/i>) lehren. In den\u00a0 Jahrtausenden hat sich das entwickelt, dem schon vor Urzeiten widersprochen wurde. Doch am Ende hat sich diese EINE Wahrheit durchgesetzt: GOTT ist Mensch geworden, f\u00fcr uns und alle die Guten Willens sind.<\/p>\n<p>Mich k\u00f6nnen sie nicht verwirren, weil ER selbst mir diese Unterweisung gab, mich aus meinen Irrt\u00fcmern und Verwirrungen und Verzerrungen befreit hat. Und darum wage ich zu sagen:<br \/>\n\u201eSolange man keine pers\u00f6nliche &#8211; inneren Beziehung\/en \u2013 Erfahrung\/en mit Jesus Christus hat, solange werden sie alles tun, um auch anderen den wahren Glauben auszureden. Solange werden sie vermischen und ihren eigenen Jesus zusammenbauen und den falschen Jesus ans Volk bringen!\u201c<br \/>\nDarum rate ich: haltet Euch an das was unsere V\u00e4ter \/ M\u00fctter des Glaubens \u2013 und somit die Mutter Kirche gelehrt hat. Das ist der einzig wahre Weg.<\/p>\n<p>M\u00f6gen alle, wie die drei Weisen \/ K\u00f6nige aus dem fremden Land, sich auf den Weg machen und nach dem wahren Jesus Christus suchen und IHN dabei finden.<br \/>\nWie das geht habe ich oben geschrieben &#8230; Allen einen gesegneten Feiertag +++<\/p>\n<p>&nbsp;<\/p>\n<p><a href=\"http:\/\/www.youtube.com\/watch?v=J-vfCUaGVwQ\" target=\"_blank\">http:\/\/www.youtube.com\/watch?v=J-vfCUaGVwQ<\/a><\/p>\n","protected":false},"excerpt":{"rendered":"<p>Erscheinung des Herrn \u2013 Festtag der Heiligen drei K\u00f6nige Wir haben seinen Stern aufgehen sehen &#8230; \u201eAls nun Jesus geboren war zu Betlehem im Stamme Juda in den Tagen des K\u00f6nigs Herodes, siehe, da kamen Weise aus dem Morgenlande nach &hellip; <a href=\"https:\/\/fjm-ritter.de\/Aktuell\/?p=1604\">Weiterlesen <span class=\"meta-nav\">&rarr;<\/span><\/a><\/p>\n","protected":false},"author":9,"featured_media":0,"comment_status":"open","ping_status":"closed","sticky":false,"template":"","format":"standard","meta":{"footnotes":""},"categories":[1],"tags":[],"class_list":["post-1604","post","type-post","status-publish","format-standard","hentry","category-allgemein"],"_links":{"self":[{"href":"https:\/\/fjm-ritter.de\/Aktuell\/index.php?rest_route=\/wp\/v2\/posts\/1604","targetHints":{"allow":["GET"]}}],"collection":[{"href":"https:\/\/fjm-ritter.de\/Aktuell\/index.php?rest_route=\/wp\/v2\/posts"}],"about":[{"href":"https:\/\/fjm-ritter.de\/Aktuell\/index.php?rest_route=\/wp\/v2\/types\/post"}],"author":[{"embeddable":true,"href":"https:\/\/fjm-ritter.de\/Aktuell\/index.php?rest_route=\/wp\/v2\/users\/9"}],"replies":[{"embeddable":true,"href":"https:\/\/fjm-ritter.de\/Aktuell\/index.php?rest_route=%2Fwp%2Fv2%2Fcomments&post=1604"}],"version-history":[{"count":2,"href":"https:\/\/fjm-ritter.de\/Aktuell\/index.php?rest_route=\/wp\/v2\/posts\/1604\/revisions"}],"predecessor-version":[{"id":1607,"href":"https:\/\/fjm-ritter.de\/Aktuell\/index.php?rest_route=\/wp\/v2\/posts\/1604\/revisions\/1607"}],"wp:attachment":[{"href":"https:\/\/fjm-ritter.de\/Aktuell\/index.php?rest_route=%2Fwp%2Fv2%2Fmedia&parent=1604"}],"wp:term":[{"taxonomy":"category","embeddable":true,"href":"https:\/\/fjm-ritter.de\/Aktuell\/index.php?rest_route=%2Fwp%2Fv2%2Fcategories&post=1604"},{"taxonomy":"post_tag","embeddable":true,"href":"https:\/\/fjm-ritter.de\/Aktuell\/index.php?rest_route=%2Fwp%2Fv2%2Ftags&post=1604"}],"curies":[{"name":"wp","href":"https:\/\/api.w.org\/{rel}","templated":true}]}}