{"id":1614,"date":"2014-01-11T15:34:51","date_gmt":"2014-01-11T15:34:51","guid":{"rendered":"http:\/\/fjm-ritter.de\/Aktuell\/?p=1614"},"modified":"2014-01-11T15:34:51","modified_gmt":"2014-01-11T15:34:51","slug":"taufe-des-herrn","status":"publish","type":"post","link":"https:\/\/fjm-ritter.de\/Aktuell\/?p=1614","title":{"rendered":"Taufe des Herrn"},"content":{"rendered":"<p><a href=\"https:\/\/fjm-ritter.de\/Aktuell\/wp-content\/uploads\/2014\/01\/Johannes-Taufe01b.png\"><img loading=\"lazy\" decoding=\"async\" class=\"aligncenter size-large wp-image-1615\" alt=\"Johannes-Taufe01b\" src=\"https:\/\/fjm-ritter.de\/Aktuell\/wp-content\/uploads\/2014\/01\/Johannes-Taufe01b-1024x682.png\" width=\"584\" height=\"388\" srcset=\"https:\/\/fjm-ritter.de\/Aktuell\/wp-content\/uploads\/2014\/01\/Johannes-Taufe01b-1024x682.png 1024w, https:\/\/fjm-ritter.de\/Aktuell\/wp-content\/uploads\/2014\/01\/Johannes-Taufe01b-300x200.png 300w, https:\/\/fjm-ritter.de\/Aktuell\/wp-content\/uploads\/2014\/01\/Johannes-Taufe01b-450x300.png 450w, https:\/\/fjm-ritter.de\/Aktuell\/wp-content\/uploads\/2014\/01\/Johannes-Taufe01b.png 1350w\" sizes=\"auto, (max-width: 584px) 100vw, 584px\" \/><\/a>Taufe des Herrn<\/p>\n<p><strong>Als Jesus getauft war&#8230;<\/strong><\/p>\n<p>\u201eDamals kam Jesus aus Galil\u00e4a an den Jordan zu Johannes, um von ihm getauft zu werden. Johannes aber wehrte es ihm und sprach: Ich habe n\u00f6tig, von dir getauft zu werden, und du kommst zu mir? Jesus aber antwortete und sprach zu ihm: Lasse es jetzt geschehen; denn also geziemt es sich uns, jegliche Gerechtigkeit zu erf\u00fcllen. Dann lie\u00df er ihn hinzu. Als aber Jesus getauft war, stieg er sogleich aus dem Wasser heraus; und siehe, es \u00f6ffneten sich ihm die Himmel, und er sah den Geist Gottes herabkommen \u00fcber ihn und wie eine Taube herabsteigen. Und siehe, eine Stimme vom Himmel sprach: Dieser ist mein Sohn, der geliebte, an welchem ich Wohlgefallen habe!\u00a0 (<a href=\"http:\/\/vulgata.info\/index.php\/Kategorie:BIBLIA_SACRA:NT:Mt03\">vgl. Matth.3,13-17<\/a>)\u201c<!--more--><\/p>\n<p>Der gr\u00f6\u00dfte Festtag im Himmel, f\u00fcr uns Menschenkinder auf Erden: die Taufe! \u2013 Dann, wenn Du Dein <strong>JA<\/strong> gibst f\u00fcr GOTT.<\/p>\n<p>Ok, einige wissen von ihrer Taufe (<i>als Baby, Kleinkind<\/i>) nichts (<i>mehr<\/i>), aber der Himmel wei\u00df es. Und weil es ja Menschen gibt, die sagen, dass diese Taufe gar nicht g\u00fcltig ist und man als Erwachsener sich taufen lassen muss, der sollte sich mal ein bissel damit besch\u00e4ftigen, was die Tradition und die Lehre Jesu Christi tats\u00e4chlich sagt.<br \/>\nDazu gerne eine kleine Hilfe zum Nachlesen, denn die Taufe ist eine Weihe, ein Sakrament (<i>das auch nach dem zweiten vatikanischen Konzil den Protestanten zugestanden wird<\/i>): <a href=\"http:\/\/br-thomas-apostolat.de\/sakramente\/sakramente.htm#Taufe\">KKK \u2013 inkl. kleine Erkl\u00e4rung<\/a>.<\/p>\n<p>Wenn dann die Kinder (<i>ordnungsgem\u00e4\u00df<\/i>) auf die Feier der \u201e1. Heilige Kommunion\u201c vorbereitet werden (<i>mit allem was dazugeh\u00f6rt!<\/i>) \u2013 sp\u00e4ter die Jugendlichen (<i>ordnungsgem\u00e4\u00df<\/i>) auf die Feier der Firmung (<i>mit allem was dazugeh\u00f6rt<\/i>) \u2013 wenn ihnen die Chance gegeben wird, Jesus Christus wirklich kennen zu lernen, dann bekr\u00e4ftigen diese Kinder \/ der Jugendlichen ihre Taufe \u2013 ihr <strong>JA<\/strong> zur Taufe \/ zum christlichen Glauben.<br \/>\nNat\u00fcrlich muss man dann entsprechend gebildet werden; wie man auch in der Schule oder im Beruf gebildet werden muss, will man sp\u00e4ter was werden &#8230; meistens hei\u00dft es ja: <strong><i>von nix kommt auch nix<\/i><\/strong><\/p>\n<p><strong><span style=\"text-decoration: underline;\">Aber es gibt Ausnahmen<\/span><\/strong>: Jesus besucht ein Heidenkind im Bohnenfeld. Lehrt diesem das \u201e<strong>Vater unser<\/strong> &#8230;\u201c und den \u201e<strong>Rosenkranz<\/strong>\u201c beten. Sp\u00e4ter erscheint Jesus zum Beispiel Muslime im Traum. Nicht nur einem, nicht nur zwei &#8230; nein, in einem Fall 500 in einer Nacht. Oder ein Hindu beginnt Fragen zu stellen, welche seine Lehrer nicht beantworten k\u00f6nnen. Dieser selbst aber die Antwort im Herzen hat und findet genau das in der Heiligen Schrift, im Lehramt der r\u00f6misch katholischen Kirche.<br \/>\nDa kommen einige solche Geschichten heraus [<a href=\"http:\/\/de.scribd.com\/doc\/114464431\/Licht-im-Nebel\"><i>wie ja selbst erlebt<\/i><\/a>], wie die des Saulus (<a href=\"http:\/\/vulgata.info\/index.php\/Kategorie:BIBLIA_SACRA:NT:Apg09\"><i>vgl. Apg. 9<\/i><\/a>)<\/p>\n<p>Ja, wenn jemand diese und \u00e4hnliche Erfahrungen nicht gemacht hat, ist empf\u00e4nglich f\u00fcr falsche und irrende Lehren, bestimmter Gruppen, die sich christlich nennen, es aber nicht sind. Die eine Religion vertreten oder einen Gott verk\u00fcnden, den ich nicht widerfinde, wie ER sich mir geoffenbart hat.<br \/>\nDas gilt nicht nur f\u00fcr die Gl\u00e4ubigen (gleich welcher Religion \/ Konfession), sondern auch f\u00fcr Lehrer bzw. die, die sich als Prediger, Pastor etc. ausgeben, weil sie meinen mit einem Bibelkurs schon alles zu wissen.<br \/>\nSie kommen mit [Totschlag-]Argumenten, bei denen man schon schwach werden kann. Wer will sich schon gegen Gott richten; gegen Jesus sein &#8230; und wenn ich dies und jenes nicht kann [Zungenreden etc.], ja da bin ich doch kein Kind Gottes. Das sagen uns s.g. Freikirchler! Ein deutliches Zeichen, dass sie das Wort Gottes nicht wirklich kennen \u2013 selbst wenn sie die Bibel auswendig gelernt haben.<\/p>\n<p>\u00dcbrigens, wer seinen Glauben wirklich vertiefen m\u00f6chte, sollte (<a href=\"http:\/\/vulgata.info\/index.php\/Kategorie:Vulgata\"><i>neben der katholischen Bibel<\/i><\/a><i>; <\/i><a href=\"http:\/\/ecclesiaeveritas.net\/index.php\/Katechismus\"><i>Katechismus<\/i><\/a>)sich mit den V\u00e4tern \/ M\u00fcttern des Glaubens besch\u00e4ftigen. [Eine Buchliste kann gerne angefordert werden. Ich nenne hier nur wenige Beispiele: Sr. Faustina Kowalska; Mutter Teresa von Kalkutta; Theresia von Lisieux; Maximilian Maria Kolbe; Johannes vom Kreuz; Thomas von Kempen; Ludwig Maria Grignion von Montfort usw.] Auch die p\u00e4pstlichen Schreiben, insbesondere der letzten <a href=\"http:\/\/ecclesiaeveritas.net\/index.php\/Kategorie:Papst\">P\u00e4pste<\/a> sollte man lesen, bevor man irgendwelche Pseudobotschaften, Irrlehrer und dergleichen nachplappert!<\/p>\n<p>&nbsp;<\/p>\n<p><iframe loading=\"lazy\" title=\"Fest Soll Mein Taufbund Immer Stehn\" width=\"584\" height=\"438\" src=\"https:\/\/www.youtube.com\/embed\/PqqpneSMR_s?feature=oembed\" frameborder=\"0\" allow=\"accelerometer; autoplay; clipboard-write; encrypted-media; gyroscope; picture-in-picture; web-share\" referrerpolicy=\"strict-origin-when-cross-origin\" allowfullscreen><\/iframe><\/p>\n","protected":false},"excerpt":{"rendered":"<p>Taufe des Herrn Als Jesus getauft war&#8230; \u201eDamals kam Jesus aus Galil\u00e4a an den Jordan zu Johannes, um von ihm getauft zu werden. Johannes aber wehrte es ihm und sprach: Ich habe n\u00f6tig, von dir getauft zu werden, und du &hellip; <a href=\"https:\/\/fjm-ritter.de\/Aktuell\/?p=1614\">Weiterlesen <span class=\"meta-nav\">&rarr;<\/span><\/a><\/p>\n","protected":false},"author":9,"featured_media":0,"comment_status":"open","ping_status":"closed","sticky":false,"template":"","format":"standard","meta":{"footnotes":""},"categories":[1],"tags":[],"class_list":["post-1614","post","type-post","status-publish","format-standard","hentry","category-allgemein"],"_links":{"self":[{"href":"https:\/\/fjm-ritter.de\/Aktuell\/index.php?rest_route=\/wp\/v2\/posts\/1614","targetHints":{"allow":["GET"]}}],"collection":[{"href":"https:\/\/fjm-ritter.de\/Aktuell\/index.php?rest_route=\/wp\/v2\/posts"}],"about":[{"href":"https:\/\/fjm-ritter.de\/Aktuell\/index.php?rest_route=\/wp\/v2\/types\/post"}],"author":[{"embeddable":true,"href":"https:\/\/fjm-ritter.de\/Aktuell\/index.php?rest_route=\/wp\/v2\/users\/9"}],"replies":[{"embeddable":true,"href":"https:\/\/fjm-ritter.de\/Aktuell\/index.php?rest_route=%2Fwp%2Fv2%2Fcomments&post=1614"}],"version-history":[{"count":1,"href":"https:\/\/fjm-ritter.de\/Aktuell\/index.php?rest_route=\/wp\/v2\/posts\/1614\/revisions"}],"predecessor-version":[{"id":1616,"href":"https:\/\/fjm-ritter.de\/Aktuell\/index.php?rest_route=\/wp\/v2\/posts\/1614\/revisions\/1616"}],"wp:attachment":[{"href":"https:\/\/fjm-ritter.de\/Aktuell\/index.php?rest_route=%2Fwp%2Fv2%2Fmedia&parent=1614"}],"wp:term":[{"taxonomy":"category","embeddable":true,"href":"https:\/\/fjm-ritter.de\/Aktuell\/index.php?rest_route=%2Fwp%2Fv2%2Fcategories&post=1614"},{"taxonomy":"post_tag","embeddable":true,"href":"https:\/\/fjm-ritter.de\/Aktuell\/index.php?rest_route=%2Fwp%2Fv2%2Ftags&post=1614"}],"curies":[{"name":"wp","href":"https:\/\/api.w.org\/{rel}","templated":true}]}}