{"id":1699,"date":"2014-04-12T18:55:17","date_gmt":"2014-04-12T18:55:17","guid":{"rendered":"http:\/\/fjm-ritter.de\/Aktuell\/?p=1699"},"modified":"2014-04-12T18:55:17","modified_gmt":"2014-04-12T18:55:17","slug":"zur-6-fasten-karwoche","status":"publish","type":"post","link":"https:\/\/fjm-ritter.de\/Aktuell\/?p=1699","title":{"rendered":"zur 6. Fasten- \/ Karwoche"},"content":{"rendered":"<h1><a href=\"https:\/\/fjm-ritter.de\/Aktuell\/wp-content\/uploads\/2014\/04\/Fastenwoche-6-Fazit.jpg\"><img loading=\"lazy\" decoding=\"async\" class=\"aligncenter size-full wp-image-1700\" alt=\"Fastenwoche 6 - Fazit\" src=\"https:\/\/fjm-ritter.de\/Aktuell\/wp-content\/uploads\/2014\/04\/Fastenwoche-6-Fazit.jpg\" width=\"1338\" height=\"1024\" srcset=\"https:\/\/fjm-ritter.de\/Aktuell\/wp-content\/uploads\/2014\/04\/Fastenwoche-6-Fazit.jpg 1338w, https:\/\/fjm-ritter.de\/Aktuell\/wp-content\/uploads\/2014\/04\/Fastenwoche-6-Fazit-300x229.jpg 300w, https:\/\/fjm-ritter.de\/Aktuell\/wp-content\/uploads\/2014\/04\/Fastenwoche-6-Fazit-1024x783.jpg 1024w, https:\/\/fjm-ritter.de\/Aktuell\/wp-content\/uploads\/2014\/04\/Fastenwoche-6-Fazit-391x300.jpg 391w\" sizes=\"auto, (max-width: 1338px) 100vw, 1338px\" \/><\/a><b>Passion<br \/>\n<\/b><b>Das Leiden unseres Herrn Jesus Christus<\/b><\/h1>\n<p>[I<span style=\"color: #ff0000;\">ch setze einen Link f\u00fcr dieses Evangelium, weil es doch ein bissel l\u00e4nger ist<\/span>] (<em>Math.<a href=\"http:\/\/vulgata.info\/index.php\/Kategorie:Vulgata:NT:Mt26\">26,14<\/a> &#8211; <a href=\"http:\/\/vulgata.info\/index.php\/Kategorie:Vulgata:NT:Mt27\">27,66<\/a><\/em>) <span style=\"color: #ff0000;\">&#8230; und was ich gerne dazu sagen t\u00e4te, w\u00e4re ein Fazit zu den letzten Fastensonntagen<\/span>\u00a0<!--more--><\/p>\n<p><strong>Haben wir verstanden, worum es geht?<\/strong><\/p>\n<p>Haben wir begriffen, was uns diese Fastensonntage [<i>Jesus am Jakobsbrunnen; die Blindenheilung und die Auferweckung des verstorbenen Lazarus<\/i>] f\u00fcr uns als Christen bedeutet?<\/p>\n<p>Gerade diese drei Evangelien waren von Anbeginn Vorbereitung f\u00fcr die Katechumenen &#8230;, also die Taufbewerber, die sich drei Jahre lang auf die Taufe vorbereitet haben, eine wichtige Vorbereitung \u2013 den \u00dcbergang vom Alten ins Neue Testament \u2013 dass GOTT hilft und unsere Wunden heilt \u2013 dass ER [<i>Jesus Christus<\/i>] ganz und gar Mensch UND Gott ist. Der Seine Liebe uns zeigt im Handeln, Leiden und Sterben! Der von uns nichts anderes erbittet, als es IHM gleich zu tun.<\/p>\n<p>Das zeigt er nochmals deutlich in dieser letzten Fasten- = Karwoche. Er schl\u00e4gt nichts ab; nimmt alles hin wie ein Lamm; urteilt \/ richtet nicht, obwohl man ihn verurteilt hat, den Schuldlosen \u2013 gerichtet hat, ja hingerichtet hat am Holz des Kreuzes.<\/p>\n<p>Sterbend am Kreuz bittet er noch f\u00fcr diese Menschheit: \u201e<strong>Vater, vergib ihnen, denn sie wissen nicht was sie tun!<\/strong>\u201c<\/p>\n<p><strong>Was ist davon geblieben?<\/strong><\/p>\n<p>Wie aufgezeigt: urteilt man heute noch ab, die Schuldlosen; richtet noch heute, die unschuldig sind; man lehnt den Gehorsam ab und die bem\u00fcht sind ihn zu leben. Man verdreht in allem die Ordnung, und \u00f6ffnet allen Widerw\u00e4rtigkeiten Tor und T\u00fcr.<\/p>\n<p>Nicht der Fremde, der Unwissende, das k\u00f6nnte man verstehen! Es sind noch heute die, die sich Christen nennen und auch die, welche Verantwortung f\u00fcr die ihnen anvertraute Herde tragen.<\/p>\n<p>Sie treiben ihnen die Wahrheit aus; verimpfen die Menschen mit allen okkulten Dingen und esoterischen Br\u00e4uchen; man t\u00f6tet uns heute den Geist, die Charismen &#8230; und sie sagen, dass wir Verlorene sind, weil wir nicht so sind wie sie.<\/p>\n<p>Sie verspotten \u2013 verlachen, ja ganz so wie sie es mit Jesus Christus machten \u2013 so tun sie es noch heut an IHM, und zwar durch uns &#8230; Seinen Kindern \/ Erw\u00e4hlten. Und ER sagt: Nimm\u2018s hin! Nimm es hin!!!<\/p>\n<p>Denn nach all dem Leid folgt \u2013 wie bei Jesus Christus geschehen \u2013 die Auferstehung. Ja, wer mit IHM ist, wird wie ER am Ende auferstehen.<\/p>\n<p>[<span style=\"color: #ff0000;\">Was f\u00e4llt mir dazu, vor Ostern ein? Ach ja, die Seligpreisung und Weherufe<\/span>, vgl. <em><a href=\"http:\/\/vulgata.info\/index.php\/Kategorie:Vulgata:NT:Lk06\" target=\"_blank\">Luk.6,20-26<\/a><\/em>]<\/p>\n","protected":false},"excerpt":{"rendered":"<p>Passion Das Leiden unseres Herrn Jesus Christus [Ich setze einen Link f\u00fcr dieses Evangelium, weil es doch ein bissel l\u00e4nger ist] (Math.26,14 &#8211; 27,66) &#8230; und was ich gerne dazu sagen t\u00e4te, w\u00e4re ein Fazit zu den letzten Fastensonntagen\u00a0<\/p>\n","protected":false},"author":9,"featured_media":0,"comment_status":"open","ping_status":"closed","sticky":false,"template":"","format":"standard","meta":{"footnotes":""},"categories":[1],"tags":[],"class_list":["post-1699","post","type-post","status-publish","format-standard","hentry","category-allgemein"],"_links":{"self":[{"href":"https:\/\/fjm-ritter.de\/Aktuell\/index.php?rest_route=\/wp\/v2\/posts\/1699","targetHints":{"allow":["GET"]}}],"collection":[{"href":"https:\/\/fjm-ritter.de\/Aktuell\/index.php?rest_route=\/wp\/v2\/posts"}],"about":[{"href":"https:\/\/fjm-ritter.de\/Aktuell\/index.php?rest_route=\/wp\/v2\/types\/post"}],"author":[{"embeddable":true,"href":"https:\/\/fjm-ritter.de\/Aktuell\/index.php?rest_route=\/wp\/v2\/users\/9"}],"replies":[{"embeddable":true,"href":"https:\/\/fjm-ritter.de\/Aktuell\/index.php?rest_route=%2Fwp%2Fv2%2Fcomments&post=1699"}],"version-history":[{"count":1,"href":"https:\/\/fjm-ritter.de\/Aktuell\/index.php?rest_route=\/wp\/v2\/posts\/1699\/revisions"}],"predecessor-version":[{"id":1701,"href":"https:\/\/fjm-ritter.de\/Aktuell\/index.php?rest_route=\/wp\/v2\/posts\/1699\/revisions\/1701"}],"wp:attachment":[{"href":"https:\/\/fjm-ritter.de\/Aktuell\/index.php?rest_route=%2Fwp%2Fv2%2Fmedia&parent=1699"}],"wp:term":[{"taxonomy":"category","embeddable":true,"href":"https:\/\/fjm-ritter.de\/Aktuell\/index.php?rest_route=%2Fwp%2Fv2%2Fcategories&post=1699"},{"taxonomy":"post_tag","embeddable":true,"href":"https:\/\/fjm-ritter.de\/Aktuell\/index.php?rest_route=%2Fwp%2Fv2%2Ftags&post=1699"}],"curies":[{"name":"wp","href":"https:\/\/api.w.org\/{rel}","templated":true}]}}