{"id":1711,"date":"2014-04-19T11:33:40","date_gmt":"2014-04-19T11:33:40","guid":{"rendered":"http:\/\/fjm-ritter.de\/Aktuell\/?p=1711"},"modified":"2014-04-19T11:34:12","modified_gmt":"2014-04-19T11:34:12","slug":"auferstehung-jesu","status":"publish","type":"post","link":"https:\/\/fjm-ritter.de\/Aktuell\/?p=1711","title":{"rendered":"Auferstehung Jesu"},"content":{"rendered":"<p style=\"text-align: center;\"><strong><a href=\"https:\/\/fjm-ritter.de\/Aktuell\/wp-content\/uploads\/2014\/04\/Auferstehung01c.jpg\"><img loading=\"lazy\" decoding=\"async\" class=\"aligncenter size-full wp-image-1712\" src=\"https:\/\/fjm-ritter.de\/Aktuell\/wp-content\/uploads\/2014\/04\/Auferstehung01c.jpg\" alt=\"Auferstehung01c\" width=\"990\" height=\"825\" srcset=\"https:\/\/fjm-ritter.de\/Aktuell\/wp-content\/uploads\/2014\/04\/Auferstehung01c.jpg 990w, https:\/\/fjm-ritter.de\/Aktuell\/wp-content\/uploads\/2014\/04\/Auferstehung01c-300x250.jpg 300w, https:\/\/fjm-ritter.de\/Aktuell\/wp-content\/uploads\/2014\/04\/Auferstehung01c-360x300.jpg 360w\" sizes=\"auto, (max-width: 990px) 100vw, 990px\" \/><\/a>Gnadenreiches und gesegnetes Osterfest!!!<br \/>\nw\u00fcnscht das FJM-Team<\/strong><\/p>\n<p style=\"text-align: center;\"><strong>Auferstehung Jesu<\/strong><\/p>\n<p>Als der Sabbat vor\u00fcber war und der Morgen des ersten Wochentages anbrach, kamen Maria Magdalena und die andere Maria, um nach dem Grab zu sehen. Und siehe, es entstand ein gro\u00dfes Erdbeben; denn ein Engel des Herrn stieg vom Himmel herab, trat hinzu, w\u00e4lzte den Stein weg und setzte sich darauf.\u00a0Sein Aussehen war wie ein Blitz, und sein Gewand war wei\u00df wie Schnee. Aus Furcht vor ihm erbebten die W\u00e4chter und waren wie tot. Der Engel aber wandte sich zu den Frauen und sprach:\u00a0\u00bbF\u00fcrchtet euch nicht! Ich wei\u00df, ihr sucht Jesus, den Gekreuzigten. Er ist nicht hier; denn er ist auferweckt worden, wie er gesagt hat; kommt und seht den Platz, wo er lag! Geht eilends hin und sagt seinen J\u00fcngern, da\u00df er auferweckt ist von den Toten! Seht, er geht euch voraus nach Galil\u00e4a; dort werdet ihr ihn sehen. Seht, ich habe es euch gesagt.\u00ab<br \/>\nDa gingen sie eilends, in Furcht und gro\u00dfer Freude, vom Grabe weg und liefen, um seinen J\u00fcngern die Kunde zu bringen. Und siehe, Jesus kam ihnen entgegen und sprach:\u00a0\u00bbSeid gegr\u00fc\u00dft!\u00ab\u00a0Sie traten hinzu, umfa\u00dften seine F\u00fc\u00dfe und beteten ihn an. Da sprach Jesus zu ihnen:\u00a0\u00bbF\u00fcrchtet euch nicht! Geht hin und bringt meinen Br\u00fcdern die Botschaft, sie sollen nach Galil\u00e4a gehen; dort werden sie mich sehen.\u00ab\u00a0(<a href=\"http:\/\/vulgata.info\/index.php\/Kategorie:Vulgata:NT:Mt28\"><em>Math. 28,1-10<\/em><\/a>)<!--more--><\/p>\n<p>Die Feinde des christlichen Glaubens meinten mit der Kreuzigung alles beendet zu haben. Nur wer die Schriften kannte, wusste dass da noch was zu erwarten sein. Doch das wollten sie verhindern. Darum haben sie das Grab Jesu bewacht. Doch als sich die Wirklichkeit erf\u00fcllte, brachen sie zusammen.<br \/>\nJetzt ging es darum die Welle zu verhindern, n\u00e4mlich dass sich das unm\u00f6gliche verwirklicht hat: CHRISTUS ist auferstanden.<\/p>\n<p>Bis heute wird diese Tatsache geleugnet; auch sinnentstellt weitergegeben, auch in verschiedenen Kirchen. Doch uns einem kann diese Wahrheit nicht (<em>mehr<\/em>) ausgeredet werden, denn ER hat es uns offenbart: Ja, es ist die einzige Wahrheit: Jesus Christus lebt, Er stirbt nicht mehr. Und wer das glaubt und bezeugt, wird leben in Ewigkeit; auch wenn er stirbt. Amen. Halleluja!!!<\/p>\n<p>Gottes reichen Segen +++<\/p>\n<p><a href=\"http:\/\/ecclesiae.de\"><strong>Tages<\/strong><\/a>-\/Heiligenkalender: <a href=\"http:\/\/ecclesiaeveritas.net\">normale Form<\/a> des r\u00f6m. Ritus; <a href=\"http:\/\/vulgata.info\">au\u00dferordentliche Form<\/a> des r\u00f6m. Ritus.<\/p>\n","protected":false},"excerpt":{"rendered":"<p>Gnadenreiches und gesegnetes Osterfest!!! w\u00fcnscht das FJM-Team Auferstehung Jesu Als der Sabbat vor\u00fcber war und der Morgen des ersten Wochentages anbrach, kamen Maria Magdalena und die andere Maria, um nach dem Grab zu sehen. Und siehe, es entstand ein gro\u00dfes &hellip; <a href=\"https:\/\/fjm-ritter.de\/Aktuell\/?p=1711\">Weiterlesen <span class=\"meta-nav\">&rarr;<\/span><\/a><\/p>\n","protected":false},"author":9,"featured_media":0,"comment_status":"open","ping_status":"closed","sticky":false,"template":"","format":"standard","meta":{"footnotes":""},"categories":[1],"tags":[],"class_list":["post-1711","post","type-post","status-publish","format-standard","hentry","category-allgemein"],"_links":{"self":[{"href":"https:\/\/fjm-ritter.de\/Aktuell\/index.php?rest_route=\/wp\/v2\/posts\/1711","targetHints":{"allow":["GET"]}}],"collection":[{"href":"https:\/\/fjm-ritter.de\/Aktuell\/index.php?rest_route=\/wp\/v2\/posts"}],"about":[{"href":"https:\/\/fjm-ritter.de\/Aktuell\/index.php?rest_route=\/wp\/v2\/types\/post"}],"author":[{"embeddable":true,"href":"https:\/\/fjm-ritter.de\/Aktuell\/index.php?rest_route=\/wp\/v2\/users\/9"}],"replies":[{"embeddable":true,"href":"https:\/\/fjm-ritter.de\/Aktuell\/index.php?rest_route=%2Fwp%2Fv2%2Fcomments&post=1711"}],"version-history":[{"count":2,"href":"https:\/\/fjm-ritter.de\/Aktuell\/index.php?rest_route=\/wp\/v2\/posts\/1711\/revisions"}],"predecessor-version":[{"id":1714,"href":"https:\/\/fjm-ritter.de\/Aktuell\/index.php?rest_route=\/wp\/v2\/posts\/1711\/revisions\/1714"}],"wp:attachment":[{"href":"https:\/\/fjm-ritter.de\/Aktuell\/index.php?rest_route=%2Fwp%2Fv2%2Fmedia&parent=1711"}],"wp:term":[{"taxonomy":"category","embeddable":true,"href":"https:\/\/fjm-ritter.de\/Aktuell\/index.php?rest_route=%2Fwp%2Fv2%2Fcategories&post=1711"},{"taxonomy":"post_tag","embeddable":true,"href":"https:\/\/fjm-ritter.de\/Aktuell\/index.php?rest_route=%2Fwp%2Fv2%2Ftags&post=1711"}],"curies":[{"name":"wp","href":"https:\/\/api.w.org\/{rel}","templated":true}]}}