{"id":1841,"date":"2014-10-19T19:00:27","date_gmt":"2014-10-19T19:00:27","guid":{"rendered":"http:\/\/fjm-ritter.de\/Aktuell\/?p=1841"},"modified":"2016-05-07T07:22:12","modified_gmt":"2016-05-07T07:22:12","slug":"11-familientreffen-sued","status":"publish","type":"post","link":"https:\/\/fjm-ritter.de\/Aktuell\/?p=1841","title":{"rendered":"11. Familientreffen (S\u00fcd)"},"content":{"rendered":"<p><a href=\"https:\/\/fjm-ritter.de\/Aktuell\/wp-content\/uploads\/2014\/09\/DSCN0033.jpg\"><img loading=\"lazy\" decoding=\"async\" class=\"aligncenter size-large wp-image-1858\" src=\"https:\/\/fjm-ritter.de\/Aktuell\/wp-content\/uploads\/2014\/09\/DSCN0033-1024x768.jpg\" alt=\"DSCN0033\" width=\"584\" height=\"438\" srcset=\"https:\/\/fjm-ritter.de\/Aktuell\/wp-content\/uploads\/2014\/09\/DSCN0033-1024x768.jpg 1024w, https:\/\/fjm-ritter.de\/Aktuell\/wp-content\/uploads\/2014\/09\/DSCN0033-300x225.jpg 300w, https:\/\/fjm-ritter.de\/Aktuell\/wp-content\/uploads\/2014\/09\/DSCN0033-400x300.jpg 400w, https:\/\/fjm-ritter.de\/Aktuell\/wp-content\/uploads\/2014\/09\/DSCN0033.jpg 1600w\" sizes=\"auto, (max-width: 584px) 100vw, 584px\" \/><\/a>Auch in diesem Jahr kamen viele Mitglieder, Feunde und Angeh\u00f6rige nach Alt\u00f6tting. Es ging um den W\u00e4chter (<em>&#8230;der nicht mehr wachen darf und der vor dem schweigen steht!<\/em>). Aber auch um das drum herum: wie W\u00f6lfe im Schafspelz (<em>auch s.g. Amtstr\u00e4ger<\/em>) gegen p\u00e4pstliches Lehramt und den Papst aufbegehren &#8211; das gl\u00e4ubige Volk verwirren \/ verunsichern.<\/p>\n<p>Am Bild des <strong><a href=\"http:\/\/www.make.tv\/fjm_ritter_tv\/show\/150253\" target=\"_blank\">W\u00e4chters &#8222;Jeremias&#8220;<\/a><\/strong> zeigte der Leiter der FJM auf, wie es einem ergeht, wenn man Gottes Wort, Seiner Kirche und dem Papst in treue folgt, und das Volk daran erinnert, dass man niemals gegen Papst und Lehramt derart aufstehen darf, sondern in erster Linie vertrauensvoll beten soll.<\/p>\n<p>Es gibt <span style=\"text-decoration: underline;\">keinen<\/span> Grund, gegen Lehramt und Klerus deraut mobil zu machen, wie es viele falsche Boten &#8211; s.g. Amtstr\u00e4ger und angebliche Gl\u00e4ubige es heutzutage tun. Wir distanzieren uns ausdr\u00fccklich von diesen Leuten und laden ein zum Sturmgebet!!!<\/p>\n<p>N\u00e4chstes j\u00e4hrliche Familientreffen (<em>S\u00fcd<\/em>) in Alt\u00f6tting, im Franziskushaus am:<\/p>\n<p style=\"text-align: center;\"><strong>18. Oktober<span style=\"color: #ff0000;\">*<\/span>, Beginn 14 Uhr<\/strong><\/p>\n<p style=\"text-align: left;\">mit Heilige Messe, Beichtgelegenheit, Vortrag und gemeinsame Agape. Anmedlung ist erforderlich, damit wir besser planen k\u00f6nnen!!!<\/p>\n<pre style=\"text-align: left;\"><strong><span style=\"color: #ff0000;\">*<\/span><\/strong>\u00a0= Ge\u00e4ndertes Datum! Die Versammlung hat beschlossen, nicht mehr am 19.,\r\nsondern am Samstag um den 19. Oktober das Treffen abzuhalten. Das Datum\r\nwird immer in der letzten Versammlung bekanntgegeben!<\/pre>\n","protected":false},"excerpt":{"rendered":"<p>Auch in diesem Jahr kamen viele Mitglieder, Feunde und Angeh\u00f6rige nach Alt\u00f6tting. Es ging um den W\u00e4chter (&#8230;der nicht mehr wachen darf und der vor dem schweigen steht!). Aber auch um das drum herum: wie W\u00f6lfe im Schafspelz (auch s.g. &hellip; <a href=\"https:\/\/fjm-ritter.de\/Aktuell\/?p=1841\">Weiterlesen <span class=\"meta-nav\">&rarr;<\/span><\/a><\/p>\n","protected":false},"author":9,"featured_media":0,"comment_status":"open","ping_status":"closed","sticky":false,"template":"","format":"standard","meta":{"footnotes":""},"categories":[1,4],"tags":[],"class_list":["post-1841","post","type-post","status-publish","format-standard","hentry","category-allgemein","category-termine"],"_links":{"self":[{"href":"https:\/\/fjm-ritter.de\/Aktuell\/index.php?rest_route=\/wp\/v2\/posts\/1841","targetHints":{"allow":["GET"]}}],"collection":[{"href":"https:\/\/fjm-ritter.de\/Aktuell\/index.php?rest_route=\/wp\/v2\/posts"}],"about":[{"href":"https:\/\/fjm-ritter.de\/Aktuell\/index.php?rest_route=\/wp\/v2\/types\/post"}],"author":[{"embeddable":true,"href":"https:\/\/fjm-ritter.de\/Aktuell\/index.php?rest_route=\/wp\/v2\/users\/9"}],"replies":[{"embeddable":true,"href":"https:\/\/fjm-ritter.de\/Aktuell\/index.php?rest_route=%2Fwp%2Fv2%2Fcomments&post=1841"}],"version-history":[{"count":5,"href":"https:\/\/fjm-ritter.de\/Aktuell\/index.php?rest_route=\/wp\/v2\/posts\/1841\/revisions"}],"predecessor-version":[{"id":2297,"href":"https:\/\/fjm-ritter.de\/Aktuell\/index.php?rest_route=\/wp\/v2\/posts\/1841\/revisions\/2297"}],"wp:attachment":[{"href":"https:\/\/fjm-ritter.de\/Aktuell\/index.php?rest_route=%2Fwp%2Fv2%2Fmedia&parent=1841"}],"wp:term":[{"taxonomy":"category","embeddable":true,"href":"https:\/\/fjm-ritter.de\/Aktuell\/index.php?rest_route=%2Fwp%2Fv2%2Fcategories&post=1841"},{"taxonomy":"post_tag","embeddable":true,"href":"https:\/\/fjm-ritter.de\/Aktuell\/index.php?rest_route=%2Fwp%2Fv2%2Ftags&post=1841"}],"curies":[{"name":"wp","href":"https:\/\/api.w.org\/{rel}","templated":true}]}}