{"id":1891,"date":"2014-12-09T13:06:17","date_gmt":"2014-12-09T13:06:17","guid":{"rendered":"http:\/\/fjm-ritter.de\/Aktuell\/?p=1891"},"modified":"2014-12-09T13:06:43","modified_gmt":"2014-12-09T13:06:43","slug":"unendlich-ewiges-vergelts-gott","status":"publish","type":"post","link":"https:\/\/fjm-ritter.de\/Aktuell\/?p=1891","title":{"rendered":"unendlich ewiges Vergelts Gott!!!"},"content":{"rendered":"<p><a href=\"https:\/\/fjm-ritter.de\/Aktuell\/wp-content\/uploads\/2014\/12\/danke2014.png\"><img loading=\"lazy\" decoding=\"async\" class=\"aligncenter size-large wp-image-1892\" src=\"https:\/\/fjm-ritter.de\/Aktuell\/wp-content\/uploads\/2014\/12\/danke2014-1024x628.png\" alt=\"danke2014\" width=\"584\" height=\"358\" srcset=\"https:\/\/fjm-ritter.de\/Aktuell\/wp-content\/uploads\/2014\/12\/danke2014-1024x628.png 1024w, https:\/\/fjm-ritter.de\/Aktuell\/wp-content\/uploads\/2014\/12\/danke2014-300x184.png 300w, https:\/\/fjm-ritter.de\/Aktuell\/wp-content\/uploads\/2014\/12\/danke2014-488x300.png 488w, https:\/\/fjm-ritter.de\/Aktuell\/wp-content\/uploads\/2014\/12\/danke2014.png 1077w\" sizes=\"auto, (max-width: 584px) 100vw, 584px\" \/><\/a>&#8230; und leider ist die Zeit viel zu schnell vergangen! Kaum war alles fertig und die G\u00e4ste angereist; sind sie heute vom Berg Tabor abgestiegen, um sich auf den Heimweg zu machen.<!--more--><br \/>\nF\u00fcr uns beginnt jetzt das aufr\u00e4umen, und schon wieder die erste Planung &#8230; denn f\u00fcnf Jahre Rosenkranz-Gebetskette; im Sommer feiern wir, trotz allen Anfeindungen 15 j\u00e4hriges Bestehen der FJM und 10 j\u00e4hriges Bestehen der Lebensgemeinschaft der Apostel-Thomas-Schwestern.<br \/>\nWenn auch alles privat, also noch ohne Entscheidung des zust\u00e4ndigen Bistums, zeigen wir, dass wir bereit sind zu leben, was wir im Herzen haben. Zu lieben, was wir gelobt haben.<br \/>\nZwar sind wir noch nicht perfekt, aber wir bem\u00fchen uns weiter und erfreuen uns der Bekundung, dass man uns auch weiterhin unterst\u00fctzen und mit uns beten m\u00f6chte.<\/p>\n<p>Und wenn Gottes Wille sich so offensichtlich an uns erweist, das er uns bis hier her getragen, dann wird auch einst am Ende der Vater sagen: &#8222;Der Mensch hat dich verfolgt, doch Ich habe dich gewollt. Ich habe wie verhei\u00dfen, alles getragen &#8230; harre weiter aus, Ich f\u00fchre euch zum Ziel &#8211; ins Vaterhaus!&#8220;<br \/>\nDarauf vertrauen und bauen wir, mit Dir!!!<\/p>\n<p>Schon jetzt laden wir alle Freunde, Interessierte &#8211; alle GUTEN WILLENs ein, mit uns das Jubil\u00e4umsfest vorzubereiten, mit uns die privaten Apostolatsgemeinschaft FJM zu feiern.<\/p>\n","protected":false},"excerpt":{"rendered":"<p>&#8230; und leider ist die Zeit viel zu schnell vergangen! Kaum war alles fertig und die G\u00e4ste angereist; sind sie heute vom Berg Tabor abgestiegen, um sich auf den Heimweg zu machen.<\/p>\n","protected":false},"author":9,"featured_media":0,"comment_status":"open","ping_status":"closed","sticky":false,"template":"","format":"standard","meta":{"footnotes":""},"categories":[1],"tags":[],"class_list":["post-1891","post","type-post","status-publish","format-standard","hentry","category-allgemein"],"_links":{"self":[{"href":"https:\/\/fjm-ritter.de\/Aktuell\/index.php?rest_route=\/wp\/v2\/posts\/1891","targetHints":{"allow":["GET"]}}],"collection":[{"href":"https:\/\/fjm-ritter.de\/Aktuell\/index.php?rest_route=\/wp\/v2\/posts"}],"about":[{"href":"https:\/\/fjm-ritter.de\/Aktuell\/index.php?rest_route=\/wp\/v2\/types\/post"}],"author":[{"embeddable":true,"href":"https:\/\/fjm-ritter.de\/Aktuell\/index.php?rest_route=\/wp\/v2\/users\/9"}],"replies":[{"embeddable":true,"href":"https:\/\/fjm-ritter.de\/Aktuell\/index.php?rest_route=%2Fwp%2Fv2%2Fcomments&post=1891"}],"version-history":[{"count":2,"href":"https:\/\/fjm-ritter.de\/Aktuell\/index.php?rest_route=\/wp\/v2\/posts\/1891\/revisions"}],"predecessor-version":[{"id":1894,"href":"https:\/\/fjm-ritter.de\/Aktuell\/index.php?rest_route=\/wp\/v2\/posts\/1891\/revisions\/1894"}],"wp:attachment":[{"href":"https:\/\/fjm-ritter.de\/Aktuell\/index.php?rest_route=%2Fwp%2Fv2%2Fmedia&parent=1891"}],"wp:term":[{"taxonomy":"category","embeddable":true,"href":"https:\/\/fjm-ritter.de\/Aktuell\/index.php?rest_route=%2Fwp%2Fv2%2Fcategories&post=1891"},{"taxonomy":"post_tag","embeddable":true,"href":"https:\/\/fjm-ritter.de\/Aktuell\/index.php?rest_route=%2Fwp%2Fv2%2Ftags&post=1891"}],"curies":[{"name":"wp","href":"https:\/\/api.w.org\/{rel}","templated":true}]}}