{"id":1900,"date":"2014-12-16T11:28:33","date_gmt":"2014-12-16T11:28:33","guid":{"rendered":"http:\/\/fjm-ritter.de\/Aktuell\/?p=1900"},"modified":"2015-01-10T16:51:29","modified_gmt":"2015-01-10T16:51:29","slug":"gruesse-aus-dem-muensterlaendischen-stadtlohn","status":"publish","type":"post","link":"https:\/\/fjm-ritter.de\/Aktuell\/?p=1900","title":{"rendered":"Gr\u00fc\u00dfe aus dem m\u00fcnsterl\u00e4ndischen Stadtlohn"},"content":{"rendered":"<p style=\"text-align: center;\"><a href=\"https:\/\/fjm-ritter.de\/Aktuell\/wp-content\/uploads\/2014\/12\/key_visual17.jpg\"><img loading=\"lazy\" decoding=\"async\" class=\"aligncenter  wp-image-1901\" src=\"https:\/\/fjm-ritter.de\/Aktuell\/wp-content\/uploads\/2014\/12\/key_visual17.jpg\" alt=\"key_visual17\" width=\"614\" height=\"187\" \/><\/a> Hallo, ich gr\u00fc\u00dfe Dich \/ Euch ganz herzlichst aus dem m\u00fcnsterl\u00e4ndischen Stadtlohn<\/p>\n<p style=\"text-align: center;\">\u00a0und sende auf diesem Wege meinen und unseren <a href=\"http:\/\/fjm-ritter.de\/pdf\/Weihnchten-2.pdf\" target=\"_blank\">Weihnachts- und Neujahrsgru\u00df<\/a> zu &#8230;\u00a0 und wir hoffen auf gnadenreiche gesegnete Tage &#8230; <a href=\"https:\/\/www.youtube.com\/watch?v=gp5D_SMj_zs\">bis wir uns wiedersehen<\/a>!<\/p>\n<p style=\"text-align: center;\">Im Namen der \u201eFamilie der Heiligen Herzen Jesu und Mariens (FJM)\u201c<br \/>\nBr.Johannes-Marcus (Peter) Sto\u00dfhoff<\/p>\n<p style=\"text-align: center;\">&#8211; <a href=\"http:\/\/fjm.center\">http:\/\/fjm.center<\/a> \u2013 wir empfehlen Euch den Verein: <a href=\"http:\/\/ASN.help\">http:\/\/ASN.help<\/a> &#8211;<br \/>\nwir reden nicht nur, sondern tun! Handeln wo es m\u00f6glich ist!<\/p>\n<p style=\"text-align: center;\">Danke!!! Vergelts Gott!!!<\/p>\n","protected":false},"excerpt":{"rendered":"<p>Hallo, ich gr\u00fc\u00dfe Dich \/ Euch ganz herzlichst aus dem m\u00fcnsterl\u00e4ndischen Stadtlohn \u00a0und sende auf diesem Wege meinen und unseren Weihnachts- und Neujahrsgru\u00df zu &#8230;\u00a0 und wir hoffen auf gnadenreiche gesegnete Tage &#8230; bis wir uns wiedersehen! Im Namen der &hellip; <a href=\"https:\/\/fjm-ritter.de\/Aktuell\/?p=1900\">Weiterlesen <span class=\"meta-nav\">&rarr;<\/span><\/a><\/p>\n","protected":false},"author":9,"featured_media":0,"comment_status":"open","ping_status":"closed","sticky":false,"template":"","format":"standard","meta":{"footnotes":""},"categories":[1],"tags":[],"class_list":["post-1900","post","type-post","status-publish","format-standard","hentry","category-allgemein"],"_links":{"self":[{"href":"https:\/\/fjm-ritter.de\/Aktuell\/index.php?rest_route=\/wp\/v2\/posts\/1900","targetHints":{"allow":["GET"]}}],"collection":[{"href":"https:\/\/fjm-ritter.de\/Aktuell\/index.php?rest_route=\/wp\/v2\/posts"}],"about":[{"href":"https:\/\/fjm-ritter.de\/Aktuell\/index.php?rest_route=\/wp\/v2\/types\/post"}],"author":[{"embeddable":true,"href":"https:\/\/fjm-ritter.de\/Aktuell\/index.php?rest_route=\/wp\/v2\/users\/9"}],"replies":[{"embeddable":true,"href":"https:\/\/fjm-ritter.de\/Aktuell\/index.php?rest_route=%2Fwp%2Fv2%2Fcomments&post=1900"}],"version-history":[{"count":1,"href":"https:\/\/fjm-ritter.de\/Aktuell\/index.php?rest_route=\/wp\/v2\/posts\/1900\/revisions"}],"predecessor-version":[{"id":1902,"href":"https:\/\/fjm-ritter.de\/Aktuell\/index.php?rest_route=\/wp\/v2\/posts\/1900\/revisions\/1902"}],"wp:attachment":[{"href":"https:\/\/fjm-ritter.de\/Aktuell\/index.php?rest_route=%2Fwp%2Fv2%2Fmedia&parent=1900"}],"wp:term":[{"taxonomy":"category","embeddable":true,"href":"https:\/\/fjm-ritter.de\/Aktuell\/index.php?rest_route=%2Fwp%2Fv2%2Fcategories&post=1900"},{"taxonomy":"post_tag","embeddable":true,"href":"https:\/\/fjm-ritter.de\/Aktuell\/index.php?rest_route=%2Fwp%2Fv2%2Ftags&post=1900"}],"curies":[{"name":"wp","href":"https:\/\/api.w.org\/{rel}","templated":true}]}}