{"id":1936,"date":"2015-01-10T16:54:01","date_gmt":"2015-01-10T16:54:01","guid":{"rendered":"http:\/\/fjm-ritter.de\/Aktuell\/?p=1936"},"modified":"2015-01-10T16:54:27","modified_gmt":"2015-01-10T16:54:27","slug":"taufe-des-des-herrn","status":"publish","type":"post","link":"https:\/\/fjm-ritter.de\/Aktuell\/?p=1936","title":{"rendered":"&#8222;Taufe des des Herrn&#8220;"},"content":{"rendered":"<p><span id=\"fbPhotoSnowliftCaption\" class=\"fbPhotosPhotoCaption\" tabindex=\"0\" data-ft=\"{&quot;tn&quot;:&quot;K&quot;}\"><span class=\"hasCaption\"><a href=\"https:\/\/fjm-ritter.de\/Aktuell\/wp-content\/uploads\/2015\/01\/cropped-taufe-christi02b.png\"><img loading=\"lazy\" decoding=\"async\" class=\"aligncenter size-full wp-image-1935\" src=\"https:\/\/fjm-ritter.de\/Aktuell\/wp-content\/uploads\/2015\/01\/cropped-taufe-christi02b.png\" alt=\"cropped-taufe-christi02b.png\" width=\"1000\" height=\"550\" srcset=\"https:\/\/fjm-ritter.de\/Aktuell\/wp-content\/uploads\/2015\/01\/cropped-taufe-christi02b.png 1000w, https:\/\/fjm-ritter.de\/Aktuell\/wp-content\/uploads\/2015\/01\/cropped-taufe-christi02b-300x165.png 300w, https:\/\/fjm-ritter.de\/Aktuell\/wp-content\/uploads\/2015\/01\/cropped-taufe-christi02b-500x275.png 500w\" sizes=\"auto, (max-width: 1000px) 100vw, 1000px\" \/><\/a>&#8222;Taufe des des Herrn&#8220;, der Sonntag den nach dem litugischen Kalender das Weihnachtsfest beschlie\u00dft.<br \/>\nDas letzte Fest aber erwarten wir noch, das im Alten Kalender die Weihnachtszeit beendet, n\u00e4mlich &#8222;Maria Lichtmess&#8220; oder auch &#8222;Darstellung des Herrn&#8220; genannt.<\/span><\/span><!--more--><\/p>\n<p>Viele haben schon seit Tagen alles weihnachtliche ausger\u00e4umt.<br \/>\nWir bekennen, das wir beschlie\u00dfen werden, mit &#8222;Mari\u00e4 Lichtmess&#8220;.<\/p>\n<p>Wir tun uns das nicht an, schon im August den Adventsdudel zu impfen und am zweiten Weihnachtstag \u00fcbers\u00e4ttigt alles ab- und wegzur\u00e4umen.<br \/>\nWir bereiten uns vor, mit dem 1. Wochenendsonntag &#8230; nutzen eine m\u00f6glichst gute Vorbereitung [wozu auch die Beichte geh\u00f6rt] und genie\u00dfen dann in vollen z\u00fcgen die Menschwerdung Gottes im Sohn Jesus Christus. Und weil laut der Schrift und der \u00e4ltesten Lehre dazu mehr geh\u00f6rt als irdische Geschenke und unm\u00e4\u00dfige Speisenzufuhr, halten wir an den geistigen Tankstellen an.<\/p>\n<p>Ja, Heute die Tauferinnunger<br \/>\nund am 2. Februar die Ganzhingabe wie Jesus zu uns kam, im Fleische durch Maria &#8230;<\/p>\n<p>Wer dies genie\u00dft vom vollen Glanz, dem wird das Herz nicht m\u00fcde!<\/p>\n<p>Dies w\u00fcnsch ich Dir und den Deinen, das er segnet ALL die Seinen! Amen +++<\/p>\n<p><a href=\"https:\/\/fjm-ritter.de\/Aktuell\/wp-content\/uploads\/2015\/01\/taufe-christi00n.png\"><img loading=\"lazy\" decoding=\"async\" class=\"aligncenter size-full wp-image-1937\" src=\"https:\/\/fjm-ritter.de\/Aktuell\/wp-content\/uploads\/2015\/01\/taufe-christi00n.png\" alt=\"taufe-christi00n\" width=\"800\" height=\"596\" srcset=\"https:\/\/fjm-ritter.de\/Aktuell\/wp-content\/uploads\/2015\/01\/taufe-christi00n.png 800w, https:\/\/fjm-ritter.de\/Aktuell\/wp-content\/uploads\/2015\/01\/taufe-christi00n-300x223.png 300w, https:\/\/fjm-ritter.de\/Aktuell\/wp-content\/uploads\/2015\/01\/taufe-christi00n-402x300.png 402w\" sizes=\"auto, (max-width: 800px) 100vw, 800px\" \/><\/a><span data-ft=\"{&quot;tn&quot;:&quot;K&quot;}\" data-reactid=\".13r.1:3:1:$comment921508667867396_921512801200316:0.0.$right.0.$left.0.0.1:$comment-body\"><span class=\"UFICommentBody\" data-reactid=\".13r.1:3:1:$comment921508667867396_921512801200316:0.0.$right.0.$left.0.0.1:$comment-body.0\"><span data-reactid=\".13r.1:3:1:$comment921508667867396_921512801200316:0.0.$right.0.$left.0.0.1:$comment-body.0.$end:0:$0:0\">Die Taufe des Herrn war erforderlich um uns zu heiligen. Das hat Jesus Christus f\u00fcr uns getan, alles was Gerecht war. Nicht weil ER es n\u00f6tig gehabt h\u00e4tte. Darum haben wir Grund IHM dankbar zu sein und stimmen in das <a href=\"https:\/\/www.youtube.com\/watch?v=mBhUpSzuP7Q\" target=\"_blank\"><strong>Lied zur Taufe<\/strong><\/a> ein.<\/span><\/span><\/span><\/p>\n","protected":false},"excerpt":{"rendered":"<p>&#8222;Taufe des des Herrn&#8220;, der Sonntag den nach dem litugischen Kalender das Weihnachtsfest beschlie\u00dft. Das letzte Fest aber erwarten wir noch, das im Alten Kalender die Weihnachtszeit beendet, n\u00e4mlich &#8222;Maria Lichtmess&#8220; oder auch &#8222;Darstellung des Herrn&#8220; genannt.<\/p>\n","protected":false},"author":9,"featured_media":0,"comment_status":"open","ping_status":"closed","sticky":false,"template":"","format":"standard","meta":{"footnotes":""},"categories":[1],"tags":[],"class_list":["post-1936","post","type-post","status-publish","format-standard","hentry","category-allgemein"],"_links":{"self":[{"href":"https:\/\/fjm-ritter.de\/Aktuell\/index.php?rest_route=\/wp\/v2\/posts\/1936","targetHints":{"allow":["GET"]}}],"collection":[{"href":"https:\/\/fjm-ritter.de\/Aktuell\/index.php?rest_route=\/wp\/v2\/posts"}],"about":[{"href":"https:\/\/fjm-ritter.de\/Aktuell\/index.php?rest_route=\/wp\/v2\/types\/post"}],"author":[{"embeddable":true,"href":"https:\/\/fjm-ritter.de\/Aktuell\/index.php?rest_route=\/wp\/v2\/users\/9"}],"replies":[{"embeddable":true,"href":"https:\/\/fjm-ritter.de\/Aktuell\/index.php?rest_route=%2Fwp%2Fv2%2Fcomments&post=1936"}],"version-history":[{"count":2,"href":"https:\/\/fjm-ritter.de\/Aktuell\/index.php?rest_route=\/wp\/v2\/posts\/1936\/revisions"}],"predecessor-version":[{"id":1939,"href":"https:\/\/fjm-ritter.de\/Aktuell\/index.php?rest_route=\/wp\/v2\/posts\/1936\/revisions\/1939"}],"wp:attachment":[{"href":"https:\/\/fjm-ritter.de\/Aktuell\/index.php?rest_route=%2Fwp%2Fv2%2Fmedia&parent=1936"}],"wp:term":[{"taxonomy":"category","embeddable":true,"href":"https:\/\/fjm-ritter.de\/Aktuell\/index.php?rest_route=%2Fwp%2Fv2%2Fcategories&post=1936"},{"taxonomy":"post_tag","embeddable":true,"href":"https:\/\/fjm-ritter.de\/Aktuell\/index.php?rest_route=%2Fwp%2Fv2%2Ftags&post=1936"}],"curies":[{"name":"wp","href":"https:\/\/api.w.org\/{rel}","templated":true}]}}