{"id":1966,"date":"2015-03-03T18:59:37","date_gmt":"2015-03-03T18:59:37","guid":{"rendered":"http:\/\/fjm-ritter.de\/Aktuell\/?p=1966"},"modified":"2015-03-03T18:59:37","modified_gmt":"2015-03-03T18:59:37","slug":"9-jahre-fjm-ritter-radio","status":"publish","type":"post","link":"https:\/\/fjm-ritter.de\/Aktuell\/?p=1966","title":{"rendered":"9 Jahre &#8211; FJM-Ritter Radio"},"content":{"rendered":"<p><a href=\"https:\/\/fjm-ritter.de\/Aktuell\/wp-content\/uploads\/2015\/03\/header-neutral02b.jpg\"><img loading=\"lazy\" decoding=\"async\" class=\"aligncenter size-large wp-image-1967\" src=\"https:\/\/fjm-ritter.de\/Aktuell\/wp-content\/uploads\/2015\/03\/header-neutral02b-1024x262.jpg\" alt=\"header-neutral02b\" width=\"584\" height=\"149\" srcset=\"https:\/\/fjm-ritter.de\/Aktuell\/wp-content\/uploads\/2015\/03\/header-neutral02b-1024x262.jpg 1024w, https:\/\/fjm-ritter.de\/Aktuell\/wp-content\/uploads\/2015\/03\/header-neutral02b-300x77.jpg 300w, https:\/\/fjm-ritter.de\/Aktuell\/wp-content\/uploads\/2015\/03\/header-neutral02b-500x128.jpg 500w\" sizes=\"auto, (max-width: 584px) 100vw, 584px\" \/><\/a><span id=\"fbPhotoSnowliftCaption\" class=\"fbPhotosPhotoCaption\" tabindex=\"0\" data-ft=\"{&quot;tn&quot;:&quot;K&quot;}\"><span class=\"hasCaption\">Heute vor neun Jahren, am 3. M\u00e4rz 2006, ging unser privater Sender &#8211; der <a href=\"https:\/\/www.facebook.com\/FjmRitterRadio\" data-hovercard=\"\/ajax\/hovercard\/page.php?id=322131131214850\">FJM-Ritter Radio<\/a> &#8211; auf Sendung &#8230;<br \/>\nWir danken ALLEN Zuh\u00f6rern; allen Helfern &#8211; und vor allem die Wohlt\u00e4ter, die uns mit ihrem Material, die die Aussendung\/en unterst\u00fctzt haben. Wir gedenken besonders an Abb\u00e8 Wothke; P. Bernhard Kunst und P. Bernhard Sirch.<br \/>\nWir danken &#8222;Kirche in Not&#8220; f\u00fcr die zahlreichen Beitr\u00e4ge und allen andern Unterst\u00fctzer &#8230; (nat\u00fcrlich auch den -innen).<\/p>\n<p>Gottes reichen Segen +++<\/p>\n<p><a href=\"http:\/\/FJM-Ritter.info\/\" target=\"_blank\" rel=\"nofollow nofollow\">http:\/\/FJM-Ritter.info\/<\/a><\/span><\/span><\/p>\n","protected":false},"excerpt":{"rendered":"<p>Heute vor neun Jahren, am 3. M\u00e4rz 2006, ging unser privater Sender &#8211; der FJM-Ritter Radio &#8211; auf Sendung &#8230; Wir danken ALLEN Zuh\u00f6rern; allen Helfern &#8211; und vor allem die Wohlt\u00e4ter, die uns mit ihrem Material, die die Aussendung\/en &hellip; <a href=\"https:\/\/fjm-ritter.de\/Aktuell\/?p=1966\">Weiterlesen <span class=\"meta-nav\">&rarr;<\/span><\/a><\/p>\n","protected":false},"author":9,"featured_media":0,"comment_status":"open","ping_status":"closed","sticky":false,"template":"","format":"standard","meta":{"footnotes":""},"categories":[1],"tags":[],"class_list":["post-1966","post","type-post","status-publish","format-standard","hentry","category-allgemein"],"_links":{"self":[{"href":"https:\/\/fjm-ritter.de\/Aktuell\/index.php?rest_route=\/wp\/v2\/posts\/1966","targetHints":{"allow":["GET"]}}],"collection":[{"href":"https:\/\/fjm-ritter.de\/Aktuell\/index.php?rest_route=\/wp\/v2\/posts"}],"about":[{"href":"https:\/\/fjm-ritter.de\/Aktuell\/index.php?rest_route=\/wp\/v2\/types\/post"}],"author":[{"embeddable":true,"href":"https:\/\/fjm-ritter.de\/Aktuell\/index.php?rest_route=\/wp\/v2\/users\/9"}],"replies":[{"embeddable":true,"href":"https:\/\/fjm-ritter.de\/Aktuell\/index.php?rest_route=%2Fwp%2Fv2%2Fcomments&post=1966"}],"version-history":[{"count":1,"href":"https:\/\/fjm-ritter.de\/Aktuell\/index.php?rest_route=\/wp\/v2\/posts\/1966\/revisions"}],"predecessor-version":[{"id":1968,"href":"https:\/\/fjm-ritter.de\/Aktuell\/index.php?rest_route=\/wp\/v2\/posts\/1966\/revisions\/1968"}],"wp:attachment":[{"href":"https:\/\/fjm-ritter.de\/Aktuell\/index.php?rest_route=%2Fwp%2Fv2%2Fmedia&parent=1966"}],"wp:term":[{"taxonomy":"category","embeddable":true,"href":"https:\/\/fjm-ritter.de\/Aktuell\/index.php?rest_route=%2Fwp%2Fv2%2Fcategories&post=1966"},{"taxonomy":"post_tag","embeddable":true,"href":"https:\/\/fjm-ritter.de\/Aktuell\/index.php?rest_route=%2Fwp%2Fv2%2Ftags&post=1966"}],"curies":[{"name":"wp","href":"https:\/\/api.w.org\/{rel}","templated":true}]}}