{"id":2470,"date":"2016-10-26T10:48:32","date_gmt":"2016-10-26T10:48:32","guid":{"rendered":"http:\/\/fjm-ritter.de\/Aktuell\/?p=2470"},"modified":"2016-10-26T10:55:12","modified_gmt":"2016-10-26T10:55:12","slug":"das-wochenende-beendet-die-sommerzeit","status":"publish","type":"post","link":"https:\/\/fjm-ritter.de\/Aktuell\/?p=2470","title":{"rendered":"Das Wochenende &#8230; beendet die Sommerzeit"},"content":{"rendered":"<p><a href=\"https:\/\/fjm-ritter.de\/Aktuell\/wp-content\/uploads\/2015\/10\/zeitumstellung.jpg\"><img loading=\"lazy\" decoding=\"async\" class=\"wp-image-2104 alignleft\" src=\"https:\/\/fjm-ritter.de\/Aktuell\/wp-content\/uploads\/2015\/10\/zeitumstellung.jpg\" alt=\"zeitumstellung\" width=\"327\" height=\"220\" \/><\/a><\/p>\n<p>\u2026 der Aufreger seit vielen Jahren. Auch wir halten diese Aktion\/en \u2013 wie die meisten B\u00fcrger \u2013 f\u00fcr vollkommen sinnlos. Es verursacht Kosten. Bringt f\u00fcr viele Menschen (aber auch dem Vieh) eine unruhige Zeit, bis man sich wieder daran gew\u00f6hnt hat.<\/p>\n<p>Der einzige Sinn und Zweck:<!--more--><\/p>\n<p>Energie zu sparen, ist wissenschaftlich erwiesen ein Flop! Dennoch halten die Politiker, an ihren \u2013 schon fast g\u00f6ttlichen \u2013 Eingriff fest, und das, obwohl es eigentlich nur Kosten verursach und nicht wirkliche Einsparungen.<\/p>\n<p><a href=\"https:\/\/fjm-ritter.de\/Aktuell\/wp-content\/uploads\/2016\/03\/safe_image_004.jpg\"><img loading=\"lazy\" decoding=\"async\" class=\"alignright  wp-image-2246\" src=\"https:\/\/fjm-ritter.de\/Aktuell\/wp-content\/uploads\/2016\/03\/safe_image_004.jpg\" alt=\"safe_image_004\" width=\"243\" height=\"130\" \/><\/a>W\u00fcrde man das Volk entscheiden lassen, es w\u00e4re l\u00e4ngst abgeschafft!<\/p>\n<p>Nur zur Info: in der Nacht vom Samstag (29.) auf Sonntag (30.) wird um 3:00 Uhr, der Wecker um eine Stunde zur\u00fcckgestellt, auf Normalzeit \u2013 ergo: wieder auf 2:00 Uhr.<\/p>\n<p>Nochmal ergo: Du darf am Sonntag eine Stunde l\u00e4nger schlafen. Und das genau bis zum M\u00e4rz 2017. Aber ACHTUNG!!! Nicht so in der T\u00fcrkei, denn die schaffen die Zeitumstellung ab! Und automatische \/ Funkuhren \u2026 wie Computer stellen sich automatisch um. Die manuelle k\u00f6nnte man vor dem Schlafengehen um eine Stunde zur\u00fcckstellen.<\/p>\n","protected":false},"excerpt":{"rendered":"<p>\u2026 der Aufreger seit vielen Jahren. Auch wir halten diese Aktion\/en \u2013 wie die meisten B\u00fcrger \u2013 f\u00fcr vollkommen sinnlos. Es verursacht Kosten. Bringt f\u00fcr viele Menschen (aber auch dem Vieh) eine unruhige Zeit, bis man sich wieder daran gew\u00f6hnt &hellip; <a href=\"https:\/\/fjm-ritter.de\/Aktuell\/?p=2470\">Weiterlesen <span class=\"meta-nav\">&rarr;<\/span><\/a><\/p>\n","protected":false},"author":9,"featured_media":0,"comment_status":"open","ping_status":"closed","sticky":false,"template":"","format":"standard","meta":{"footnotes":""},"categories":[1],"tags":[],"class_list":["post-2470","post","type-post","status-publish","format-standard","hentry","category-allgemein"],"_links":{"self":[{"href":"https:\/\/fjm-ritter.de\/Aktuell\/index.php?rest_route=\/wp\/v2\/posts\/2470","targetHints":{"allow":["GET"]}}],"collection":[{"href":"https:\/\/fjm-ritter.de\/Aktuell\/index.php?rest_route=\/wp\/v2\/posts"}],"about":[{"href":"https:\/\/fjm-ritter.de\/Aktuell\/index.php?rest_route=\/wp\/v2\/types\/post"}],"author":[{"embeddable":true,"href":"https:\/\/fjm-ritter.de\/Aktuell\/index.php?rest_route=\/wp\/v2\/users\/9"}],"replies":[{"embeddable":true,"href":"https:\/\/fjm-ritter.de\/Aktuell\/index.php?rest_route=%2Fwp%2Fv2%2Fcomments&post=2470"}],"version-history":[{"count":3,"href":"https:\/\/fjm-ritter.de\/Aktuell\/index.php?rest_route=\/wp\/v2\/posts\/2470\/revisions"}],"predecessor-version":[{"id":2473,"href":"https:\/\/fjm-ritter.de\/Aktuell\/index.php?rest_route=\/wp\/v2\/posts\/2470\/revisions\/2473"}],"wp:attachment":[{"href":"https:\/\/fjm-ritter.de\/Aktuell\/index.php?rest_route=%2Fwp%2Fv2%2Fmedia&parent=2470"}],"wp:term":[{"taxonomy":"category","embeddable":true,"href":"https:\/\/fjm-ritter.de\/Aktuell\/index.php?rest_route=%2Fwp%2Fv2%2Fcategories&post=2470"},{"taxonomy":"post_tag","embeddable":true,"href":"https:\/\/fjm-ritter.de\/Aktuell\/index.php?rest_route=%2Fwp%2Fv2%2Ftags&post=2470"}],"curies":[{"name":"wp","href":"https:\/\/api.w.org\/{rel}","templated":true}]}}