{"id":2624,"date":"2017-06-23T11:20:27","date_gmt":"2017-06-23T11:20:27","guid":{"rendered":"http:\/\/fjm-ritter.de\/Aktuell\/?p=2624"},"modified":"2017-06-23T11:32:19","modified_gmt":"2017-06-23T11:32:19","slug":"blaurocktreffen-sued","status":"publish","type":"post","link":"https:\/\/fjm-ritter.de\/Aktuell\/?p=2624","title":{"rendered":"Blaurocktreffen &#8211; S\u00fcd"},"content":{"rendered":"<p><a href=\"https:\/\/fjm-ritter.de\/Aktuell\/wp-content\/uploads\/2017\/06\/IMG_20170617_165930.jpg\"><img loading=\"lazy\" decoding=\"async\" class=\"wp-image-2625 alignleft\" src=\"https:\/\/fjm-ritter.de\/Aktuell\/wp-content\/uploads\/2017\/06\/IMG_20170617_165930.jpg\" alt=\"\" width=\"172\" height=\"304\" \/><\/a>Auf Einladung des Priors\/Leiters, der <strong>FJM<\/strong>, Br.Johannes-Marcus, kamen die Mitglieder zum gemeinsamen Gebet und zum Austausch (<em>Planung f\u00fcr das Jahr 2018<\/em>) zusammen.<\/p>\n<p>In der Anbetungsstunde beteten wir f\u00fcr die verstorbenen Angeh\u00f6rigen, Freunde und Wohlt\u00e4ter &#8230; insbesondere f\u00fcr Ute Z.(<em>58, Cousine von Br.JM, die durch einen Motorradunfall verstorben ist<\/em>), Hw. P. Ingo Dollinger (<em>88<\/em>), ein Unterst\u00fctzer der FJM und der unserer Schrift &#8222;<em><strong>Licht &amp; Finsternis<\/strong><\/em>&#8220; den letzten Schliff gab, sowie f\u00fcr Altkanzler Helmut Kohl, der am Freitag (<em>16. Juni<\/em>) verstorben war.<\/p>\n<p>In der Katechese ging der Bruder inhaltlich insbesondere auf das Thema Vers\u00f6hnung ein. Denn wieder erkennen <!--more-->wir im Einzelfall, welche Konsequenzen die mangelnde Vers\u00f6hnungsbereitschaft, selbst in der Familie, bringen kann. Nicht umsonst bitten wir im &#8222;Vater unser&#8220; um Vergebung, &#8222;&#8230; wie auch wir vergeben&#8230;&#8220;. Doch wenn wir nicht vergeben, wie wollen wir Vergebung erlangen. &#8222;Ergo m\u00fcssen wir eintreten, stellvertretend f\u00fcr die Verstorbenen und Angeh\u00f6rigen, damit keinem aus diesem Grund der Himmel verschlossen bleibe!&#8220;<\/p>\n<p><a href=\"https:\/\/fjm-ritter.de\/Aktuell\/wp-content\/uploads\/2017\/06\/20170617_163145.jpg\"><img loading=\"lazy\" decoding=\"async\" class=\"wp-image-2626 alignright\" src=\"https:\/\/fjm-ritter.de\/Aktuell\/wp-content\/uploads\/2017\/06\/20170617_163145.jpg\" alt=\"\" width=\"275\" height=\"209\" \/><\/a>Bei der Agape \u00fcberraschten die Mitglieder den Leiter, der am folgenden Dienstag (<em>20. Juni<\/em>) seinen<strong> 60<\/strong>. Geburtstag beging.<\/p>\n<p>Aber es wurde auch gearbeitet. Man \u00fcberlegte gemeinsame Termine f\u00fcr das Jahr 2018. Jetzt haben alle Gelegenheit, <em><strong>bis zum 29. Juli<\/strong><\/em> Vorschl\u00e4ge zu erarbeiten, denn dann treffen sich die Blaur\u00f6cke &#8222;Nord&#8220; &#8230; beim Apostolatstag (<em>30. September<\/em>) werden dann die Termine feierlich proklamiert.<\/p>\n<p>&nbsp;<\/p>\n<p>&nbsp;<\/p>\n","protected":false},"excerpt":{"rendered":"<p>Auf Einladung des Priors\/Leiters, der FJM, Br.Johannes-Marcus, kamen die Mitglieder zum gemeinsamen Gebet und zum Austausch (Planung f\u00fcr das Jahr 2018) zusammen. In der Anbetungsstunde beteten wir f\u00fcr die verstorbenen Angeh\u00f6rigen, Freunde und Wohlt\u00e4ter &#8230; insbesondere f\u00fcr Ute Z.(58, Cousine &hellip; <a href=\"https:\/\/fjm-ritter.de\/Aktuell\/?p=2624\">Weiterlesen <span class=\"meta-nav\">&rarr;<\/span><\/a><\/p>\n","protected":false},"author":9,"featured_media":0,"comment_status":"open","ping_status":"closed","sticky":false,"template":"","format":"standard","meta":{"footnotes":""},"categories":[1],"tags":[],"class_list":["post-2624","post","type-post","status-publish","format-standard","hentry","category-allgemein"],"_links":{"self":[{"href":"https:\/\/fjm-ritter.de\/Aktuell\/index.php?rest_route=\/wp\/v2\/posts\/2624","targetHints":{"allow":["GET"]}}],"collection":[{"href":"https:\/\/fjm-ritter.de\/Aktuell\/index.php?rest_route=\/wp\/v2\/posts"}],"about":[{"href":"https:\/\/fjm-ritter.de\/Aktuell\/index.php?rest_route=\/wp\/v2\/types\/post"}],"author":[{"embeddable":true,"href":"https:\/\/fjm-ritter.de\/Aktuell\/index.php?rest_route=\/wp\/v2\/users\/9"}],"replies":[{"embeddable":true,"href":"https:\/\/fjm-ritter.de\/Aktuell\/index.php?rest_route=%2Fwp%2Fv2%2Fcomments&post=2624"}],"version-history":[{"count":4,"href":"https:\/\/fjm-ritter.de\/Aktuell\/index.php?rest_route=\/wp\/v2\/posts\/2624\/revisions"}],"predecessor-version":[{"id":2630,"href":"https:\/\/fjm-ritter.de\/Aktuell\/index.php?rest_route=\/wp\/v2\/posts\/2624\/revisions\/2630"}],"wp:attachment":[{"href":"https:\/\/fjm-ritter.de\/Aktuell\/index.php?rest_route=%2Fwp%2Fv2%2Fmedia&parent=2624"}],"wp:term":[{"taxonomy":"category","embeddable":true,"href":"https:\/\/fjm-ritter.de\/Aktuell\/index.php?rest_route=%2Fwp%2Fv2%2Fcategories&post=2624"},{"taxonomy":"post_tag","embeddable":true,"href":"https:\/\/fjm-ritter.de\/Aktuell\/index.php?rest_route=%2Fwp%2Fv2%2Ftags&post=2624"}],"curies":[{"name":"wp","href":"https:\/\/api.w.org\/{rel}","templated":true}]}}