{"id":3226,"date":"2019-12-10T12:43:45","date_gmt":"2019-12-10T12:43:45","guid":{"rendered":"http:\/\/fjm-ritter.de\/Aktuell\/?p=3226"},"modified":"2019-12-10T12:53:30","modified_gmt":"2019-12-10T12:53:30","slug":"zum-2-adventssonntag","status":"publish","type":"post","link":"https:\/\/fjm-ritter.de\/Aktuell\/?p=3226","title":{"rendered":"zum 2. Adventssonntag"},"content":{"rendered":"\n<div class=\"wp-block-image\"><figure class=\"alignleft size-large is-resized\"><img loading=\"lazy\" decoding=\"async\" src=\"https:\/\/fjm-ritter.de\/Aktuell\/wp-content\/uploads\/2019\/12\/vorweihnachtliche-Krippe-1024x485.jpg\" alt=\"\" class=\"wp-image-3223\" width=\"339\" height=\"160\" srcset=\"https:\/\/fjm-ritter.de\/Aktuell\/wp-content\/uploads\/2019\/12\/vorweihnachtliche-Krippe-1024x485.jpg 1024w, https:\/\/fjm-ritter.de\/Aktuell\/wp-content\/uploads\/2019\/12\/vorweihnachtliche-Krippe-300x142.jpg 300w, https:\/\/fjm-ritter.de\/Aktuell\/wp-content\/uploads\/2019\/12\/vorweihnachtliche-Krippe-768x364.jpg 768w, https:\/\/fjm-ritter.de\/Aktuell\/wp-content\/uploads\/2019\/12\/vorweihnachtliche-Krippe-500x237.jpg 500w, https:\/\/fjm-ritter.de\/Aktuell\/wp-content\/uploads\/2019\/12\/vorweihnachtliche-Krippe.jpg 1352w\" sizes=\"auto, (max-width: 339px) 100vw, 339px\" \/><\/figure><\/div>\n\n\n\n<p>&#8222;&#8230; <strong>und dann, wenn ihr es nicht erwartet<\/strong>!&#8220;<br> <br> Wie hie\u00df es in den letzten Lesungen? Wie zu Noah&#8217;s Zeiten&#8230; und pl\u00f6tzlich kommt das Ende.<br> Sie waren mit sich so sehr besch\u00e4ftigt; ja, sie nahmen den Noah nicht ernst, ganz im Gegenteil. <br> <br> &#8230; wie zu Lot&#8217;s Zeiten, als Gott seine Boten ausgesandt hat, wollten sie nicht auf Lot h\u00f6ren.<br> Und da sprachen die Engel: flieht, flieht in die Berge &#8230; und schaut Euch nicht um.<br> <br>  Heute glaubt kaum noch wer, das Gott eingreifen wird um Sein Volk zu  befreien \/ zu retten vor den \u00dcbelt\u00e4tern dieser Tage (in Welt UND  Kirche). Sie w\u00e4hnen sich in bester Position; doch ich sage ALLEN: ER  selbst wird kommen um Seine Herde zu weiden, die die den Willen des  Vaters tun.<br> <br> Allen anderen wird nicht mehr zu helfen sein, die  durch ihre Egoismen in den Vordergrund ger\u00fcckt und den Gotteskindern  verweigert haben, was ihnen zur Heiligung n\u00f6tig war.<br> <br> Siehe, die  Sunde kommt, wenn ihr es nicht erwartet; gut wenn der Herr dich findet  bei der Erf\u00fcllung der Aufgabe, die ER dir aufgetragen hatte. <br> Denn dann hast Du nichts zu f\u00fcrchten&#8230;<\/p>\n","protected":false},"excerpt":{"rendered":"<p>&#8222;&#8230; und dann, wenn ihr es nicht erwartet!&#8220; Wie hie\u00df es in den letzten Lesungen? Wie zu Noah&#8217;s Zeiten&#8230; und pl\u00f6tzlich kommt das Ende. Sie waren mit sich so sehr besch\u00e4ftigt; ja, sie nahmen den Noah nicht ernst, ganz im &hellip; <a href=\"https:\/\/fjm-ritter.de\/Aktuell\/?p=3226\">Weiterlesen <span class=\"meta-nav\">&rarr;<\/span><\/a><\/p>\n","protected":false},"author":9,"featured_media":0,"comment_status":"open","ping_status":"closed","sticky":false,"template":"","format":"standard","meta":{"footnotes":""},"categories":[1],"tags":[],"class_list":["post-3226","post","type-post","status-publish","format-standard","hentry","category-allgemein"],"_links":{"self":[{"href":"https:\/\/fjm-ritter.de\/Aktuell\/index.php?rest_route=\/wp\/v2\/posts\/3226","targetHints":{"allow":["GET"]}}],"collection":[{"href":"https:\/\/fjm-ritter.de\/Aktuell\/index.php?rest_route=\/wp\/v2\/posts"}],"about":[{"href":"https:\/\/fjm-ritter.de\/Aktuell\/index.php?rest_route=\/wp\/v2\/types\/post"}],"author":[{"embeddable":true,"href":"https:\/\/fjm-ritter.de\/Aktuell\/index.php?rest_route=\/wp\/v2\/users\/9"}],"replies":[{"embeddable":true,"href":"https:\/\/fjm-ritter.de\/Aktuell\/index.php?rest_route=%2Fwp%2Fv2%2Fcomments&post=3226"}],"version-history":[{"count":2,"href":"https:\/\/fjm-ritter.de\/Aktuell\/index.php?rest_route=\/wp\/v2\/posts\/3226\/revisions"}],"predecessor-version":[{"id":3228,"href":"https:\/\/fjm-ritter.de\/Aktuell\/index.php?rest_route=\/wp\/v2\/posts\/3226\/revisions\/3228"}],"wp:attachment":[{"href":"https:\/\/fjm-ritter.de\/Aktuell\/index.php?rest_route=%2Fwp%2Fv2%2Fmedia&parent=3226"}],"wp:term":[{"taxonomy":"category","embeddable":true,"href":"https:\/\/fjm-ritter.de\/Aktuell\/index.php?rest_route=%2Fwp%2Fv2%2Fcategories&post=3226"},{"taxonomy":"post_tag","embeddable":true,"href":"https:\/\/fjm-ritter.de\/Aktuell\/index.php?rest_route=%2Fwp%2Fv2%2Ftags&post=3226"}],"curies":[{"name":"wp","href":"https:\/\/api.w.org\/{rel}","templated":true}]}}