{"id":3629,"date":"2020-12-31T18:31:21","date_gmt":"2020-12-31T18:31:21","guid":{"rendered":"http:\/\/fjm-ritter.de\/Aktuell\/?p=3629"},"modified":"2021-01-02T09:14:20","modified_gmt":"2021-01-02T09:14:20","slug":"der-jahreswechsel","status":"publish","type":"post","link":"https:\/\/fjm-ritter.de\/Aktuell\/?p=3629","title":{"rendered":"Der Jahreswechsel"},"content":{"rendered":"\n<figure class=\"wp-block-image size-large\"><a href=\"https:\/\/fjm-ritter.de\/Aktuell\/wp-content\/uploads\/2020\/12\/WhatsApp-Image-2020-12-30-at-14.21.44.jpeg\"><img loading=\"lazy\" decoding=\"async\" width=\"1024\" height=\"558\" src=\"https:\/\/fjm-ritter.de\/Aktuell\/wp-content\/uploads\/2020\/12\/WhatsApp-Image-2020-12-30-at-14.21.44-1024x558.jpeg\" alt=\"\" class=\"wp-image-3603\" srcset=\"https:\/\/fjm-ritter.de\/Aktuell\/wp-content\/uploads\/2020\/12\/WhatsApp-Image-2020-12-30-at-14.21.44-1024x558.jpeg 1024w, https:\/\/fjm-ritter.de\/Aktuell\/wp-content\/uploads\/2020\/12\/WhatsApp-Image-2020-12-30-at-14.21.44-300x163.jpeg 300w, https:\/\/fjm-ritter.de\/Aktuell\/wp-content\/uploads\/2020\/12\/WhatsApp-Image-2020-12-30-at-14.21.44-768x418.jpeg 768w, https:\/\/fjm-ritter.de\/Aktuell\/wp-content\/uploads\/2020\/12\/WhatsApp-Image-2020-12-30-at-14.21.44-500x272.jpeg 500w, https:\/\/fjm-ritter.de\/Aktuell\/wp-content\/uploads\/2020\/12\/WhatsApp-Image-2020-12-30-at-14.21.44.jpeg 1280w\" sizes=\"auto, (max-width: 1024px) 100vw, 1024px\" \/><\/a><figcaption>Jahresheilige! M\u00f6chtest auch Du eine\/n Jahresheilige\/n; ein Wort das Dich begleitet, im neuen Jahr? Schreib uns an; oder rufe uns an &#8230; <\/figcaption><\/figure>\n\n\n\n<p>F\u00fcr viele ist der Start des neuen Jahres sehr wichtig! Darum wartet man auch nicht bis Mitternacht, sondern man z\u00fcndet schon Stunden vorher die Raketen und so weiter&#8230;<br><br>2020 hat alles ein wenig durcheinander gebracht! Wozu, warum das ganze &#8230; hast Du einmal dar\u00fcber nachgedacht?<\/p>\n\n\n\n<p>Ich w\u00fcnsche ALLEN das 2021 in ALLEM besser wird, aber ein jeder muss den Anfang dazu machen. Und genau das w\u00fcnsche ich Dir und den Deinen: Das ein jeder bei sich beginnt, das Alte hinter sich zu lassen und das Neue bewu\u00dft zu begehen&#8230;<br><br>Mit ALLEM was Du Dir und f\u00fcr die Deinen w\u00fcnschst! Und das ist nicht nur Gesundheit und Wohlstand, sondern echte Freiheit und wahren Frieden &#8230; mit Dir und den Deinen.<br><br>Segen +++<br>die FJM&#8217;ler, i.a. Br. Johannes-Marcus<\/p>\n","protected":false},"excerpt":{"rendered":"<p>F\u00fcr viele ist der Start des neuen Jahres sehr wichtig! Darum wartet man auch nicht bis Mitternacht, sondern man z\u00fcndet schon Stunden vorher die Raketen und so weiter&#8230; 2020 hat alles ein wenig durcheinander gebracht! Wozu, warum das ganze &#8230; &hellip; <a href=\"https:\/\/fjm-ritter.de\/Aktuell\/?p=3629\">Weiterlesen <span class=\"meta-nav\">&rarr;<\/span><\/a><\/p>\n","protected":false},"author":9,"featured_media":0,"comment_status":"open","ping_status":"closed","sticky":false,"template":"","format":"standard","meta":{"footnotes":""},"categories":[1],"tags":[],"class_list":["post-3629","post","type-post","status-publish","format-standard","hentry","category-allgemein"],"_links":{"self":[{"href":"https:\/\/fjm-ritter.de\/Aktuell\/index.php?rest_route=\/wp\/v2\/posts\/3629","targetHints":{"allow":["GET"]}}],"collection":[{"href":"https:\/\/fjm-ritter.de\/Aktuell\/index.php?rest_route=\/wp\/v2\/posts"}],"about":[{"href":"https:\/\/fjm-ritter.de\/Aktuell\/index.php?rest_route=\/wp\/v2\/types\/post"}],"author":[{"embeddable":true,"href":"https:\/\/fjm-ritter.de\/Aktuell\/index.php?rest_route=\/wp\/v2\/users\/9"}],"replies":[{"embeddable":true,"href":"https:\/\/fjm-ritter.de\/Aktuell\/index.php?rest_route=%2Fwp%2Fv2%2Fcomments&post=3629"}],"version-history":[{"count":3,"href":"https:\/\/fjm-ritter.de\/Aktuell\/index.php?rest_route=\/wp\/v2\/posts\/3629\/revisions"}],"predecessor-version":[{"id":3635,"href":"https:\/\/fjm-ritter.de\/Aktuell\/index.php?rest_route=\/wp\/v2\/posts\/3629\/revisions\/3635"}],"wp:attachment":[{"href":"https:\/\/fjm-ritter.de\/Aktuell\/index.php?rest_route=%2Fwp%2Fv2%2Fmedia&parent=3629"}],"wp:term":[{"taxonomy":"category","embeddable":true,"href":"https:\/\/fjm-ritter.de\/Aktuell\/index.php?rest_route=%2Fwp%2Fv2%2Fcategories&post=3629"},{"taxonomy":"post_tag","embeddable":true,"href":"https:\/\/fjm-ritter.de\/Aktuell\/index.php?rest_route=%2Fwp%2Fv2%2Ftags&post=3629"}],"curies":[{"name":"wp","href":"https:\/\/api.w.org\/{rel}","templated":true}]}}