{"id":3663,"date":"2021-02-16T17:02:43","date_gmt":"2021-02-16T17:02:43","guid":{"rendered":"http:\/\/fjm-ritter.de\/Aktuell\/?p=3663"},"modified":"2021-02-27T17:07:34","modified_gmt":"2021-02-27T17:07:34","slug":"aschermittwoch","status":"publish","type":"post","link":"https:\/\/fjm-ritter.de\/Aktuell\/?p=3663","title":{"rendered":"Aschermittwoch"},"content":{"rendered":"\n<figure class=\"wp-block-image size-large\"><a href=\"https:\/\/fjm-ritter.de\/Aktuell\/wp-content\/uploads\/2021\/02\/Screenshot_20210216-161215_WhatsApp.jpg\"><img loading=\"lazy\" decoding=\"async\" width=\"1024\" height=\"570\" src=\"https:\/\/fjm-ritter.de\/Aktuell\/wp-content\/uploads\/2021\/02\/Screenshot_20210216-161215_WhatsApp-1024x570.jpg\" alt=\"\" class=\"wp-image-3666\" srcset=\"https:\/\/fjm-ritter.de\/Aktuell\/wp-content\/uploads\/2021\/02\/Screenshot_20210216-161215_WhatsApp-1024x570.jpg 1024w, https:\/\/fjm-ritter.de\/Aktuell\/wp-content\/uploads\/2021\/02\/Screenshot_20210216-161215_WhatsApp-300x167.jpg 300w, https:\/\/fjm-ritter.de\/Aktuell\/wp-content\/uploads\/2021\/02\/Screenshot_20210216-161215_WhatsApp-768x427.jpg 768w, https:\/\/fjm-ritter.de\/Aktuell\/wp-content\/uploads\/2021\/02\/Screenshot_20210216-161215_WhatsApp-500x278.jpg 500w, https:\/\/fjm-ritter.de\/Aktuell\/wp-content\/uploads\/2021\/02\/Screenshot_20210216-161215_WhatsApp.jpg 1440w\" sizes=\"auto, (max-width: 1024px) 100vw, 1024px\" \/><\/a><figcaption>&#8230;<\/figcaption><\/figure>\n\n\n\n<p><strong>Beginn der vierzig t\u00e4gigigen Fasten<\/strong><\/p>\n\n\n\n<p>&#8222;Bekehrt euch und glaubt an das Evangelium.&#8220;<br><br>oder auch<br><br>&#8222;Bedenke, Mensch, dass du Staub bist und wieder zum Staub zur\u00fcckkehren wirst.&#8220;<br><br>&#8230; mit diesen Worten zeichnet der Priester ein Kreuz auf deine Stirn bzw. streut Asche auf dein Haupt.<br><br>Die gesegnete Asche wird von den Palmzweigen des Vorjahres erstellt; in der Feier der Heiligen Messe am Aschermittwoch gesegnet und die Gl\u00e4ubigen \/ Teilnehmer\/innen werden damit gezeichnet.<br><br>Wozu? Nun, die oben genannten Worte erkl\u00e4ren es: das Alte vergeht und du bist eingeladen zur Erneuerung \/ dich zu bekehren &#8211; also Gott wieder zuzuwenden.<br><br>Ein Akt der Bu\u00dfe,&nbsp; zu Beginn der 40 t\u00e4gigen Fastenzeit &#8230;<br><br>Ein Zeichen der 40 j\u00e4hrigen Wanderung Israels durch die W\u00fcste &#8211; im Alten Bund; die 40 Tage Jesu in der W\u00fcste, zum Beginn seines Wirkens nach seiner Taufe, durch Johannes- am Jordan.<br><br>Also ein eindeutiges biblisches Zeichen; eine eindeutige biblische Einladung &#8211; besonders in diesen Zeiten.<br><br>Dabei geht es nicht nur um leibliches Fasten,&nbsp; sondern \u00fcberhaupt&#8230; das alte &#8211; bisherige zu pr\u00fcfen, wie mein Tun mit den Gebot\/en \u00fcbereinstimmt.<br>Br\u00fcche aufzuarbeiten \/ zur Heilung auf den Weg bringen; wieder gut machen &#8230; was mit einer sakramentalen Beichte &#8211; zumindest in dieser Fastenzeit f\u00fcr jeden Katholiken &#8211; verbunden ist.<br><br>Ich w\u00fcnsche Dir und den Deinen eine gnadenreiche und gesegnete Fastenzeit +++<\/p>\n\n\n\n<p>Unser <a href=\"http:\/\/www.fjm-ritter.info\/cgi-bin\/yabb2\/YaBB.pl?catselect=4444444\" target=\"_blank\" rel=\"noreferrer noopener\">Fastenkalender<\/a><\/p>\n\n\n\n<p><span style=\"text-decoration: underline;\"><\/span><\/p>\n\n\n\n<p><\/p>\n","protected":false},"excerpt":{"rendered":"<p>Beginn der vierzig t\u00e4gigigen Fasten &#8222;Bekehrt euch und glaubt an das Evangelium.&#8220; oder auch &#8222;Bedenke, Mensch, dass du Staub bist und wieder zum Staub zur\u00fcckkehren wirst.&#8220; &#8230; mit diesen Worten zeichnet der Priester ein Kreuz auf deine Stirn bzw. streut &hellip; <a href=\"https:\/\/fjm-ritter.de\/Aktuell\/?p=3663\">Weiterlesen <span class=\"meta-nav\">&rarr;<\/span><\/a><\/p>\n","protected":false},"author":9,"featured_media":0,"comment_status":"open","ping_status":"closed","sticky":false,"template":"","format":"standard","meta":{"footnotes":""},"categories":[1],"tags":[],"class_list":["post-3663","post","type-post","status-publish","format-standard","hentry","category-allgemein"],"_links":{"self":[{"href":"https:\/\/fjm-ritter.de\/Aktuell\/index.php?rest_route=\/wp\/v2\/posts\/3663","targetHints":{"allow":["GET"]}}],"collection":[{"href":"https:\/\/fjm-ritter.de\/Aktuell\/index.php?rest_route=\/wp\/v2\/posts"}],"about":[{"href":"https:\/\/fjm-ritter.de\/Aktuell\/index.php?rest_route=\/wp\/v2\/types\/post"}],"author":[{"embeddable":true,"href":"https:\/\/fjm-ritter.de\/Aktuell\/index.php?rest_route=\/wp\/v2\/users\/9"}],"replies":[{"embeddable":true,"href":"https:\/\/fjm-ritter.de\/Aktuell\/index.php?rest_route=%2Fwp%2Fv2%2Fcomments&post=3663"}],"version-history":[{"count":2,"href":"https:\/\/fjm-ritter.de\/Aktuell\/index.php?rest_route=\/wp\/v2\/posts\/3663\/revisions"}],"predecessor-version":[{"id":3684,"href":"https:\/\/fjm-ritter.de\/Aktuell\/index.php?rest_route=\/wp\/v2\/posts\/3663\/revisions\/3684"}],"wp:attachment":[{"href":"https:\/\/fjm-ritter.de\/Aktuell\/index.php?rest_route=%2Fwp%2Fv2%2Fmedia&parent=3663"}],"wp:term":[{"taxonomy":"category","embeddable":true,"href":"https:\/\/fjm-ritter.de\/Aktuell\/index.php?rest_route=%2Fwp%2Fv2%2Fcategories&post=3663"},{"taxonomy":"post_tag","embeddable":true,"href":"https:\/\/fjm-ritter.de\/Aktuell\/index.php?rest_route=%2Fwp%2Fv2%2Ftags&post=3663"}],"curies":[{"name":"wp","href":"https:\/\/api.w.org\/{rel}","templated":true}]}}