{"id":3774,"date":"2021-04-27T07:37:03","date_gmt":"2021-04-27T07:37:03","guid":{"rendered":"http:\/\/fjm-ritter.de\/Aktuell\/?p=3774"},"modified":"2021-05-05T12:35:19","modified_gmt":"2021-05-05T12:35:19","slug":"verlernen-wir-zu-glauben","status":"publish","type":"post","link":"https:\/\/fjm-ritter.de\/Aktuell\/?p=3774","title":{"rendered":"Ver\u00e4ndert uns Corona?"},"content":{"rendered":"\n<figure class=\"wp-block-image size-large\"><a href=\"https:\/\/fjm-ritter.de\/Aktuell\/wp-content\/uploads\/2021\/04\/FB_IMG_1619508494520.jpg\"><img loading=\"lazy\" decoding=\"async\" width=\"794\" height=\"373\" src=\"https:\/\/fjm-ritter.de\/Aktuell\/wp-content\/uploads\/2021\/04\/FB_IMG_1619508494520.jpg\" alt=\"\" class=\"wp-image-3775\" srcset=\"https:\/\/fjm-ritter.de\/Aktuell\/wp-content\/uploads\/2021\/04\/FB_IMG_1619508494520.jpg 794w, https:\/\/fjm-ritter.de\/Aktuell\/wp-content\/uploads\/2021\/04\/FB_IMG_1619508494520-300x141.jpg 300w, https:\/\/fjm-ritter.de\/Aktuell\/wp-content\/uploads\/2021\/04\/FB_IMG_1619508494520-768x361.jpg 768w, https:\/\/fjm-ritter.de\/Aktuell\/wp-content\/uploads\/2021\/04\/FB_IMG_1619508494520-500x235.jpg 500w\" sizes=\"auto, (max-width: 794px) 100vw, 794px\" \/><\/a><figcaption>http:\/\/vulgata.info &#8230; eine Serie, die aus dem Herzen kommt!<\/figcaption><\/figure>\n\n\n\n<p>Corna-Zeit h\u00e4tte was aus uns machen k\u00f6nnen &#8230; wenn wir gelebt h\u00e4tten, was Christus sagt, das wir leben sollten.<\/p>\n\n\n\n<p>Doch Dunkelheit und \u00c4ngste haben viele gefesselt, angeleitet von hunderten, ja tausenden falschen Informationen und s.g. Botschaften, die Wut, den Zorn &#8230; ja den Hass in einem aufkeimen lassen &#8230; und tr\u00e4gt immer mehr faule Fr\u00fcchte.<br>Die Ungeister dieser Tage leisten ganze Arbeit!<\/p>\n\n\n\n<p>Ich habe gesagt, schon bevor Corona begann, auf die Zeiten die da kommen (<em>und wir sind noch lange nicht am Ende)<\/em>, gelassen und voll Vertrauen nach vorn zu schauen: auf das Kreuz zu schauen.<br>Zu beten, wieder gut zu machen, was wir falsch gemacht haben.<br>[mittlerweile hatten wir drei Fastenzeiten (<em>2 x zu Ostern und 1 x zu Weihnachten<\/em>) Zeit, den Schritt zur Besinnung \/ Umkehr zu wagen!]<\/p>\n\n\n\n<p>Ich lade dazu ein: schaltet die falschen Informationen \/ Botschaften aus; besch\u00e4ftigt Euch mit dem <a rel=\"noreferrer noopener\" href=\"http:\/\/vulgata.info\/index.php?title=Kategorie:Vulgata:NT:Joh06\" target=\"_blank\">Johannes Evangelium<\/a> &#8230; oder Lukas; Matth\u00e4us oder Markus &#8230; lest es und lasst es in Euch hinein. Ich habe angelinkt &#8222;die Brotrede&#8220; Jesu &#8230; angefangen von der Vermehrung &#8230; am Ende fragt Euch mal &#8230; was \/ wer ist die Eucharistie f\u00fcr Dich.<br>Bist Du jemand der sagt: &#8222;<strong><em>das ist ja unertr\u00e4glich<\/em><\/strong>&#8220; &#8211; wie heute schon in vielen Gemeinden von etwas gesprochen wird; vom s.g. heiligen Brot<br>&#8230; oder: &#8222;<em><strong>wohin sollen wir gehen, du hast Worte ewigen Lebens<\/strong><\/em>&#8220; &#8211; wo noch von jemanden gesprochen wird; dass es Jesus selbst ist, in der Eucharistie.<\/p>\n\n\n\n<p>Der Umgang mit der r\u00f6m.kath. Kirche (<em>den mystischen Leib Jesu<\/em>) und den Sakramenten zeigt mir immer mehr, wie gro\u00df der Graben zwischen der Lehre Jesu und den Lehren der Welt (<em>im Amtsrock<\/em>) ist, dass dann kein echter Glaube wachsen kann, ist f\u00fcr mich ganz normal.<\/p>\n\n\n\n<p>Das man sich an den Schw\u00e4chen st\u00f6\u00dft; statt an den Wunden zu arbeiten; ganz normal &#8230; das es weltlich gesehen zum davonlaufen ist. Davonlaufen von der Wahrheit, die von Gott \/ Jesus selber kommt, die ganz anders ist, als uns heute in vielen Kirchen des deutschen Sprachraums vorgetragen wird.<\/p>\n\n\n\n<p>Wenden wir uns der Wahrheit zu, denn es ist Zeit!!! Zeit f\u00fcr Umkehr!!!<\/p>\n","protected":false},"excerpt":{"rendered":"<p>Corna-Zeit h\u00e4tte was aus uns machen k\u00f6nnen &#8230; wenn wir gelebt h\u00e4tten, was Christus sagt, das wir leben sollten. Doch Dunkelheit und \u00c4ngste haben viele gefesselt, angeleitet von hunderten, ja tausenden falschen Informationen und s.g. Botschaften, die Wut, den Zorn &hellip; <a href=\"https:\/\/fjm-ritter.de\/Aktuell\/?p=3774\">Weiterlesen <span class=\"meta-nav\">&rarr;<\/span><\/a><\/p>\n","protected":false},"author":9,"featured_media":0,"comment_status":"open","ping_status":"closed","sticky":false,"template":"","format":"standard","meta":{"footnotes":""},"categories":[1],"tags":[],"class_list":["post-3774","post","type-post","status-publish","format-standard","hentry","category-allgemein"],"_links":{"self":[{"href":"https:\/\/fjm-ritter.de\/Aktuell\/index.php?rest_route=\/wp\/v2\/posts\/3774","targetHints":{"allow":["GET"]}}],"collection":[{"href":"https:\/\/fjm-ritter.de\/Aktuell\/index.php?rest_route=\/wp\/v2\/posts"}],"about":[{"href":"https:\/\/fjm-ritter.de\/Aktuell\/index.php?rest_route=\/wp\/v2\/types\/post"}],"author":[{"embeddable":true,"href":"https:\/\/fjm-ritter.de\/Aktuell\/index.php?rest_route=\/wp\/v2\/users\/9"}],"replies":[{"embeddable":true,"href":"https:\/\/fjm-ritter.de\/Aktuell\/index.php?rest_route=%2Fwp%2Fv2%2Fcomments&post=3774"}],"version-history":[{"count":3,"href":"https:\/\/fjm-ritter.de\/Aktuell\/index.php?rest_route=\/wp\/v2\/posts\/3774\/revisions"}],"predecessor-version":[{"id":3785,"href":"https:\/\/fjm-ritter.de\/Aktuell\/index.php?rest_route=\/wp\/v2\/posts\/3774\/revisions\/3785"}],"wp:attachment":[{"href":"https:\/\/fjm-ritter.de\/Aktuell\/index.php?rest_route=%2Fwp%2Fv2%2Fmedia&parent=3774"}],"wp:term":[{"taxonomy":"category","embeddable":true,"href":"https:\/\/fjm-ritter.de\/Aktuell\/index.php?rest_route=%2Fwp%2Fv2%2Fcategories&post=3774"},{"taxonomy":"post_tag","embeddable":true,"href":"https:\/\/fjm-ritter.de\/Aktuell\/index.php?rest_route=%2Fwp%2Fv2%2Ftags&post=3774"}],"curies":[{"name":"wp","href":"https:\/\/api.w.org\/{rel}","templated":true}]}}