{"id":3825,"date":"2021-06-05T15:33:01","date_gmt":"2021-06-05T15:33:01","guid":{"rendered":"http:\/\/fjm-ritter.de\/Aktuell\/?p=3825"},"modified":"2021-06-10T18:54:23","modified_gmt":"2021-06-10T18:54:23","slug":"es-gibt-das-boese-und-es-gibt-den-boesen","status":"publish","type":"post","link":"https:\/\/fjm-ritter.de\/Aktuell\/?p=3825","title":{"rendered":"\u201eEs gibt das B\u00f6se, und es gibt den B\u00f6sen!\u201c"},"content":{"rendered":"\n<figure class=\"wp-block-image size-large\"><a href=\"https:\/\/fjm-ritter.de\/Aktuell\/wp-content\/uploads\/2021\/06\/02.jpg\"><img loading=\"lazy\" decoding=\"async\" width=\"780\" height=\"600\" src=\"https:\/\/fjm-ritter.de\/Aktuell\/wp-content\/uploads\/2021\/06\/02.jpg\" alt=\"\" class=\"wp-image-3827\" srcset=\"https:\/\/fjm-ritter.de\/Aktuell\/wp-content\/uploads\/2021\/06\/02.jpg 780w, https:\/\/fjm-ritter.de\/Aktuell\/wp-content\/uploads\/2021\/06\/02-300x231.jpg 300w, https:\/\/fjm-ritter.de\/Aktuell\/wp-content\/uploads\/2021\/06\/02-768x591.jpg 768w, https:\/\/fjm-ritter.de\/Aktuell\/wp-content\/uploads\/2021\/06\/02-390x300.jpg 390w\" sizes=\"auto, (max-width: 780px) 100vw, 780px\" \/><\/a><figcaption>der Tanz um das &#8222;goldene Kalb&#8220;, &#8230; bis in jetzt tanzen sie noch immer!<\/figcaption><\/figure>\n\n\n\n<p>\u2026 auch wenn viele das Leugnen, sogar im Klerus, was der Papst ausdr\u00fccklich nicht guthei\u00dft und selbst von den Ungeistern spricht. Diese k\u00f6nnen in uns, mit uns und durch uns aktiv werden \u2013 gegen den N\u00e4chsten, gegen die Gesellschaft, gegen die Natur.<br>\u201e<strong><em>Die Geschichte der Menschheit ist der Beweis daf\u00fcr.<\/em><\/strong>\u201c<\/p>\n\n\n\n<p>Je nachdem ich mich wie zuwende, ist er schweigend oder laut!<\/p>\n\n\n\n<p>In unserer Kirche, so sprach der em. Papst Benedikt XVI. von den Ungeistern, die im und nach dem zweiten Vaticanum unsere Kirche schweren Schaden zugef\u00fcgt hat [zu sehen an den Geb\u00e4uden, der innen-\/Ausstattung, der Liturgie und wie Teile des geweihten Lebens sich geben \/ verhalten].<\/p>\n\n\n\n<p>Nein, leugnen kann man es nicht. Der Luzifer (<em>der Satan; der Menschenm\u00f6rder von Anbeginn<\/em>) zeigt sich zu deutlich \u2013 im JETZT, in seinem scheinbaren Sieg \u2013 wie es medial ausgeschlachtet wird.<\/p>\n\n\n\n<p>Beispiel? Es gibt fast 420.000 Priester die gute Arbeit im Weinberg leisten und leben was die versprochen \/ gelobt haben. Wenige sind es, die durch \u2013 <em>diabolische<\/em> \u2013 schwerste Straftaten, das gesamte Priestertum beschmutzen und mit mediale zerst\u00f6rerische Kraft (<em>ebenso in Teilen Werkzeuge vom Geist der Finsternis<\/em>) insbesondere der katholischen Kirche zerst\u00f6rerischen Schaden zuf\u00fcgen wollen (<em>eine Posse Satans, die schon \u00fcber 2000 Jahre l\u00e4uft<\/em>) \u2026 der Tanz um das \u201egoldene Kalb\u201c ist auch in dieser Zeit im vollem Gange. Zu viele (insbesondere in den satten L\u00e4ndern \u2013 auch gerade im deutschen Sprachraum) haben sich diesem Tanz angeschlossen, weil sie dadurch medial Streicheleinheiten bekommen.<\/p>\n\n\n\n<p>Sie ALLE aber machen ihre Rechnung ohne Gott, ohne Jesus \u2026 sie ALLE glauben, dass Gott nicht eingreifen \u2013 dem B\u00f6sen \/ das B\u00f6se bereits ein schweres Ende bereitet hat.<\/p>\n\n\n\n<p><strong>Du meine treue Herde sorge Dich nicht!<\/strong>, .. egal was da in Welt und Kirche kommen wird: Gott hat schon mit der Reinigung von ALL dem \u00dcbel begonnen.<\/p>\n","protected":false},"excerpt":{"rendered":"<p>\u2026 auch wenn viele das Leugnen, sogar im Klerus, was der Papst ausdr\u00fccklich nicht guthei\u00dft und selbst von den Ungeistern spricht. Diese k\u00f6nnen in uns, mit uns und durch uns aktiv werden \u2013 gegen den N\u00e4chsten, gegen die Gesellschaft, gegen &hellip; <a href=\"https:\/\/fjm-ritter.de\/Aktuell\/?p=3825\">Weiterlesen <span class=\"meta-nav\">&rarr;<\/span><\/a><\/p>\n","protected":false},"author":9,"featured_media":0,"comment_status":"open","ping_status":"closed","sticky":false,"template":"","format":"standard","meta":{"footnotes":""},"categories":[1],"tags":[],"class_list":["post-3825","post","type-post","status-publish","format-standard","hentry","category-allgemein"],"_links":{"self":[{"href":"https:\/\/fjm-ritter.de\/Aktuell\/index.php?rest_route=\/wp\/v2\/posts\/3825","targetHints":{"allow":["GET"]}}],"collection":[{"href":"https:\/\/fjm-ritter.de\/Aktuell\/index.php?rest_route=\/wp\/v2\/posts"}],"about":[{"href":"https:\/\/fjm-ritter.de\/Aktuell\/index.php?rest_route=\/wp\/v2\/types\/post"}],"author":[{"embeddable":true,"href":"https:\/\/fjm-ritter.de\/Aktuell\/index.php?rest_route=\/wp\/v2\/users\/9"}],"replies":[{"embeddable":true,"href":"https:\/\/fjm-ritter.de\/Aktuell\/index.php?rest_route=%2Fwp%2Fv2%2Fcomments&post=3825"}],"version-history":[{"count":3,"href":"https:\/\/fjm-ritter.de\/Aktuell\/index.php?rest_route=\/wp\/v2\/posts\/3825\/revisions"}],"predecessor-version":[{"id":3837,"href":"https:\/\/fjm-ritter.de\/Aktuell\/index.php?rest_route=\/wp\/v2\/posts\/3825\/revisions\/3837"}],"wp:attachment":[{"href":"https:\/\/fjm-ritter.de\/Aktuell\/index.php?rest_route=%2Fwp%2Fv2%2Fmedia&parent=3825"}],"wp:term":[{"taxonomy":"category","embeddable":true,"href":"https:\/\/fjm-ritter.de\/Aktuell\/index.php?rest_route=%2Fwp%2Fv2%2Fcategories&post=3825"},{"taxonomy":"post_tag","embeddable":true,"href":"https:\/\/fjm-ritter.de\/Aktuell\/index.php?rest_route=%2Fwp%2Fv2%2Ftags&post=3825"}],"curies":[{"name":"wp","href":"https:\/\/api.w.org\/{rel}","templated":true}]}}