{"id":4018,"date":"2021-08-14T15:22:20","date_gmt":"2021-08-14T15:22:20","guid":{"rendered":"http:\/\/fjm-ritter.de\/Aktuell\/?p=4018"},"modified":"2021-08-21T07:32:50","modified_gmt":"2021-08-21T07:32:50","slug":"dieser-sonntag-hat-zwei-blickfelder","status":"publish","type":"post","link":"https:\/\/fjm-ritter.de\/Aktuell\/?p=4018","title":{"rendered":"Dieser Sonntag hat zwei Blickfelder"},"content":{"rendered":"\n<div class=\"wp-block-media-text alignwide is-stacked-on-mobile is-vertically-aligned-top\"><figure class=\"wp-block-media-text__media\"><img loading=\"lazy\" decoding=\"async\" width=\"687\" height=\"1024\" src=\"https:\/\/fjm-ritter.de\/Aktuell\/wp-content\/uploads\/2021\/08\/Maria_Himmelfahrt-687x1024.jpg\" alt=\"\" class=\"wp-image-4014 size-full\" srcset=\"https:\/\/fjm-ritter.de\/Aktuell\/wp-content\/uploads\/2021\/08\/Maria_Himmelfahrt-687x1024.jpg 687w, https:\/\/fjm-ritter.de\/Aktuell\/wp-content\/uploads\/2021\/08\/Maria_Himmelfahrt-201x300.jpg 201w, https:\/\/fjm-ritter.de\/Aktuell\/wp-content\/uploads\/2021\/08\/Maria_Himmelfahrt-768x1144.jpg 768w, https:\/\/fjm-ritter.de\/Aktuell\/wp-content\/uploads\/2021\/08\/Maria_Himmelfahrt-1031x1536.jpg 1031w, https:\/\/fjm-ritter.de\/Aktuell\/wp-content\/uploads\/2021\/08\/Maria_Himmelfahrt.jpg 1174w\" sizes=\"auto, (max-width: 687px) 100vw, 687px\" \/><\/figure><div class=\"wp-block-media-text__content\">\n<ul class=\"wp-block-list\"><li> 1. &#8222;Die Wahrheit Jesu ist ER selbst. ER allein kann sagen: &#8222;Ich bin die Wahrheit&#8220;. ER allein ist das Licht der Welt, und ER ist das Brot des Lebens = die Eucharistie. Nur wer IHN selbst annimmt, versteht Seine Wahrheit.&#8220; <br><br>So die Einf\u00fchrung zum 20. Sonntag im Jahreskreis. Doch dieser Sonntag hat ein Hochfest, der genau auf diese Seine Wahrheit begr\u00fcndet ist.<br><br>N\u00e4mlich &#8230;<\/li><\/ul>\n<\/div><\/div>\n\n\n\n<p>2. &#8222;&#8230; die Lehre, dass Maria mit Leib und Seele in die himmlische Herrlichkeit aufgenommen wurde&#8220; <\/p>\n\n\n\n<p>Zu oft wurde mir von Nichtkatholiken das Gegenteil eingetrichtert. Mit der Bibel in der Hand, der Lehre widersprochen.<br>Auch s.g. Katholiken, Lehrer die all das widersprechen, was Lehre der r\u00f6m. kath. Kirche ist.<\/p>\n\n\n\n<p>Wer hat (Un-)Recht? <\/p>\n\n\n\n<p>Ich durfte sehen (was ja niemand glauben muss, man mir aber nicht mehr nehmen kann), in der Betrachtung, wie der Erzengel Gabriel Maria besucht und bittet, sich f\u00fcr den Plan Gottes zu entscheiden. <\/p>\n\n\n\n<p>Dass Maria zum Willen Gottes ihr Fiat (ja ich will dienen) gesprochen hat, erkl\u00e4rt sich in Jesus Christus; denn ohne ihr JA keine Heilsgeschichte, keine Erl\u00f6sung! <\/p>\n\n\n\n<p>Dass einige Lehrer, die sich katholisch auswiesen all dies leugnen &#8211; was Lehre der r\u00f6m.kath Kirche ist, hat die Unterweisungen der Freikirchler ja auch noch unterstrichen &#8211; hab ich dann auch noch so weitergetragen &#8211; fast 13 Jahre lang. <\/p>\n\n\n\n<p>Doch Jesus Christus selbst, der wie oben beschrieben: &#8222;die Wahrheit selbst ist&#8220;, hat mich am 31. Juli 1998 eines besseren belehrt, n\u00e4mlich dass sich nicht der Papst irrt, sondern ich &#8211; was ich von ach so klugen Menschen eingetrichtert bekommen habe. <\/p>\n\n\n\n<p>Wie k\u00f6nnte ich anders, als dem zu folgen, der die Wahrheit ist.<br>Ergo Maria Jungfrau war &#8211; ist und bleibt; ohne zutun eines Mannes, ihren einzigen Sohn empfangen und geboren hat.<br>Und so wie Jesus Christus selbst gestorben, auferstanden und in den Himmel aufgestiegen ist; so hat ER auch die vom Vater erw\u00e4hlte Braut des Heiligen Geistes, als ihre Stunde kam in den Himmel aufgenommen &#8211; die Verwesung nicht schauen lassen. <\/p>\n\n\n\n<p>Und genau genommen, wer dies nicht glaubt, ist auch nicht r\u00f6misch katholisch! <\/p>\n\n\n\n<p>Denn wer Bibel und Lehre, samt der Tradition in Frage stellt, vertritt nicht die Wahrheit, die von Gott selbst kommt, die Jesus Christus selbst ist. <\/p>\n\n\n\n<p>Beten wir um die Erneuerung der christlichen Herzen, nicht nach Menschen Sinn, sondern von dem Geist Gottes getr\u00e4nkt!<\/p>\n","protected":false},"excerpt":{"rendered":"<p>1. &#8222;Die Wahrheit Jesu ist ER selbst. ER allein kann sagen: &#8222;Ich bin die Wahrheit&#8220;. ER allein ist das Licht der Welt, und ER ist das Brot des Lebens = die Eucharistie. Nur wer IHN selbst annimmt, versteht Seine Wahrheit.&#8220; &hellip; <a href=\"https:\/\/fjm-ritter.de\/Aktuell\/?p=4018\">Weiterlesen <span class=\"meta-nav\">&rarr;<\/span><\/a><\/p>\n","protected":false},"author":9,"featured_media":0,"comment_status":"open","ping_status":"closed","sticky":false,"template":"","format":"standard","meta":{"footnotes":""},"categories":[1],"tags":[],"class_list":["post-4018","post","type-post","status-publish","format-standard","hentry","category-allgemein"],"_links":{"self":[{"href":"https:\/\/fjm-ritter.de\/Aktuell\/index.php?rest_route=\/wp\/v2\/posts\/4018","targetHints":{"allow":["GET"]}}],"collection":[{"href":"https:\/\/fjm-ritter.de\/Aktuell\/index.php?rest_route=\/wp\/v2\/posts"}],"about":[{"href":"https:\/\/fjm-ritter.de\/Aktuell\/index.php?rest_route=\/wp\/v2\/types\/post"}],"author":[{"embeddable":true,"href":"https:\/\/fjm-ritter.de\/Aktuell\/index.php?rest_route=\/wp\/v2\/users\/9"}],"replies":[{"embeddable":true,"href":"https:\/\/fjm-ritter.de\/Aktuell\/index.php?rest_route=%2Fwp%2Fv2%2Fcomments&post=4018"}],"version-history":[{"count":5,"href":"https:\/\/fjm-ritter.de\/Aktuell\/index.php?rest_route=\/wp\/v2\/posts\/4018\/revisions"}],"predecessor-version":[{"id":4028,"href":"https:\/\/fjm-ritter.de\/Aktuell\/index.php?rest_route=\/wp\/v2\/posts\/4018\/revisions\/4028"}],"wp:attachment":[{"href":"https:\/\/fjm-ritter.de\/Aktuell\/index.php?rest_route=%2Fwp%2Fv2%2Fmedia&parent=4018"}],"wp:term":[{"taxonomy":"category","embeddable":true,"href":"https:\/\/fjm-ritter.de\/Aktuell\/index.php?rest_route=%2Fwp%2Fv2%2Fcategories&post=4018"},{"taxonomy":"post_tag","embeddable":true,"href":"https:\/\/fjm-ritter.de\/Aktuell\/index.php?rest_route=%2Fwp%2Fv2%2Ftags&post=4018"}],"curies":[{"name":"wp","href":"https:\/\/api.w.org\/{rel}","templated":true}]}}