{"id":4260,"date":"2021-11-13T15:46:42","date_gmt":"2021-11-13T15:46:42","guid":{"rendered":"http:\/\/fjm-ritter.de\/Aktuell\/?p=4260"},"modified":"2021-11-20T17:09:03","modified_gmt":"2021-11-20T17:09:03","slug":"die-katastrophen-der-natur-in-welt-und-kirche","status":"publish","type":"post","link":"https:\/\/fjm-ritter.de\/Aktuell\/?p=4260","title":{"rendered":"Die Katastrophen der Natur &#8211; in Welt und Kirche"},"content":{"rendered":"\n<p>Der Zweite Sonntag im November, ist in Deutschland, dem <strong>Volkstrauertag<\/strong> gewidmet. Und wenn ich so die Einf\u00fchrung zum vorletzten Sonntag des alten Kirchenjahres betrachte \u2026 wundert mich nur eines [\u2026 aber dazu sp\u00e4ter ein paar Worte].<\/p>\n\n\n\n<figure class=\"wp-block-image size-full\"><a href=\"https:\/\/fjm-ritter.de\/Aktuell\/wp-content\/uploads\/2021\/11\/20211003_190540c.jpg\"><img loading=\"lazy\" decoding=\"async\" width=\"1008\" height=\"477\" src=\"https:\/\/fjm-ritter.de\/Aktuell\/wp-content\/uploads\/2021\/11\/20211003_190540c.jpg\" alt=\"\" class=\"wp-image-4240\" srcset=\"https:\/\/fjm-ritter.de\/Aktuell\/wp-content\/uploads\/2021\/11\/20211003_190540c.jpg 1008w, https:\/\/fjm-ritter.de\/Aktuell\/wp-content\/uploads\/2021\/11\/20211003_190540c-300x142.jpg 300w, https:\/\/fjm-ritter.de\/Aktuell\/wp-content\/uploads\/2021\/11\/20211003_190540c-768x363.jpg 768w, https:\/\/fjm-ritter.de\/Aktuell\/wp-content\/uploads\/2021\/11\/20211003_190540c-500x237.jpg 500w\" sizes=\"auto, (max-width: 1008px) 100vw, 1008px\" \/><\/a><figcaption>. . .<\/figcaption><\/figure>\n\n\n\n<p>Die Einf\u00fchrung beginnt wie folgt: \u201e<em>Die Katastrophen der Natur und der Geschichte<\/em> [eig. Anmerkung: <strong><em>in Welt und Kirche<\/em><\/strong>] <em>sind noch nicht das Endgericht. Sie laufen ihm voraus.<br>Das Ereignis, das wir erwarten und f\u00fcr das wir uns bereit machen sollen, ist das Kommen des Menschensohnes.<\/em>\u201c<\/p>\n\n\n\n<p>Fassen wir diesen Text; &#8211; diese Aussage?<\/p>\n\n\n\n<p>\u00dcber zwanzig Jahre habe ich in verschiedenen L\u00e4ndern, oder auch in unserem \u201e<strong>FJM-Ritter Radio<\/strong>\u201c, nichts anderes getan \u2026 ich sollte vorbereiten.<br>Nicht viele haben gelacht; doch wie viele haben es ernst genommen?<\/p>\n\n\n\n<p>Wenn wir das letzte Jahrhundert betrachten, was alles geschehen ist; wie viele gesagt haben \u2013 nach 1945 \u2013 <strong>NIE WIEDER<\/strong>!<\/p>\n\n\n\n<p>Mal ganz ehrlich, das sagen noch immer welche: <strong>den Anf\u00e4ngen w\u00e4hren<\/strong> \u2013 und: <strong>nie wieder<\/strong> \u2026<\/p>\n\n\n\n<p>Doch tats\u00e4chlich, und nicht still und heimlich; sondern offen und sehr z\u00fcgig \u2026 sind wir dabei alles zu zerst\u00f6ren \u2026 und das, weil wir vergessen haben, dass es Gott gibt. Ja, es gibt ihn noch &#8230; nein, er schl\u00e4ft nicht \u2013 ist nicht verreist \u2013 oder gar in Rente gegangen.<\/p>\n\n\n\n<p>Wenn dann schlafen wir; haben IHM den R\u00fccken zugewandt; in die Vergangenheit \u2013 als Mythos verschoben.<\/p>\n\n\n\n<p>Wer glaubt noch an Sein Wort; wer glaubt noch an Seine Sakramente, die ER uns geschenkt hat?<\/p>\n\n\n\n<p>Ja, ja \u2026 klar \u2026 da wurden Fehler gemacht!<\/p>\n\n\n\n<p>Sorry, nicht nur Vertreter der Kirchen haben Fehler gemacht; alle haben wir Fehler gemacht. Wir haben uns die Ungeister ins Haus &amp; Herz geholt.<br>Und jetzt glauben wir, die von Menschen gemachten Katastrophen selbst l\u00f6sen zu k\u00f6nnen \u2026<\/p>\n\n\n\n<p><strong>Leute, das ist nicht!!!<\/strong><\/p>\n\n\n\n<p>Ich habe in den letzten Jahren gesagt, noch vor Corona und wei\u00df ich was: \u201e<strong><em>Das f\u00e4llt uns ALLEN noch auf die F\u00fc\u00dfe!<\/em><\/strong>\u201c \u2026 und nichts wird getan \u2013 ich meine wirklich sich bem\u00fcht um Gottes Hilfe zu erbeten. Ganz im Gegenteil.<\/p>\n\n\n\n<p>Wir m\u00fcssen abkehren von den \u00dcbeln der Ichsucht; der Egomanie &#8230; bis hin des T\u00f6tens der Ungeborenen im Mutterleib \u2013 und das (sich) t\u00f6ten lassen von Kranken, Alten \u2026 das ist unsere Grundkatastrophe \u2026 der Raubbau der satten Menschheit des Westens.<\/p>\n\n\n\n<p>Ich habe gesagt: \u201e<strong><em>Corona ist von Menschen gemacht; aber Gott wird es nutzen, um aufzur\u00e4umen! Und wenn man glaubt das \u00dcbel besiegt zu haben, wird es schlimmer kommen als je zuvor!<\/em><\/strong>\u201c<\/p>\n\n\n\n<p>Man sucht S\u00fcndenb\u00f6cke! \u2026 ist auch nichts neues! Es fand sich schon immer ein S\u00fcndenbock \u2013 um die eigenen Fehler \u2013 S\u00fcnden \u2013 Irrt\u00fcmer \u2013 verstecken zu k\u00f6nnen.<\/p>\n\n\n\n<p>Das \u00dcbel da drau\u00dfen wird erst besiegt werden, wenn das Volk sich erinnert: vor dem Ende der Kriege hatten wir es doch gelernt: Gott hilft, wenn wir uns an IHN \u2013 mit ernsthafter Absicht der Umkehr \u2013 wieder wenden.<\/p>\n\n\n\n<p>Und nicht irgendwie und irgendwo? Er hat sich offenbart: Was und wo und wie \u2026<\/p>\n\n\n\n<p>Erkenne es an; gehe Seinem Ruf nach \u2013 tue alles, dass Du die Sakramente empfangen kannst und dann lebe, wie ER gesagt hat.<\/p>\n\n\n\n<p>Du wirst sehen, wie sich alles wieder zum Guten wenden wird. Nein, nicht nur, dass Du wieder satt wirst, sondern ALLE wieder satt werden.<\/p>\n\n\n\n<p><strong>Dazu bist du bestimmt<\/strong> \u2026 IHM die Ehre zu geben; IHN anzubeten und den Lobpreis zu schenken. So wie der Pharis\u00e4er im Tempel, der nicht wagte, sein Haupt zu erheben und sich an die Brust \u2013 voller Reue \u2013 schlug: <strong>Herrn sei mir S\u00fcnder gn\u00e4dig<\/strong>!<\/p>\n\n\n\n<p>Tue das gleiche, sprach Jesus zum J\u00fcngling \u2026 sei Samariter; sei barmherzig zu allen; \u2026 erstatte was Du zu Unrecht genommen; und gib den Hungernden \u2013 D\u00fcrstenden \u2013 und hilf den Ausgesto\u00dfenen \u2026 dann wird sich Gott auch unser wieder erbarmen.<\/p>\n\n\n\n<p>Denn da \u201e<strong><em>wo die Klarheit Gottes aufleuchtet, sind alle Fragen beantwortet!<\/em><\/strong>\u201c \u2026<\/p>\n\n\n\n<div class=\"wp-block-image\"><figure class=\"alignright size-full is-resized\"><a href=\"https:\/\/fjm-ritter.de\/Aktuell\/wp-content\/uploads\/2021\/11\/Volkstrauertag-2021.jpg\"><img loading=\"lazy\" decoding=\"async\" src=\"https:\/\/fjm-ritter.de\/Aktuell\/wp-content\/uploads\/2021\/11\/Volkstrauertag-2021.jpg\" alt=\"\" class=\"wp-image-4262\" width=\"394\" height=\"196\" srcset=\"https:\/\/fjm-ritter.de\/Aktuell\/wp-content\/uploads\/2021\/11\/Volkstrauertag-2021.jpg 800w, https:\/\/fjm-ritter.de\/Aktuell\/wp-content\/uploads\/2021\/11\/Volkstrauertag-2021-300x150.jpg 300w, https:\/\/fjm-ritter.de\/Aktuell\/wp-content\/uploads\/2021\/11\/Volkstrauertag-2021-768x384.jpg 768w, https:\/\/fjm-ritter.de\/Aktuell\/wp-content\/uploads\/2021\/11\/Volkstrauertag-2021-500x250.jpg 500w\" sizes=\"auto, (max-width: 394px) 100vw, 394px\" \/><\/a><figcaption>Herr gib den Seelen der Verstorbenen die ewige Ruhe, und das ewige Licht leuchte ihnen, Herr lass sie ruhen im Frieden. Amen<\/figcaption><\/figure><\/div>\n\n\n\n<p>Und was hat das mit dem Volkstrauertag zu tun?<\/p>\n\n\n\n<p><strong>Mit einer Stunde der Besinnung, zu der allj\u00e4hrlich der Volksbundes Deutsche Kriegsgr\u00e4berf\u00fcrsorge einl\u00e4dt, wird am Volkstrauertag vieler Orts in Deutschland, der Opfer von Krieg und Gewalt gedacht.<\/strong><\/p>\n\n\n\n<p>Und wenn es nicht bei Lippenbekenntnissen bleiben soll; wird es Zeit was zu tun:<\/p>\n\n\n\n<p>Nicht Rebellion oder Demonstration, sondern Prozession; nicht Waffen herstellen und Freund und Feind ver\u00e4u\u00dfern, sondern Werkzeug, um W\u00e4lder und Felder neu zu bestellen; nicht abrei\u00dfen und zerst\u00f6ren, aufbauen und versch\u00f6nern. Und das, liebe Leser\/innen, auf dem ganzen Erdenrund \u2026 nicht ich will; sondern wie Du willst \u2013 wie im Himmel, so auch auf Erden.<\/p>\n\n\n\n<p>Dann m\u00fcssen die Katastrophen sich nicht weiter entwickeln, sondern k\u00f6nnen einged\u00e4mmt werden.<\/p>\n\n\n\n<p>Es liegt an Dir \u2026 ja, an jeden Einzelnen.<\/p>\n","protected":false},"excerpt":{"rendered":"<p>Der Zweite Sonntag im November, ist in Deutschland, dem Volkstrauertag gewidmet. Und wenn ich so die Einf\u00fchrung zum vorletzten Sonntag des alten Kirchenjahres betrachte \u2026 wundert mich nur eines [\u2026 aber dazu sp\u00e4ter ein paar Worte]. Die Einf\u00fchrung beginnt wie &hellip; <a href=\"https:\/\/fjm-ritter.de\/Aktuell\/?p=4260\">Weiterlesen <span class=\"meta-nav\">&rarr;<\/span><\/a><\/p>\n","protected":false},"author":9,"featured_media":0,"comment_status":"open","ping_status":"closed","sticky":false,"template":"","format":"standard","meta":{"footnotes":""},"categories":[1],"tags":[],"class_list":["post-4260","post","type-post","status-publish","format-standard","hentry","category-allgemein"],"_links":{"self":[{"href":"https:\/\/fjm-ritter.de\/Aktuell\/index.php?rest_route=\/wp\/v2\/posts\/4260","targetHints":{"allow":["GET"]}}],"collection":[{"href":"https:\/\/fjm-ritter.de\/Aktuell\/index.php?rest_route=\/wp\/v2\/posts"}],"about":[{"href":"https:\/\/fjm-ritter.de\/Aktuell\/index.php?rest_route=\/wp\/v2\/types\/post"}],"author":[{"embeddable":true,"href":"https:\/\/fjm-ritter.de\/Aktuell\/index.php?rest_route=\/wp\/v2\/users\/9"}],"replies":[{"embeddable":true,"href":"https:\/\/fjm-ritter.de\/Aktuell\/index.php?rest_route=%2Fwp%2Fv2%2Fcomments&post=4260"}],"version-history":[{"count":5,"href":"https:\/\/fjm-ritter.de\/Aktuell\/index.php?rest_route=\/wp\/v2\/posts\/4260\/revisions"}],"predecessor-version":[{"id":4271,"href":"https:\/\/fjm-ritter.de\/Aktuell\/index.php?rest_route=\/wp\/v2\/posts\/4260\/revisions\/4271"}],"wp:attachment":[{"href":"https:\/\/fjm-ritter.de\/Aktuell\/index.php?rest_route=%2Fwp%2Fv2%2Fmedia&parent=4260"}],"wp:term":[{"taxonomy":"category","embeddable":true,"href":"https:\/\/fjm-ritter.de\/Aktuell\/index.php?rest_route=%2Fwp%2Fv2%2Fcategories&post=4260"},{"taxonomy":"post_tag","embeddable":true,"href":"https:\/\/fjm-ritter.de\/Aktuell\/index.php?rest_route=%2Fwp%2Fv2%2Ftags&post=4260"}],"curies":[{"name":"wp","href":"https:\/\/api.w.org\/{rel}","templated":true}]}}