{"id":4285,"date":"2021-11-27T15:56:48","date_gmt":"2021-11-27T15:56:48","guid":{"rendered":"http:\/\/fjm-ritter.de\/Aktuell\/?p=4285"},"modified":"2021-12-04T12:26:00","modified_gmt":"2021-12-04T12:26:00","slug":"es-ist-advent","status":"publish","type":"post","link":"https:\/\/fjm-ritter.de\/Aktuell\/?p=4285","title":{"rendered":"Es ist Advent"},"content":{"rendered":"\n<div class=\"wp-block-image\"><figure class=\"alignleft size-large is-resized\"><a href=\"https:\/\/fjm-ritter.de\/Aktuell\/wp-content\/uploads\/2021\/11\/1ther-Advent-scaled.jpg\"><img loading=\"lazy\" decoding=\"async\" src=\"https:\/\/fjm-ritter.de\/Aktuell\/wp-content\/uploads\/2021\/11\/1ther-Advent-1024x768.jpg\" alt=\"\" class=\"wp-image-4281\" width=\"340\" height=\"258\"\/><\/a><figcaption> <strong>erster Adventssonntag<\/strong><\/figcaption><\/figure><\/div>\n\n\n\n<p>\u201e<strong><em>Vorbereitung auf das Kommen des Herrn, hier und jetzt.<\/em><\/strong>\u201c Nach all dem Leid in Welt und Kirche ist die Sehnsucht \u00fcbergro\u00df \u2026 \u201e<strong><em>Zeit der gro\u00dfen Hoffnung, die aus dem [<\/em><\/strong><em>eigene Anmerk. gewachsenen<strong>] Glauben kommt.<\/strong><\/em>\u201c<\/p>\n\n\n\n<p><strong>Ja, der wachsende Glaube<\/strong>!<\/p>\n\n\n\n<p>Wenn wir unsere Welt und die Kirche betrachten, scheint dieser Glaube eher geschrumpft zu sein (<em>zumindest in den satten L\u00e4ndern, denn die Weltkirche w\u00e4chst j\u00e4hrlich um 1,6 Millionen Christen<\/em>), denn viele bauen nur noch auf ihre eigenen K\u00fcnste \/ Talente.<\/p>\n\n\n\n<p>Ja, fast jeder m\u00f6chte ein bissel Gott spielen \u2013 selbst Gott \/ G\u00f6ttin sein &#8211; sich alles so zurecht schmieden; sich der Herrschaft des Reiches Gottes ergreifen, die Welt \/ Kirche nach seinem Gustos ver\u00e4ndern.<\/p>\n\n\n\n<p>Und wer dabei nicht mitmachen m\u00f6chte, wird diskriminiert; ausgegrenzt; bis hin kriminalisiert! Und das ausgerechnet von denen, die am lautesten von Toleranz und Respekt reden.<\/p>\n\n\n\n<p>Da kann man nur noch hoffen, dass das bald ein Ende hat und das Kommen Jesu dem ganzen Wirrwarr ein schnelles Ende bereitet; denn <strong>Dein Reich komme<\/strong> \u2013 <strong>Dein Wille geschehe<\/strong>. Das Beten wir Tag um Tag \u2026 und glauben fest an Seine Zusage, wenn wir IHM treu bleiben und uns klar Grenzen setzen.<\/p>\n\n\n\n<p>Diese Adventszeit gibt Gelegenheit sich zur\u00fcckzunehmen und auf das Wesentliche zu konzentrieren. IHN wieder in den Vordergrund zu stellen; so wie ER ist und mit dem Ziel, das ER uns verhei\u00dfen hat.<\/p>\n\n\n\n<p>Beten wir f\u00fcr <strong>ALLE<\/strong>, die den Glauben verloren bzw. vergessen haben; ihn verw\u00e4ssern oder sogar \u00fcberstrapazieren \u2026 denn Gott ist nicht kompliziert; und fordert nicht was wir nicht k\u00f6nnen, aber das was wir k\u00f6nnen, das erwartet er schon von jedem einzelnen. Das man sich zumindest bem\u00fcht, Seinen Willen zu erkennen, in Sein Reich kommen zu wollen.<\/p>\n\n\n\n<p>In diesem Sinne, allen eine besinnliche \u2013 gnadenreiche und gesegnete Zeit der Umkehr, der Ankunft mit diesem Advent.<\/p>\n","protected":false},"excerpt":{"rendered":"<p>\u201eVorbereitung auf das Kommen des Herrn, hier und jetzt.\u201c Nach all dem Leid in Welt und Kirche ist die Sehnsucht \u00fcbergro\u00df \u2026 \u201eZeit der gro\u00dfen Hoffnung, die aus dem [eigene Anmerk. gewachsenen] Glauben kommt.\u201c Ja, der wachsende Glaube! Wenn wir &hellip; <a href=\"https:\/\/fjm-ritter.de\/Aktuell\/?p=4285\">Weiterlesen <span class=\"meta-nav\">&rarr;<\/span><\/a><\/p>\n","protected":false},"author":9,"featured_media":0,"comment_status":"open","ping_status":"closed","sticky":false,"template":"","format":"standard","meta":{"footnotes":""},"categories":[1],"tags":[],"class_list":["post-4285","post","type-post","status-publish","format-standard","hentry","category-allgemein"],"_links":{"self":[{"href":"https:\/\/fjm-ritter.de\/Aktuell\/index.php?rest_route=\/wp\/v2\/posts\/4285","targetHints":{"allow":["GET"]}}],"collection":[{"href":"https:\/\/fjm-ritter.de\/Aktuell\/index.php?rest_route=\/wp\/v2\/posts"}],"about":[{"href":"https:\/\/fjm-ritter.de\/Aktuell\/index.php?rest_route=\/wp\/v2\/types\/post"}],"author":[{"embeddable":true,"href":"https:\/\/fjm-ritter.de\/Aktuell\/index.php?rest_route=\/wp\/v2\/users\/9"}],"replies":[{"embeddable":true,"href":"https:\/\/fjm-ritter.de\/Aktuell\/index.php?rest_route=%2Fwp%2Fv2%2Fcomments&post=4285"}],"version-history":[{"count":2,"href":"https:\/\/fjm-ritter.de\/Aktuell\/index.php?rest_route=\/wp\/v2\/posts\/4285\/revisions"}],"predecessor-version":[{"id":4289,"href":"https:\/\/fjm-ritter.de\/Aktuell\/index.php?rest_route=\/wp\/v2\/posts\/4285\/revisions\/4289"}],"wp:attachment":[{"href":"https:\/\/fjm-ritter.de\/Aktuell\/index.php?rest_route=%2Fwp%2Fv2%2Fmedia&parent=4285"}],"wp:term":[{"taxonomy":"category","embeddable":true,"href":"https:\/\/fjm-ritter.de\/Aktuell\/index.php?rest_route=%2Fwp%2Fv2%2Fcategories&post=4285"},{"taxonomy":"post_tag","embeddable":true,"href":"https:\/\/fjm-ritter.de\/Aktuell\/index.php?rest_route=%2Fwp%2Fv2%2Ftags&post=4285"}],"curies":[{"name":"wp","href":"https:\/\/api.w.org\/{rel}","templated":true}]}}