{"id":4416,"date":"2022-01-22T15:18:08","date_gmt":"2022-01-22T15:18:08","guid":{"rendered":"http:\/\/fjm-ritter.de\/Aktuell\/?p=4416"},"modified":"2022-01-24T15:14:44","modified_gmt":"2022-01-24T15:14:44","slug":"heute-hat-sich-das-schriftwort-erfuellt","status":"publish","type":"post","link":"https:\/\/fjm-ritter.de\/Aktuell\/?p=4416","title":{"rendered":"Heute hat sich das Schriftwort erf\u00fcllt"},"content":{"rendered":"\n<figure class=\"wp-block-image size-large\"><a href=\"https:\/\/fjm-ritter.de\/Aktuell\/wp-content\/uploads\/2022\/01\/vermaehlung-Mariens-mit-dem-Heiligen-Josef-e1642864539423.jpg\"><img loading=\"lazy\" decoding=\"async\" width=\"1024\" height=\"282\" src=\"https:\/\/fjm-ritter.de\/Aktuell\/wp-content\/uploads\/2022\/01\/vermaehlung-Mariens-mit-dem-Heiligen-Josef-e1642864539423-1024x282.jpg\" alt=\"\" class=\"wp-image-4412\" srcset=\"https:\/\/fjm-ritter.de\/Aktuell\/wp-content\/uploads\/2022\/01\/vermaehlung-Mariens-mit-dem-Heiligen-Josef-e1642864539423-1024x282.jpg 1024w, https:\/\/fjm-ritter.de\/Aktuell\/wp-content\/uploads\/2022\/01\/vermaehlung-Mariens-mit-dem-Heiligen-Josef-e1642864539423-300x83.jpg 300w, https:\/\/fjm-ritter.de\/Aktuell\/wp-content\/uploads\/2022\/01\/vermaehlung-Mariens-mit-dem-Heiligen-Josef-e1642864539423-768x211.jpg 768w, https:\/\/fjm-ritter.de\/Aktuell\/wp-content\/uploads\/2022\/01\/vermaehlung-Mariens-mit-dem-Heiligen-Josef-e1642864539423-500x138.jpg 500w, https:\/\/fjm-ritter.de\/Aktuell\/wp-content\/uploads\/2022\/01\/vermaehlung-Mariens-mit-dem-Heiligen-Josef-e1642864539423.jpg 1200w\" sizes=\"auto, (max-width: 1024px) 100vw, 1024px\" \/><\/a><figcaption>. . .<\/figcaption><\/figure>\n\n\n\n<p>\u201e<em>Das Gott sich um die Menschen k\u00fcmmert, dass ER in dieser Welt spricht und handelt, ist nicht nur eine sch\u00f6ne Idee oder ein Traum.<\/em>\u201c, sondern das haben wir selbst erfahren \u2013 erlebt \u2026 ja, das ist unglaublich \u2013 unfassbar und doch wahr.<\/p>\n\n\n\n<p>Wer es zul\u00e4sst, dem steht Gott bedingungslos zur Seite.<\/p>\n\n\n\n<p>* <em>Und sieh, pl\u00f6tzlich war da \u2026 <\/em>das Wort ist Fleisch (<em>Mensch<\/em>) geworden<\/p>\n\n\n\n<p>* <em>Und sieh, pl\u00f6tzlich ist da \u2026 <\/em>das Kranke gesund; Sterbende sich aufrichten<\/p>\n\n\n\n<p>* <em>Und sieh, pl\u00f6tzlich h\u00f6rst Du \u2026 <\/em>ein Wort wie es noch nie einer sprach und es war der Frieden in Dir<\/p>\n\n\n\n<p>Und die Konsequenz, auf das sich einlassen auf <strong>IHN<\/strong> \u2013 <strong>Sein Handeln<\/strong> und <strong>Sein Wort<\/strong> vernehmen zu d\u00fcrfen \u2013 ver\u00e4ndert einen \u2026 es wird dann von allein nicht mehr so weitergehen wie bisher, ohne dass Jesus eine Forderung stellen w\u00fcrde \u2026 <strong>ER<\/strong> sagt nur: <strong>HEUTE <em>hat sich das Schriftwort erf\u00fcllt!<\/em><\/strong> Durch Dein ganz pers\u00f6nlich gegebenes <strong>JA <\/strong>\u2013 Wort: <strong><em>ich will!<\/em><\/strong><\/p>\n\n\n\n<p>Im <strong>JETZT<\/strong> hat es schon Ver\u00e4nderung gebracht, wenn Du es zul\u00e4sst, wenn Dein <strong>JA<\/strong>-Wort nicht nur ein Lippenbekenntnis ist \/ bleibt.<\/p>\n\n\n\n<p>Viele haben dieses <strong>JA<\/strong>-Wort gegeben \u2026 und dabei erfahren, wie <strong>ER<\/strong> handelt und zu uns spricht. Wer sich darauf einl\u00e4sst, wird Dinge erleben \/ erfahren, die einem ansonsten verborgen bleiben.<\/p>\n\n\n\n<p>\u201e<em>Die profane Geschichte wei\u00df dar\u00fcber nicht viel zu sagen, und doch ist es Gottes Wort, das die ganze Geschichte der Menschheit treibt. Gott hat zu Abraham gesprochen, zu Moses, zu den Propheten. Und schlie\u00dflich durch Jesus Christus \u2026<\/em>\u201c<\/p>\n\n\n\n<p>An diesem Sonntag begehen wir den Gedenktag: <strong>Verm\u00e4hlung Mariens<\/strong> \u2026 wei\u00dft Du der Bedeutung dieses Tages?<\/p>\n\n\n\n<p>Gott holt sich das <strong>JA<\/strong>-Wort bei Maria (<strong>eigener Festtag am 25. M\u00e4rz<\/strong>); \u201e<em>Heiliger Geist wird \u00fcber dich kommen, und Kraft des Allerh\u00f6chsten wird dich \u00fcberschatten<\/em> (vgl. <a href=\"http:\/\/vulgata.info\/index.php?title=Kategorie:Vulgata:NT:Lk01\">Lk. 1,35<\/a>)\u201c, darauf antwortet sie: \u201e<em>Siehe, ich bin die Magd des Herrn; mir geschehe nach deinem Wort!<\/em> (vgl. <a href=\"http:\/\/vulgata.info\/index.php?title=Kategorie:Vulgata:NT:Lk01\">Lk. 1,38<\/a>)\u201c<\/p>\n\n\n\n<p>Josef war geschockt, und plante Maria zur\u00fcckzulassen, weil es sich zeigte, dass sie&nbsp; \u2026 doch Gott sandte Seinen Boten, der es ihm bezeugt \u201e<em>Joseph, Sohn Davids, f\u00fcrchte dich nicht, Maria, deine Frau, zu dir zu nehmen; denn was gezeugt ist in ihr, stammt vom Heiligen Geist<\/em> (vgl. <a href=\"http:\/\/vulgata.info\/index.php?title=Kategorie:Vulgata:NT:Mt01\">Matth. 1,20<\/a>)\u201c \u2026 und Josef gab Gott sein <strong>JA<\/strong>-Wort; \u201e<em>Joseph stand auf vom Schlaf, tat, wie ihm der Engel des Herrn befohlen hatte, und nahm seine Frau zu sich<\/em> (vgl. <a href=\"http:\/\/vulgata.info\/index.php?title=Kategorie:Vulgata:NT:Mt01\">Matth. 1,24<\/a>)\u201c<\/p>\n\n\n\n<p><strong>Verstehen wir heute noch die Liturgie?<\/strong><\/p>\n\n\n\n<p>\u2026 oder h\u00f6ren wir nur noch auf die Stimmen \u2013 da drau\u00dfen und derer \u2013 die am Ambo stehend von: <strong>ist nicht, kann nicht \u2026 alles nur ein Beispiel \u2026<\/strong> reden?<\/p>\n","protected":false},"excerpt":{"rendered":"<p>\u201eDas Gott sich um die Menschen k\u00fcmmert, dass ER in dieser Welt spricht und handelt, ist nicht nur eine sch\u00f6ne Idee oder ein Traum.\u201c, sondern das haben wir selbst erfahren \u2013 erlebt \u2026 ja, das ist unglaublich \u2013 unfassbar und &hellip; <a href=\"https:\/\/fjm-ritter.de\/Aktuell\/?p=4416\">Weiterlesen <span class=\"meta-nav\">&rarr;<\/span><\/a><\/p>\n","protected":false},"author":9,"featured_media":0,"comment_status":"open","ping_status":"closed","sticky":false,"template":"","format":"standard","meta":{"footnotes":""},"categories":[1],"tags":[],"class_list":["post-4416","post","type-post","status-publish","format-standard","hentry","category-allgemein"],"_links":{"self":[{"href":"https:\/\/fjm-ritter.de\/Aktuell\/index.php?rest_route=\/wp\/v2\/posts\/4416","targetHints":{"allow":["GET"]}}],"collection":[{"href":"https:\/\/fjm-ritter.de\/Aktuell\/index.php?rest_route=\/wp\/v2\/posts"}],"about":[{"href":"https:\/\/fjm-ritter.de\/Aktuell\/index.php?rest_route=\/wp\/v2\/types\/post"}],"author":[{"embeddable":true,"href":"https:\/\/fjm-ritter.de\/Aktuell\/index.php?rest_route=\/wp\/v2\/users\/9"}],"replies":[{"embeddable":true,"href":"https:\/\/fjm-ritter.de\/Aktuell\/index.php?rest_route=%2Fwp%2Fv2%2Fcomments&post=4416"}],"version-history":[{"count":2,"href":"https:\/\/fjm-ritter.de\/Aktuell\/index.php?rest_route=\/wp\/v2\/posts\/4416\/revisions"}],"predecessor-version":[{"id":4422,"href":"https:\/\/fjm-ritter.de\/Aktuell\/index.php?rest_route=\/wp\/v2\/posts\/4416\/revisions\/4422"}],"wp:attachment":[{"href":"https:\/\/fjm-ritter.de\/Aktuell\/index.php?rest_route=%2Fwp%2Fv2%2Fmedia&parent=4416"}],"wp:term":[{"taxonomy":"category","embeddable":true,"href":"https:\/\/fjm-ritter.de\/Aktuell\/index.php?rest_route=%2Fwp%2Fv2%2Fcategories&post=4416"},{"taxonomy":"post_tag","embeddable":true,"href":"https:\/\/fjm-ritter.de\/Aktuell\/index.php?rest_route=%2Fwp%2Fv2%2Ftags&post=4416"}],"curies":[{"name":"wp","href":"https:\/\/api.w.org\/{rel}","templated":true}]}}