{"id":4490,"date":"2022-02-12T17:00:00","date_gmt":"2022-02-12T17:00:00","guid":{"rendered":"http:\/\/fjm-ritter.de\/Aktuell\/?p=4490"},"modified":"2022-02-19T14:25:48","modified_gmt":"2022-02-19T14:25:48","slug":"wir-koennen-uns-die-zeit-nicht-aussuchen","status":"publish","type":"post","link":"https:\/\/fjm-ritter.de\/Aktuell\/?p=4490","title":{"rendered":"Wir k\u00f6nnen uns die Zeit nicht aussuchen"},"content":{"rendered":"\n<figure class=\"wp-block-image size-full\"><a href=\"https:\/\/fjm-ritter.de\/Aktuell\/wp-content\/uploads\/2022\/02\/Seligpreisung-Weherufe.jpeg\"><img loading=\"lazy\" decoding=\"async\" width=\"750\" height=\"422\" src=\"https:\/\/fjm-ritter.de\/Aktuell\/wp-content\/uploads\/2022\/02\/Seligpreisung-Weherufe.jpeg\" alt=\"\" class=\"wp-image-4487\" srcset=\"https:\/\/fjm-ritter.de\/Aktuell\/wp-content\/uploads\/2022\/02\/Seligpreisung-Weherufe.jpeg 750w, https:\/\/fjm-ritter.de\/Aktuell\/wp-content\/uploads\/2022\/02\/Seligpreisung-Weherufe-300x169.jpeg 300w, https:\/\/fjm-ritter.de\/Aktuell\/wp-content\/uploads\/2022\/02\/Seligpreisung-Weherufe-500x281.jpeg 500w\" sizes=\"auto, (max-width: 750px) 100vw, 750px\" \/><\/a><figcaption>. . .<\/figcaption><\/figure>\n\n\n\n<p>\u2026 zusammengefasst, die Einleitung zu diesem 6. Sonntag im Jahreskreis: die Bedingungen und Zeiten unseres Lebens.<br>\u201e<em>Wir k\u00f6nnen gegen das Leben protestieren und gegen den Tod, aber wir leben, und wir werden sterben.<br>Wir sind gl\u00fccklich oder ungl\u00fccklich, oder beides. Aber: was ist mir wichtig, was will ich wirklich, wem traue ich \u2013 wem kann ich glauben?<\/em>\u201c<\/p>\n\n\n\n<p>Meine Ausf\u00fchrung aus dem Schott des Jahres 1982, wie allumfassend ist diese Aussagen zu jeder Zeit unseres Lebens?<\/p>\n\n\n\n<p>Wenn ich zur\u00fcckschaue, was schon alles gewesen; bis zum heutigen Tag:<\/p>\n\n\n\n<p>Wenn ich erlebe, was in unserem deutschsprachigen Raum so alles passiert (ist), in <strong>Welt<\/strong> und auch der <strong>Kirche<\/strong>!<\/p>\n\n\n\n<p>Wem traue ich \u2013 wem kann ich glauben?<\/p>\n\n\n\n<p><strong>Jeremias<\/strong> bekommt die Antwort, und mahnt das Volk (<em>vgl. <\/em><a href=\"http:\/\/vulgata.info\/index.php?title=Kategorie:Vulgata:AT:Jer17\">Jer.17,5-8<\/a>) \u2013 galt das alles nur damals? Oder gilt das nicht auch heute und morgen?<\/p>\n\n\n\n<p>Erinnerst Du Dich noch an meine Vortr\u00e4ge, zum Thema \u201e<strong><em>Jeremias \u2013 einst und heute<\/em><\/strong>\u201c \u2026<\/p>\n\n\n\n<p>Wie nahe stehen wir am Abgrund des Verderbens \u2013 auf wem h\u00f6re ich in diesen Tagen \u2026<\/p>\n\n\n\n<p>* auf die Propaganda der Medien, die einen Krieg hervorbeschw\u00f6ren \u2026<\/p>\n\n\n\n<p>* auf die Menschen (<em>auch im priesterlichen \/ bisch\u00f6flichen Gew\u00e4ndern<\/em>), die den Untergang der Kirche hervorbeschw\u00f6ren und sich nicht zu schade sind, im Zeichen ihres Amtes \u2013 die Lehre Jesu umzugestalten, nach Menschensinn \u2026<\/p>\n\n\n\n<p>* auf Botschaften (<em>woher und von wem auch immer<\/em>) die gegen Papst und Kirche sprechen \u2026<\/p>\n\n\n\n<p>Jeremias sagt<strong>: h\u00f6rt nicht auf sie<\/strong>! Folgt ihnen nicht!<\/p>\n\n\n\n<p>Gott hat geboten, dass der Petrus die Kirche leite \/ seine Br\u00fcder st\u00e4rken soll. Weshalb wendet sich ein Teil des deutschsprachigen Klerus sich von ihm ab \u2013 machen ihre eigene Lehre laut \u2026 zimmern ihr \u201eGoldenes Kalb\u201c und rufen das Volk Gottes auf, diesem nun ALLE Ehre zu geben; auf sie zu h\u00f6ren.<\/p>\n\n\n\n<p>Im Schlepptau getriebener Vereine, die vorgeben katholisch zu sein \u2026 sie werden der Untergang sein; angef\u00fchrt von den Medien, welche keine Hoffnung verbreiten; keinen Trost mehr spenden und nur noch auf ihre G\u00f6tter blicken.<\/p>\n\n\n\n<p>Ich h\u00f6r(t)e von scheinbar klugen Menschen: <strong><em>Was nicht sein kann, auch nicht sein darf<\/em><\/strong> \u2026 und sie verdrehen Gottes Wirklichkeit ins absurde \u2026 ins l\u00e4cherliche<\/p>\n\n\n\n<p>Sie benutzen dabei das Wort Gottes, um es verdreht und verzehrt anzupreisen, weil sie wissen, dass die meisten das Wort Gottes nicht kennen \u2013 nur nachgesagtes \u2013 zersplittertes weitergeben. Ebenso kennen ihre Zuh\u00f6rer nicht was im Auftrag Gottes von Seiner Kirche verk\u00fcndet wird; Hauptsache es schmiegt sich ganz \u201emeinem\u201c Interesse an.<\/p>\n\n\n\n<p>Bis hin, dass die Gebote Gottes als unerf\u00fcllbares \u2013 nicht mehr zeitgem\u00e4\u00dfes Schriftwerk abqualifiziert werden.<\/p>\n\n\n\n<p>Was sagt der Hl. Paulus seinen Zuh\u00f6rern \u2013 <strong>ergo auch Dir<\/strong>? \u201e<em>wie k\u00f6nnen dann einige von euch sagen\u2026<\/em>\u201c, ja genau das tun sie \u2026 wer einen Teil der Schrift in Frage stellt, stellt ALLE\/s in Frage.<\/p>\n\n\n\n<p>Und darum gilt die Seligpreisung auch uns heute (<em>vgl. <\/em><a href=\"http:\/\/vulgata.info\/index.php?title=Kategorie:Vulgata:NT:Lk06\">Lk.6,20-23<\/a>); die Weherufe auch jenen, die \u00fcber Irrwege an der Zerst\u00f6rung des Glaubens \u2013 der Kirche arbeiten (<em>vgl. <\/em><a href=\"http:\/\/vulgata.info\/index.php?title=Kategorie:Vulgata:NT:Lk06\">Lk.6,24-26<\/a>).<\/p>\n\n\n\n<p>Liebe Leserinnen und Leser, ALLES ist unl\u00e4ngst bekannt! <strong>H\u00f6rt nicht auf die<\/strong>, welche alles ver\u00e4ndern \u2013 zerst\u00f6ren wollen \u2013 <strong>folgt ihnen nicht<\/strong>. Denn ihnen wird eine Antwort folgen, die Gott der Vater \u2013 durch den Sohn selbst ausgesprochen hat: <strong>hinweg mit euch<\/strong> (<em>vgl. <\/em><a href=\"http:\/\/vulgata.info\/index.php?title=Kategorie:Vulgata:NT:Mt25\" target=\"_blank\" rel=\"noreferrer noopener\">Matth. 25,31 ff<\/a>), und dies gilt allen, &nbsp;die falsche Lehre gebracht; und allen die ihnen gefolgt sind.<\/p>\n\n\n\n<p>Er selbst wird es vollstrecken \u2013 Du aber bete \u2026 wachet und betet \u2026 \u00fcberlasst dem gerechten Richter was er bereitet hat.<\/p>\n","protected":false},"excerpt":{"rendered":"<p>\u2026 zusammengefasst, die Einleitung zu diesem 6. Sonntag im Jahreskreis: die Bedingungen und Zeiten unseres Lebens.\u201eWir k\u00f6nnen gegen das Leben protestieren und gegen den Tod, aber wir leben, und wir werden sterben.Wir sind gl\u00fccklich oder ungl\u00fccklich, oder beides. Aber: was &hellip; <a href=\"https:\/\/fjm-ritter.de\/Aktuell\/?p=4490\">Weiterlesen <span class=\"meta-nav\">&rarr;<\/span><\/a><\/p>\n","protected":false},"author":9,"featured_media":0,"comment_status":"open","ping_status":"closed","sticky":false,"template":"","format":"standard","meta":{"footnotes":""},"categories":[1],"tags":[],"class_list":["post-4490","post","type-post","status-publish","format-standard","hentry","category-allgemein"],"_links":{"self":[{"href":"https:\/\/fjm-ritter.de\/Aktuell\/index.php?rest_route=\/wp\/v2\/posts\/4490","targetHints":{"allow":["GET"]}}],"collection":[{"href":"https:\/\/fjm-ritter.de\/Aktuell\/index.php?rest_route=\/wp\/v2\/posts"}],"about":[{"href":"https:\/\/fjm-ritter.de\/Aktuell\/index.php?rest_route=\/wp\/v2\/types\/post"}],"author":[{"embeddable":true,"href":"https:\/\/fjm-ritter.de\/Aktuell\/index.php?rest_route=\/wp\/v2\/users\/9"}],"replies":[{"embeddable":true,"href":"https:\/\/fjm-ritter.de\/Aktuell\/index.php?rest_route=%2Fwp%2Fv2%2Fcomments&post=4490"}],"version-history":[{"count":3,"href":"https:\/\/fjm-ritter.de\/Aktuell\/index.php?rest_route=\/wp\/v2\/posts\/4490\/revisions"}],"predecessor-version":[{"id":4495,"href":"https:\/\/fjm-ritter.de\/Aktuell\/index.php?rest_route=\/wp\/v2\/posts\/4490\/revisions\/4495"}],"wp:attachment":[{"href":"https:\/\/fjm-ritter.de\/Aktuell\/index.php?rest_route=%2Fwp%2Fv2%2Fmedia&parent=4490"}],"wp:term":[{"taxonomy":"category","embeddable":true,"href":"https:\/\/fjm-ritter.de\/Aktuell\/index.php?rest_route=%2Fwp%2Fv2%2Fcategories&post=4490"},{"taxonomy":"post_tag","embeddable":true,"href":"https:\/\/fjm-ritter.de\/Aktuell\/index.php?rest_route=%2Fwp%2Fv2%2Ftags&post=4490"}],"curies":[{"name":"wp","href":"https:\/\/api.w.org\/{rel}","templated":true}]}}