{"id":4574,"date":"2022-03-19T18:36:02","date_gmt":"2022-03-19T18:36:02","guid":{"rendered":"http:\/\/fjm-ritter.de\/Aktuell\/?p=4574"},"modified":"2022-03-24T14:43:33","modified_gmt":"2022-03-24T14:43:33","slug":"gibt-es-einen-neuanfang","status":"publish","type":"post","link":"https:\/\/fjm-ritter.de\/Aktuell\/?p=4574","title":{"rendered":"Gibt es einen Neuanfang"},"content":{"rendered":"\n<div class=\"wp-block-image\"><figure class=\"alignright size-full is-resized\"><a href=\"https:\/\/fjm-ritter.de\/Aktuell\/wp-content\/uploads\/2022\/03\/Jesus-nach-Lukas-13-1-9.jpg\"><img loading=\"lazy\" decoding=\"async\" src=\"https:\/\/fjm-ritter.de\/Aktuell\/wp-content\/uploads\/2022\/03\/Jesus-nach-Lukas-13-1-9.jpg\" alt=\"\" class=\"wp-image-4570\" width=\"302\" height=\"229\"\/><\/a><figcaption>. . .<\/figcaption><\/figure><\/div>\n\n\n\n<p>&#8230; Umkehr ist m\u00f6glich. <strong>Doch k\u00f6nnen wir es?<\/strong><\/p>\n\n\n\n<p>\u201e<em>Kann der Mensch anders werden, ein neues Leben anfangen?<\/em>\u201c \u2026 wie der, ausgerechnet der will uns was zu sagen haben???<\/p>\n\n\n\n<p><strong>Ja<\/strong>(<em>!<\/em>), wenn wer, wenn nicht ich?<\/p>\n\n\n\n<p>Ein Mensch, der versucht hat Gott zu finden, ihn dann aber dank der <em>Verf\u00fchrungen<\/em> \u2013 <em>Verwirrungen<\/em> und <em>T\u00e4uschungen<\/em> \u2013 dank des vielfachen Angebotes (<em>auch durch Extreme der Freikirchen, die sich christlich nennen<\/em>), die nicht nur alles in Frage stellen \u2013 auch einen unredlichen Feldzug begangen haben, gegen alles was nicht aus ihrer Feder stammte.<\/p>\n\n\n\n<p>Auch heute noch werfen sie im weltweiten Web (Internet) pauschal alles gegen katholische Kirche, mischen sich ein und benutzen dabei das Wort Gottes \u2026 genau genommen: sie ziehen passende \u201eRosinen\u201c aus einem Kontext und werfen es nichtssagend in den Raum \u2013 wo katholische Christen sich zum Gebet versammeln.<\/p>\n\n\n\n<p>Sie beginnen mit Unwahrheiten \u2026 verkn\u00fcpfen diese mit ihren \u201eTexten\u201c und streuen so Teilwahrheiten aus, bei denen die nicht so bibelfest sind \u2013 den Katechismus nicht kennen \u2013 und, ach \u00fcberrascht sind, weil es ja in der Bibel steht \u2013 also m\u00fcssen sie Recht haben \u2026<\/p>\n\n\n\n<p>Thema: Kindstaufe; Bilder von Heiligen usw. bzw. das Papsttum \u2026<\/p>\n\n\n\n<p>Ein Grund, weshalb viele der Kirche davongelaufen sind \u2013 nein, nicht nur weil selbst Geistliche solche Irrlehren bzw. Unwahrheiten unterst\u00fctzt haben; sich gegen das apostolisch katholische Lehramt stellten.<\/p>\n\n\n\n<p>Es waren auch Priester, die den Auftrag Jesu verw\u00e4ssert; die Lehre Jesu und Seiner Kirche \/ die Schrift (<em>Bibel<\/em>) mehr und mehr entg\u00f6ttlicht haben.<\/p>\n\n\n\n<p>Auch das hat viele Menschen aus den Kirchen vertrieben. Das <strong>wollte nur niemand h\u00f6ren <\/strong>(<em>das war schon vor dem ganzen Skandalberichten \u2013 ob sie nun stimmten oder nicht \u2013 wen interessierte da die Wahrheit noch; da wollte man nicht dazugeh\u00f6ren<\/em>). Wer sich nicht informiert, glaubte den gefakten Bildern und Berichten \u2026 denn leider war auch zu viel Wahrheit im tr\u00fcben Glas, so dass man nicht mehr erkannte, was nun stimmt und was nicht.<\/p>\n\n\n\n<p>Doch statt tats\u00e4chlicher Verbrechen aufzuarbeiten, versuchte man in immer mehr gekonnten Nebenschaupl\u00e4tzen (<em>um ein paar Quadratmeter am Altar und bis hin zu Missbr\u00e4uchen von liturgischen Feiern, um Weihe\u00e4mter zu erstreiten<\/em>) die Leute zu verwirren \u2013 neben dem Ableben vieler \u00e4lterer Menschen, wurden so die Kirchenb\u00e4nke immer leerer.<\/p>\n\n\n\n<p>Doch den Weckruf vernahmen sie nicht; selbst Bisch\u00f6fe l\u00e4chelten nicht nur \u00fcber Bekehrungswellen der Jugend, die sich aber genau da wiederfanden, wo die Wahrheit gelebt, das unverf\u00e4lschte g\u00f6ttliche in der Liturgie gefeiert (<em>Prayerfest; Nightfever; Jugend2000 bis hin Stift Heiligenkreuz<\/em>) und das Wort Gottes vorgetragen wurde.<\/p>\n\n\n\n<p>Man hat es nicht nur versucht \u2013 sondern unter dem scheinbaren \u201e<em>Gehorsamsbefehl<\/em>\u201c haben Priester und Bisch\u00f6fe \u00f6rtlich die Jugend in die Schranken gewiesen; wenn diese an solchen Formen geistlicher Spiritualit\u00e4t festhalten.<\/p>\n\n\n\n<p>Unter falschen Vorhaltungen \u2013 nach Zweiten Vatikanum \u2013 wurden Kommunionb\u00e4nke rausgerissen, der Jugend das Knien untersagt \u2013 der Empfang der Sakramente beim Priester verweigert. Und wer gegen diese \u201eAnordnung\u201c versto\u00dfen hat, wurde w\u00e4hrend der liturgischen Feier \u2013 vor der versammelten Gemeinde zurechtgestaucht.<\/p>\n\n\n\n<p><strong>Gibt es einen Neuanfang<\/strong><\/p>\n\n\n\n<p>Das fragte nicht nur ich mich immer \u00f6fters, nachdem ich mich seit <strong>1998<\/strong> auf himmlische F\u00fchrung von all den Irrt\u00fcmern getrennt und mich von ihnen abgewendet habe.<\/p>\n\n\n\n<p>Tausende (<em>nicht nur junge<\/em>) Menschen suchten sich daraufhin Oasen. Orte, wo noch gelebt wird, was die r\u00f6misch-katholische Kirche \u2013 der Papst lehrt und feiert.<\/p>\n\n\n\n<p>Auch das ist ein Grund, weshalb in vielen Ortskirchen die B\u00e4nke leerer werden. Aber man will es nicht h\u00f6ren \u2026<\/p>\n\n\n\n<p>Dabei br\u00e4uchte ein solcher Bischof \/ Priester nur diese Orte selbst aufsuchen und diesen Menschen einmal zuzuh\u00f6ren \u2013 selbst schauen, wie tief sie in der r\u00f6misch-katholischen Kirche verwachsen sind; sie dem Vikar Gottes auf Erden = dem Papst folgen und mehr und mehr in den Ortskirchen nicht mehr aufzufinden sind.<\/p>\n\n\n\n<p>&#8230; Umkehr ist m\u00f6glich.<\/p>\n\n\n\n<p>Wenn die sich Irrenden bereit sind umzukehren; jeder Egoismus ausger\u00e4umt; wieder die ehrliche Anbetung und der Wille Gottes den Raum findet; das Lehramt in tats\u00e4chlicher Form gelebt wird; die Ehrfurcht vor den Sakramenten wieder hochgehalten \u2013 gelebt werden \u2026 ist ein Neuanfang m\u00f6glich.<\/p>\n\n\n\n<p><strong>Nicht aus uns<\/strong>, sondern wie Gott dem Abraham Isaak, Israel \u2026 <strong>Moses<\/strong> \u2013 den Jesaja, Jeremias usw. \u2026 bis hin Johannes (<em>Baptist<\/em>) berufen und beauftragt hat;<\/p>\n\n\n\n<p>&#8211; den Simon (<em>Petrus<\/em>), Andreas \u2026 bis hin zu den V\u00e4tern und M\u00fcttern (<em>die Heiligen<\/em>) eingesetzt hat in ihre Dienste \u2026 da war niemand, der sich ein Amt ergreifen wollte \u2013 eher unwillig das Amt angetreten ist.<\/p>\n\n\n\n<p><strong>Doch k\u00f6nnen wir es?<\/strong><\/p>\n\n\n\n<p>\u2026 wollen wir ob unserer zerst\u00f6rerischen Bereitschaft keine Gegner \u2013 sondern Seine Mitarbeiter (auch die -innen) sein, wie <strong>ER<\/strong> es allen auftr\u00e4gt. Und der Geist ist willig \u2013 aber keine Wetterfahne \u2013 wir m\u00fcssten uns nur Seinem Willen wieder beugen wollen.<\/p>\n\n\n\n<p>Dann, ja dann ist Umkehr m\u00f6glich \u2026 und damit auch die Befreiung von allen Irrt\u00fcmern und Exzessen, die sich in Welt und Kirche ausgebreitet haben.<\/p>\n\n\n\n<p>Ein <strong>Neuanfang<\/strong> ist m\u00f6glich; Du \/ Ich \u2026 wir alle m\u00fcssen es wollen. Daf\u00fcr beten wir, damit dann auch Pandemien und Kriege usw. ein Ende finden k\u00f6nnen.<\/p>\n\n\n\n<p>Damit alle am Ende jubeln k\u00f6nnen, \u00fcber das wunderbare Wirken Gottes in dieser Zeit. Dann \u2026 und nicht anders!<\/p>\n","protected":false},"excerpt":{"rendered":"<p>&#8230; Umkehr ist m\u00f6glich. Doch k\u00f6nnen wir es? \u201eKann der Mensch anders werden, ein neues Leben anfangen?\u201c \u2026 wie der, ausgerechnet der will uns was zu sagen haben??? Ja(!), wenn wer, wenn nicht ich? Ein Mensch, der versucht hat Gott &hellip; <a href=\"https:\/\/fjm-ritter.de\/Aktuell\/?p=4574\">Weiterlesen <span class=\"meta-nav\">&rarr;<\/span><\/a><\/p>\n","protected":false},"author":11,"featured_media":0,"comment_status":"open","ping_status":"closed","sticky":false,"template":"","format":"standard","meta":{"footnotes":""},"categories":[1],"tags":[],"class_list":["post-4574","post","type-post","status-publish","format-standard","hentry","category-allgemein"],"_links":{"self":[{"href":"https:\/\/fjm-ritter.de\/Aktuell\/index.php?rest_route=\/wp\/v2\/posts\/4574","targetHints":{"allow":["GET"]}}],"collection":[{"href":"https:\/\/fjm-ritter.de\/Aktuell\/index.php?rest_route=\/wp\/v2\/posts"}],"about":[{"href":"https:\/\/fjm-ritter.de\/Aktuell\/index.php?rest_route=\/wp\/v2\/types\/post"}],"author":[{"embeddable":true,"href":"https:\/\/fjm-ritter.de\/Aktuell\/index.php?rest_route=\/wp\/v2\/users\/11"}],"replies":[{"embeddable":true,"href":"https:\/\/fjm-ritter.de\/Aktuell\/index.php?rest_route=%2Fwp%2Fv2%2Fcomments&post=4574"}],"version-history":[{"count":4,"href":"https:\/\/fjm-ritter.de\/Aktuell\/index.php?rest_route=\/wp\/v2\/posts\/4574\/revisions"}],"predecessor-version":[{"id":4580,"href":"https:\/\/fjm-ritter.de\/Aktuell\/index.php?rest_route=\/wp\/v2\/posts\/4574\/revisions\/4580"}],"wp:attachment":[{"href":"https:\/\/fjm-ritter.de\/Aktuell\/index.php?rest_route=%2Fwp%2Fv2%2Fmedia&parent=4574"}],"wp:term":[{"taxonomy":"category","embeddable":true,"href":"https:\/\/fjm-ritter.de\/Aktuell\/index.php?rest_route=%2Fwp%2Fv2%2Fcategories&post=4574"},{"taxonomy":"post_tag","embeddable":true,"href":"https:\/\/fjm-ritter.de\/Aktuell\/index.php?rest_route=%2Fwp%2Fv2%2Ftags&post=4574"}],"curies":[{"name":"wp","href":"https:\/\/api.w.org\/{rel}","templated":true}]}}