{"id":4662,"date":"2022-04-09T15:40:02","date_gmt":"2022-04-09T15:40:02","guid":{"rendered":"http:\/\/fjm-ritter.de\/Aktuell\/?p=4662"},"modified":"2022-04-11T07:31:17","modified_gmt":"2022-04-11T07:31:17","slug":"palmsonntag-das-reich-gottes","status":"publish","type":"post","link":"https:\/\/fjm-ritter.de\/Aktuell\/?p=4662","title":{"rendered":"Palmsonntag &#8211; das Reich Gottes"},"content":{"rendered":"\n<p>\u2026 ist f\u00fcr die Armen.<\/p>\n\n\n\n<p>\u2026 so hat das <strong>Jesus Christus<\/strong> verk\u00fcndet! <strong>ER<\/strong> selbst hat arm gelebt. <strong>ER<\/strong> ist ein <em>armer<\/em> und <em>dem\u00fctiger<\/em> <strong><em>Messias<\/em><\/strong>; <strong>ER selbst will es so<\/strong>.<\/p>\n\n\n\n<p>Doch, wenn <strong>ER<\/strong> es selbst so wollte, was will <strong>ER<\/strong> dann <em>von uns<\/em> \u2026 <strong>von Dir und mir<\/strong>?<\/p>\n\n\n\n<p>Und \u201e<em>der J\u00fcnger mu\u00df sich damit begn\u00fcgen, dass es ihm geht wie seinem Meister<\/em>\u201c.<\/p>\n\n\n\n<div class=\"wp-block-image\"><figure class=\"alignleft size-full is-resized\"><a href=\"https:\/\/fjm-ritter.de\/Aktuell\/wp-content\/uploads\/2022\/04\/HWREGW-1.jpg\"><img loading=\"lazy\" decoding=\"async\" src=\"https:\/\/fjm-ritter.de\/Aktuell\/wp-content\/uploads\/2022\/04\/HWREGW-1.jpg\" alt=\"\" class=\"wp-image-4667\" width=\"303\" height=\"295\"\/><\/a><figcaption>HWREGW Palm Sunday \/ Entrance of Jesus into Jerusalem, Gospel of Matthew chapter XXI verses 8 &#8211; 9 &#8218;And a very great multitude spread their garments in the way; others cut down branches from the trees, and strawed them in the way. And the multitudes that went before, and that followed, cried, saying, Hosanna to the son of David: Blessed is he that cometh in the name of the Lord&#8216; 1852-60 illustration by Julius Schnorr von Carolsfeld<\/figcaption><\/figure><\/div>\n\n\n\n<p><strong>Nein<\/strong>, das stammt nicht aus <em>meiner<\/em> <strong>Feder<\/strong>! Ich habe das Thema lediglich nur aufgegriffen (<em>vgl. den Einf\u00fchrungstext zur Tagesliturgie<\/em>)!<\/p>\n\n\n\n<p>Und wenn Du das getan und auch verstanden hast \u2026 wo steht Du, jetzt \u2026 das frage ich mich ganz im Ernst.<\/p>\n\n\n\n<p>Stehst Du auf der Seite: <strong>Hosianna<\/strong><\/p>\n\n\n\n<p>Oder auf der Seite: <strong>kreuzigt IHN<\/strong><\/p>\n\n\n\n<p>Klar sagt jetzt ein\/e Jede\/r von Euch: <strong>nat\u00fcrlich auf der Seite: <em>Hosianna<\/em>!<\/strong><\/p>\n\n\n\n<p>&#8211; &#8211; &#8211;<\/p>\n\n\n\n<p><strong>Und<\/strong>, bist Du auch f\u00fcr einen Wandel in der Kirche \u2026 f\u00fcr die <strong><em>sakramentalen Dienste in Laienhand<\/em><\/strong>; Frauenweihe ins Diakonen- bzw. Priesteramt?<br>Bist Du auch f\u00fcr mehr Laiendienste in priester- bzw. bisch\u00f6flichen \u00c4mtern, f\u00fcr eine <strong><em>P\u00e4pstin<\/em><\/strong>?<\/p>\n\n\n\n<p>Unterst\u00fctzt Du auch <strong>Maria 2.0<\/strong> \u2013 \u201eWir sind Kirche \u2013 <em>von unten<\/em>\u201c, das <strong>ZdK<\/strong>; KDFB bzw. <strong>BDKJ<\/strong> \u2026 die einst katholische Kolping usw. \u2026???<\/p>\n\n\n\n<p>Ja, ich wage es \u2026 <strong>sie rufen <u>nicht<\/u> Hosianna<\/strong> \u2026 denn sie wollen gar <strong>nicht Gottes = Jesu Weg<\/strong>, sie wollen ihren eigenen Weg gehen \u2026 abgetrennt von der Weltkirche \u2026 sie wollen den <strong><em>synodalen Irrweg<\/em><\/strong> in Deutschland, die schon jetzt in vielen Di\u00f6zesen \/ Pfarreien und liturgischen Feiern alles auf den Kopf stellen [<em>obwohl das Oberhaupt der r\u00f6misch-katholischen Kirche \u2013 der Vikar Jesu auf Erden, Papst Franziskus, sich ausdr\u00fccklich davon distanzier!<\/em>].<\/p>\n\n\n\n<p>Einen Bruch mit dem zweiten vatikanischen Konzil und damit vors\u00e4tzlich eine Spaltung provozieren.<\/p>\n\n\n\n<p>Und siehe, die Kirche stirbt <strong>nicht<\/strong> \u2013 auch wenn die o.g. Gruppierungen uns dies \u2013 <em>medial aufbereitet<\/em> \u2013 vorgaukeln. Siehe, die Kirche w\u00e4chst um etwa 16 Millionen Katholiken j\u00e4hrlich. Der deutschsprachige Raum, sind nicht einmal <strong>5%<\/strong> der Weltkirche, wollen aber, dass sich alles nach ihrer Nase abspielt \u2013 egal wie Gott es will \u2026 man muss nur laut genug sein, und da kommen Verbrechen einzelner ganz recht \u2013 diese zu instrumentalisieren, um Geh\u00f6r durch die Medien zu bekommen.<\/p>\n\n\n\n<p>Aber ja, sie schrumpft u.a. in den s.g. \u201ezivilisierten\u201c L\u00e4ndern wie in Europa der \u201e<em><strong>S\u00e4kularisierung<\/strong><\/em> <strong><em>= Aufkl\u00e4rung<\/em><\/strong>\u201c \u2026 und das hat <strong><u>nicht nur<\/u><\/strong> was mit den Verbrechen zu tun, deren sich auch einige Priester und Ordensleute schuldig gemacht haben; sondern auch weil unsere christliche Kultur mehr und mehr ins <strong><em>Heidentum<\/em><\/strong> [<em>mit esoterischen Heil-\/Kunst-\/Werken (bis hin diabolischen Br\u00e4uchen)<\/em>] zur\u00fcckgefallen ist.<\/p>\n\n\n\n<p><strong>FLAGGE ZEIGEN<\/strong> und dem K\u00f6nig der K\u00f6nige folgen, auch in der eigenen Gruppe \/ Gemeinschaft \/ Pfarrei \u2026 denn auch Mitl\u00e4ufer allen \u00dcbels, sie rufen nicht wirklich von Herzen: <strong><em>Hosianna<\/em><\/strong> \u2026<\/p>\n\n\n\n<p>Sondern sie folgen lieber den Irrlehren und Irrwegen \u2026 bis hin: falschen Lehrern und Propheten \u2026 wie <em>ich<\/em> seit Jahren schon aufgezeigt habe. Und nicht umsonst eingeladen habe, das Buch <a href=\"http:\/\/ecclesiaeveritas.net\/index.php\/Jeremias\" target=\"_blank\" rel=\"noreferrer noopener\">Jeremias<\/a> zu lesen \u2013 bzw. den <a href=\"https:\/\/www.rebuy.de\/i,10090\/filme\/die-bibel-jeremia#fullscreen\" target=\"_blank\" rel=\"noreferrer noopener\">gleichnamigen Film<\/a> anzuschauen.<\/p>\n\n\n\n<p>Nochmal zur\u00fcck zu den \u2013 f\u00fcr meiner Meinung nach \u201e<em>antikatholischen Aktivit\u00e4ten<\/em>\u201c \u2013 der vorgenannten Gruppen etc.<\/p>\n\n\n\n<p>\u2026 und wenn Du Dich fragst, wie ich dazu komme, so etwas zu sagen \u2026<\/p>\n\n\n\n<p><strong>Nun<\/strong>, schau was sie tun, &#8211; reden \u2013 wie sie liturgische Dienste \/ Feiern \u2013 das Gotteshaus missbrauchen; f\u00fcr ihre kirchenpolitischen Zwecke \u2013 sich stark machen, f\u00fcr ihre Reformbewegungen, dass selbst Protestanten u.a. die H\u00e4nde erheben und sich fragen: wozu das ganze?!<\/p>\n\n\n\n<p>\u2026 und lies die Schrift &nbsp;(zum Beispiel: <a href=\"http:\/\/vulgata.info\/index.php?title=Kategorie:Vulgata:AT:3Mos10\" target=\"_blank\" rel=\"noreferrer noopener\">3.Moses 10,1-3<\/a>; sowie <a href=\"http:\/\/vulgata.info\/index.php?title=Kategorie:Vulgata:AT:4Mos17\" target=\"_blank\" rel=\"noreferrer noopener\">4.Moses 17<\/a>) \u2026und weitere Textstellen \u2026 was Gott sagt, wer in Seine Dienste eingreift \u2013 sie ergreifen will.<\/p>\n\n\n\n<p>Wer \u201e<strong><em>Hosianna<\/em><\/strong>\u201c ausruft; wer spricht \u201e<a href=\"https:\/\/fjm-ritter.de\/Aktuell\/?p=4574\" target=\"_blank\" rel=\"noreferrer noopener\"><strong><em>ich glaube<\/em><\/strong><\/a>\u201c, der tut auch was ER sagt; der folgt IHM und nicht sich selbst und seinen eigenen W\u00fcnschen (<em>oder anderer \u201e<strong>Ungeister<\/strong>\u201c wie es der em. Papst Benedikt XVI. nannte<\/em>) \u2026 \u201e<em>der J\u00fcnger mu\u00df sich damit begn\u00fcgen, dass es ihm geht wie seinem Meister<\/em>\u201c, wenn er \/ sie zu Seinem = Gottes Willen steht und voran geht.<\/p>\n\n\n\n<p><strong>Herr, erbarme dich<\/strong> derer, die sich von Dir, Deinem Willen, Deiner Kirche \u2026 abgewendet haben, weil sie meinen, dass das heute nicht mehr zusammenpasst und lieber dem Zeitgeist (<em>G\u00f6tzen<\/em>) folgen wollen.<\/p>\n","protected":false},"excerpt":{"rendered":"<p>\u2026 ist f\u00fcr die Armen. \u2026 so hat das Jesus Christus verk\u00fcndet! ER selbst hat arm gelebt. ER ist ein armer und dem\u00fctiger Messias; ER selbst will es so. Doch, wenn ER es selbst so wollte, was will ER dann &hellip; <a href=\"https:\/\/fjm-ritter.de\/Aktuell\/?p=4662\">Weiterlesen <span class=\"meta-nav\">&rarr;<\/span><\/a><\/p>\n","protected":false},"author":11,"featured_media":0,"comment_status":"open","ping_status":"closed","sticky":false,"template":"","format":"standard","meta":{"footnotes":""},"categories":[1],"tags":[],"class_list":["post-4662","post","type-post","status-publish","format-standard","hentry","category-allgemein"],"_links":{"self":[{"href":"https:\/\/fjm-ritter.de\/Aktuell\/index.php?rest_route=\/wp\/v2\/posts\/4662","targetHints":{"allow":["GET"]}}],"collection":[{"href":"https:\/\/fjm-ritter.de\/Aktuell\/index.php?rest_route=\/wp\/v2\/posts"}],"about":[{"href":"https:\/\/fjm-ritter.de\/Aktuell\/index.php?rest_route=\/wp\/v2\/types\/post"}],"author":[{"embeddable":true,"href":"https:\/\/fjm-ritter.de\/Aktuell\/index.php?rest_route=\/wp\/v2\/users\/11"}],"replies":[{"embeddable":true,"href":"https:\/\/fjm-ritter.de\/Aktuell\/index.php?rest_route=%2Fwp%2Fv2%2Fcomments&post=4662"}],"version-history":[{"count":3,"href":"https:\/\/fjm-ritter.de\/Aktuell\/index.php?rest_route=\/wp\/v2\/posts\/4662\/revisions"}],"predecessor-version":[{"id":4669,"href":"https:\/\/fjm-ritter.de\/Aktuell\/index.php?rest_route=\/wp\/v2\/posts\/4662\/revisions\/4669"}],"wp:attachment":[{"href":"https:\/\/fjm-ritter.de\/Aktuell\/index.php?rest_route=%2Fwp%2Fv2%2Fmedia&parent=4662"}],"wp:term":[{"taxonomy":"category","embeddable":true,"href":"https:\/\/fjm-ritter.de\/Aktuell\/index.php?rest_route=%2Fwp%2Fv2%2Fcategories&post=4662"},{"taxonomy":"post_tag","embeddable":true,"href":"https:\/\/fjm-ritter.de\/Aktuell\/index.php?rest_route=%2Fwp%2Fv2%2Ftags&post=4662"}],"curies":[{"name":"wp","href":"https:\/\/api.w.org\/{rel}","templated":true}]}}