{"id":4826,"date":"2022-06-18T14:45:48","date_gmt":"2022-06-18T14:45:48","guid":{"rendered":"http:\/\/fjm-ritter.de\/Aktuell\/?p=4826"},"modified":"2022-06-23T19:23:35","modified_gmt":"2022-06-23T19:23:35","slug":"ihr-aber-fuer-wen-haltet-ihr-mich","status":"publish","type":"post","link":"https:\/\/fjm-ritter.de\/Aktuell\/?p=4826","title":{"rendered":"Ihr aber, f\u00fcr wen haltet ihr mich?"},"content":{"rendered":"<div class=\"wp-block-image\">\n<figure class=\"alignleft size-full is-resized\"><a href=\"https:\/\/fjm-ritter.de\/Aktuell\/wp-content\/uploads\/2022\/05\/cropped-974985_288125277989849_1879471212_n-1.jpg\"><img loading=\"lazy\" decoding=\"async\" src=\"https:\/\/fjm-ritter.de\/Aktuell\/wp-content\/uploads\/2022\/05\/cropped-974985_288125277989849_1879471212_n-1.jpg\" alt=\"\" class=\"wp-image-4780\" width=\"341\" height=\"160\" srcset=\"https:\/\/fjm-ritter.de\/Aktuell\/wp-content\/uploads\/2022\/05\/cropped-974985_288125277989849_1879471212_n-1.jpg 1000w, https:\/\/fjm-ritter.de\/Aktuell\/wp-content\/uploads\/2022\/05\/cropped-974985_288125277989849_1879471212_n-1-300x141.jpg 300w, https:\/\/fjm-ritter.de\/Aktuell\/wp-content\/uploads\/2022\/05\/cropped-974985_288125277989849_1879471212_n-1-768x361.jpg 768w, https:\/\/fjm-ritter.de\/Aktuell\/wp-content\/uploads\/2022\/05\/cropped-974985_288125277989849_1879471212_n-1-500x235.jpg 500w\" sizes=\"auto, (max-width: 341px) 100vw, 341px\" \/><\/a><figcaption>. . .<\/figcaption><\/figure>\n<\/div>\n\n\n<p>Heute h\u00f6rt man eher: Die einen f\u00fcr den Revolution\u00e4r \u2013 Sozialarbeiter \u2013 einer, der Menschen den Hunger gestillt hat \u2013 andere erinnern sich, dass er als Arzt und Pfleger \u2013 ja als Heiler stark gemacht hat \u2026<\/p>\n\n\n\n<p>Ist Jesus f\u00fcr Dich nicht mehr?<\/p>\n\n\n\n<p>Was sagst Du zum Bekenntnis des Petrus, der antwortet: <strong>F\u00fcr den Messias Gottes<\/strong> (<em>vgl. <\/em><a href=\"http:\/\/vulgata.info\/index.php?title=Kategorie:Vulgata:NT:Lk09#Bekenntnis_des_Petrus\" target=\"_blank\" rel=\"noreferrer noopener\"><em>Luk.9,20<\/em><\/a>)<\/p>\n\n\n\n<p>Stimmst Du dem Petrus \u2013 <em>auch den Nachfolgern <\/em><a href=\"http:\/\/ecclesiaeveritas.net\/index.php?title=Papst_Johannes-Paul_II\" target=\"_blank\" rel=\"noreferrer noopener\"><em>Johannes-Paul II<\/em><\/a><em>.; <\/em><a href=\"http:\/\/ecclesiaeveritas.net\/index.php?title=Papst_Benedikt_XVI\" target=\"_blank\" rel=\"noreferrer noopener\"><em>Benedikt XVI<\/em><\/a><em>.; <\/em><a href=\"http:\/\/ecclesiaeveritas.net\/index.php?title=Papst_Franziskus\" target=\"_blank\" rel=\"noreferrer noopener\"><em>Franziskus<\/em><\/a><em> dieser Tage<\/em> \u2013 zu?<\/p>\n\n\n\n<p><strong>Oder<\/strong> hast Du Dir auch schon was Eigenes zusammengebastelt, damit das Abwenden von Seinen Sakramenten \u2013 Seiner Kirche \u2013 Seinen Hirten Dir ein ruhiges Kissen verschafft?<\/p>\n\n\n<div class=\"wp-block-image\">\n<figure class=\"alignright size-full is-resized\"><a href=\"https:\/\/fjm-ritter.de\/Aktuell\/wp-content\/uploads\/2022\/06\/1619634_751341308224458_1098519605_n.jpg\"><img loading=\"lazy\" decoding=\"async\" src=\"https:\/\/fjm-ritter.de\/Aktuell\/wp-content\/uploads\/2022\/06\/1619634_751341308224458_1098519605_n.jpg\" alt=\"\" class=\"wp-image-4802\" width=\"328\" height=\"286\" srcset=\"https:\/\/fjm-ritter.de\/Aktuell\/wp-content\/uploads\/2022\/06\/1619634_751341308224458_1098519605_n.jpg 960w, https:\/\/fjm-ritter.de\/Aktuell\/wp-content\/uploads\/2022\/06\/1619634_751341308224458_1098519605_n-300x263.jpg 300w, https:\/\/fjm-ritter.de\/Aktuell\/wp-content\/uploads\/2022\/06\/1619634_751341308224458_1098519605_n-768x672.jpg 768w, https:\/\/fjm-ritter.de\/Aktuell\/wp-content\/uploads\/2022\/06\/1619634_751341308224458_1098519605_n-343x300.jpg 343w\" sizes=\"auto, (max-width: 328px) 100vw, 328px\" \/><\/a><figcaption>. . .<\/figcaption><\/figure>\n<\/div>\n\n\n<p><strong>Vergiss nicht<\/strong>: Jesus hat nicht nur gesagt: <strong>Liebet einander<\/strong> \u2026 ein\/e jede\/r wie er\/sie\/es will \u2026 das Chaos dieser Tage ist unbeschreiblich und hat mit Jesus in Wirklichkeit gar nichts mehr zu tun!<\/p>\n\n\n\n<p>\u2026 ER sagte auch: <strong>wie ICH euch geliebt habe<\/strong> \u2026 und schon k\u00f6nnt ihr erkennen, worauf das ENDE geschrieben steht:<\/p>\n\n\n\n<p>* Wie Dein Sonntag, so Dein Sterbetag \u2026<\/p>\n\n\n\n<p>* Wie Dein Gottesdienst, so es Deiner Seele dient \u2026<\/p>\n\n\n\n<p>ER hat sich hingegeben, um jede Seele zu befreien, aus den F\u00e4ngen der Finsternis \u2026 und nicht wie wir es heute \u00fcberall erkennen; dass man sagen muss: Sodom und Gomorra war nichts dagegen!<\/p>\n\n\n\n<p>Denken wir nach, denn die Zeit des Aufr\u00e4umens ist da \u2026 <strong>in Welt und Kirche<\/strong>!!!<\/p>\n","protected":false},"excerpt":{"rendered":"<p>Heute h\u00f6rt man eher: Die einen f\u00fcr den Revolution\u00e4r \u2013 Sozialarbeiter \u2013 einer, der Menschen den Hunger gestillt hat \u2013 andere erinnern sich, dass er als Arzt und Pfleger \u2013 ja als Heiler stark gemacht hat \u2026 Ist Jesus f\u00fcr &hellip; <a href=\"https:\/\/fjm-ritter.de\/Aktuell\/?p=4826\">Weiterlesen <span class=\"meta-nav\">&rarr;<\/span><\/a><\/p>\n","protected":false},"author":11,"featured_media":0,"comment_status":"open","ping_status":"closed","sticky":false,"template":"","format":"standard","meta":{"footnotes":""},"categories":[1],"tags":[],"class_list":["post-4826","post","type-post","status-publish","format-standard","hentry","category-allgemein"],"_links":{"self":[{"href":"https:\/\/fjm-ritter.de\/Aktuell\/index.php?rest_route=\/wp\/v2\/posts\/4826","targetHints":{"allow":["GET"]}}],"collection":[{"href":"https:\/\/fjm-ritter.de\/Aktuell\/index.php?rest_route=\/wp\/v2\/posts"}],"about":[{"href":"https:\/\/fjm-ritter.de\/Aktuell\/index.php?rest_route=\/wp\/v2\/types\/post"}],"author":[{"embeddable":true,"href":"https:\/\/fjm-ritter.de\/Aktuell\/index.php?rest_route=\/wp\/v2\/users\/11"}],"replies":[{"embeddable":true,"href":"https:\/\/fjm-ritter.de\/Aktuell\/index.php?rest_route=%2Fwp%2Fv2%2Fcomments&post=4826"}],"version-history":[{"count":3,"href":"https:\/\/fjm-ritter.de\/Aktuell\/index.php?rest_route=\/wp\/v2\/posts\/4826\/revisions"}],"predecessor-version":[{"id":4838,"href":"https:\/\/fjm-ritter.de\/Aktuell\/index.php?rest_route=\/wp\/v2\/posts\/4826\/revisions\/4838"}],"wp:attachment":[{"href":"https:\/\/fjm-ritter.de\/Aktuell\/index.php?rest_route=%2Fwp%2Fv2%2Fmedia&parent=4826"}],"wp:term":[{"taxonomy":"category","embeddable":true,"href":"https:\/\/fjm-ritter.de\/Aktuell\/index.php?rest_route=%2Fwp%2Fv2%2Fcategories&post=4826"},{"taxonomy":"post_tag","embeddable":true,"href":"https:\/\/fjm-ritter.de\/Aktuell\/index.php?rest_route=%2Fwp%2Fv2%2Ftags&post=4826"}],"curies":[{"name":"wp","href":"https:\/\/api.w.org\/{rel}","templated":true}]}}