{"id":4856,"date":"2022-06-25T08:14:00","date_gmt":"2022-06-25T08:14:00","guid":{"rendered":"http:\/\/fjm-ritter.de\/Aktuell\/?p=4856"},"modified":"2022-06-25T18:22:32","modified_gmt":"2022-06-25T18:22:32","slug":"abschied-vom-schwesternhaus-steinkamp","status":"publish","type":"post","link":"https:\/\/fjm-ritter.de\/Aktuell\/?p=4856","title":{"rendered":"Abschied vom Schwesternhaus Steinkamp"},"content":{"rendered":"\n<figure class=\"wp-block-image size-full\"><a href=\"https:\/\/fjm-ritter.de\/Aktuell\/wp-content\/uploads\/2022\/06\/cropped-20220624_172900.jpg\"><img loading=\"lazy\" decoding=\"async\" width=\"1000\" height=\"473\" src=\"https:\/\/fjm-ritter.de\/Aktuell\/wp-content\/uploads\/2022\/06\/cropped-20220624_172900.jpg\" alt=\"\" class=\"wp-image-4853\" srcset=\"https:\/\/fjm-ritter.de\/Aktuell\/wp-content\/uploads\/2022\/06\/cropped-20220624_172900.jpg 1000w, https:\/\/fjm-ritter.de\/Aktuell\/wp-content\/uploads\/2022\/06\/cropped-20220624_172900-300x142.jpg 300w, https:\/\/fjm-ritter.de\/Aktuell\/wp-content\/uploads\/2022\/06\/cropped-20220624_172900-768x363.jpg 768w, https:\/\/fjm-ritter.de\/Aktuell\/wp-content\/uploads\/2022\/06\/cropped-20220624_172900-500x237.jpg 500w\" sizes=\"auto, (max-width: 1000px) 100vw, 1000px\" \/><\/a><figcaption>. . .<\/figcaption><\/figure>\n\n\n\n<p>Heute nehmen wir nach <strong>17<\/strong> Jahren vom Schwesternhaus am Steinkamp, der <strong>Oase des Heiligen Herzen Jesu<\/strong> Abschied.<\/p>\n\n\n\n<p>Nach dem Heimgang der Vermieterin entschieden die Erben f\u00fcr einen Verkauf; die Neueigent\u00fcmer haben (<em>tats\u00e4chlichen<\/em>) Eigenbedarf angemeldet.<\/p>\n\n\n\n<p>Bei der Suche nach einer geeigneten Alternative wurden wir nicht f\u00fcndig, und die Mitgr\u00fcnderin der FJM entschied sich dann \u2013 wegen der eigenen Hilfsbed\u00fcrftigkeit \u2013 f\u00fcr ein Seniorenplatz vor Ort, den sie am 20. Juni bezog.<\/p>\n\n\n\n<p>Den Mitschwestern und mir, dank helfender H\u00e4nde, blieb nur das Ausr\u00e4umen.<\/p>\n\n\n<div class=\"wp-block-image\">\n<figure class=\"alignleft size-full is-resized\"><a href=\"https:\/\/fjm-ritter.de\/Aktuell\/wp-content\/uploads\/2022\/06\/20220624_172643.jpg\"><img loading=\"lazy\" decoding=\"async\" src=\"https:\/\/fjm-ritter.de\/Aktuell\/wp-content\/uploads\/2022\/06\/20220624_172643.jpg\" alt=\"\" class=\"wp-image-4852\" width=\"232\" height=\"380\"\/><\/a><figcaption>Abschied von &#8230;<\/figcaption><\/figure>\n<\/div>\n\n\n<p>Heute, am zweiten Tag unseres Triduums nehmen wir also Abschied vom Haus; von lieben Weggef\u00e4hrten und Mitgliedern \/ Mitbetern \u2013 die seit unserem letzten Zusammentreffen (<em>wegen Corona<\/em> <em>vor <strong>28<\/strong> Monaten<\/em>) verstorben sind.<\/p>\n\n\n\n<p>In der n\u00e4chsten Woche wird die Schl\u00fcssel\u00fcbergabe vollzogen und damit ist das Schwesternhaus Geschichte. (<em>Mehr dazu vom 1. \u2013 4. Juli auf unseren bekannten Seiten \u2026 und auch in unserem<\/em> <strong><a href=\"http:\/\/radio.team\/fjm-ritter.html\" target=\"_blank\" rel=\"noreferrer noopener\">FJM-Ritter Radio<\/a><\/strong>)<\/p>\n\n\n\n<p>ALLEN die uns in diesen Jahren begleitet \/ besucht \u2013 mitgefeiert usw. \u2026 haben, Vergelts Gott. Wir sind weiter an der Sprakelstra\u00dfe \u2013 nach Terminabsprache \u2013 f\u00fcr Euch da \u2026 wenn auch anders.<\/p>\n\n\n\n<p>Bleiben wir verbunden, im Gebet und bei den Treffen (auf Einladung von Dir) bzw. \u2026 zum Beispiel im September um 14 Uhr in Ainring \u2013 am Kreuz am Kieswerk Br\u00f6tzner \u2026 (<em>Einladung folgt noch!<\/em>) \u2013 achtet bitte auch auf unseren <a href=\"https:\/\/fjm-ritter.de\/Aktuell\/?page_id=96\" target=\"_blank\" rel=\"noreferrer noopener\">Tourplan<\/a>.<\/p>\n","protected":false},"excerpt":{"rendered":"<p>Heute nehmen wir nach 17 Jahren vom Schwesternhaus am Steinkamp, der Oase des Heiligen Herzen Jesu Abschied. Nach dem Heimgang der Vermieterin entschieden die Erben f\u00fcr einen Verkauf; die Neueigent\u00fcmer haben (tats\u00e4chlichen) Eigenbedarf angemeldet. Bei der Suche nach einer geeigneten &hellip; <a href=\"https:\/\/fjm-ritter.de\/Aktuell\/?p=4856\">Weiterlesen <span class=\"meta-nav\">&rarr;<\/span><\/a><\/p>\n","protected":false},"author":11,"featured_media":0,"comment_status":"open","ping_status":"closed","sticky":false,"template":"","format":"standard","meta":{"footnotes":""},"categories":[1],"tags":[],"class_list":["post-4856","post","type-post","status-publish","format-standard","hentry","category-allgemein"],"_links":{"self":[{"href":"https:\/\/fjm-ritter.de\/Aktuell\/index.php?rest_route=\/wp\/v2\/posts\/4856","targetHints":{"allow":["GET"]}}],"collection":[{"href":"https:\/\/fjm-ritter.de\/Aktuell\/index.php?rest_route=\/wp\/v2\/posts"}],"about":[{"href":"https:\/\/fjm-ritter.de\/Aktuell\/index.php?rest_route=\/wp\/v2\/types\/post"}],"author":[{"embeddable":true,"href":"https:\/\/fjm-ritter.de\/Aktuell\/index.php?rest_route=\/wp\/v2\/users\/11"}],"replies":[{"embeddable":true,"href":"https:\/\/fjm-ritter.de\/Aktuell\/index.php?rest_route=%2Fwp%2Fv2%2Fcomments&post=4856"}],"version-history":[{"count":2,"href":"https:\/\/fjm-ritter.de\/Aktuell\/index.php?rest_route=\/wp\/v2\/posts\/4856\/revisions"}],"predecessor-version":[{"id":4865,"href":"https:\/\/fjm-ritter.de\/Aktuell\/index.php?rest_route=\/wp\/v2\/posts\/4856\/revisions\/4865"}],"wp:attachment":[{"href":"https:\/\/fjm-ritter.de\/Aktuell\/index.php?rest_route=%2Fwp%2Fv2%2Fmedia&parent=4856"}],"wp:term":[{"taxonomy":"category","embeddable":true,"href":"https:\/\/fjm-ritter.de\/Aktuell\/index.php?rest_route=%2Fwp%2Fv2%2Fcategories&post=4856"},{"taxonomy":"post_tag","embeddable":true,"href":"https:\/\/fjm-ritter.de\/Aktuell\/index.php?rest_route=%2Fwp%2Fv2%2Ftags&post=4856"}],"curies":[{"name":"wp","href":"https:\/\/api.w.org\/{rel}","templated":true}]}}