{"id":4958,"date":"2022-08-13T15:05:49","date_gmt":"2022-08-13T15:05:49","guid":{"rendered":"https:\/\/fjm-ritter.de\/Aktuell\/?p=4958"},"modified":"2022-08-20T13:07:48","modified_gmt":"2022-08-20T13:07:48","slug":"symbole-des-lebens","status":"publish","type":"post","link":"https:\/\/fjm-ritter.de\/Aktuell\/?p=4958","title":{"rendered":"Symbole des Lebens"},"content":{"rendered":"<div class=\"wp-block-image\">\n<figure class=\"alignright size-large is-resized\"><a href=\"https:\/\/fjm-ritter.de\/Aktuell\/wp-content\/uploads\/2022\/08\/121776285_3865707320108242_522260906508074404_n.jpg\"><img decoding=\"async\" src=\"https:\/\/fjm-ritter.de\/Aktuell\/wp-content\/uploads\/2022\/08\/121776285_3865707320108242_522260906508074404_n-1024x768.jpg\" alt=\"\" class=\"wp-image-4953\" width=\"-233\" height=\"-177\" srcset=\"https:\/\/fjm-ritter.de\/Aktuell\/wp-content\/uploads\/2022\/08\/121776285_3865707320108242_522260906508074404_n-1024x768.jpg 1024w, https:\/\/fjm-ritter.de\/Aktuell\/wp-content\/uploads\/2022\/08\/121776285_3865707320108242_522260906508074404_n-300x225.jpg 300w, https:\/\/fjm-ritter.de\/Aktuell\/wp-content\/uploads\/2022\/08\/121776285_3865707320108242_522260906508074404_n-768x576.jpg 768w, https:\/\/fjm-ritter.de\/Aktuell\/wp-content\/uploads\/2022\/08\/121776285_3865707320108242_522260906508074404_n-400x300.jpg 400w, https:\/\/fjm-ritter.de\/Aktuell\/wp-content\/uploads\/2022\/08\/121776285_3865707320108242_522260906508074404_n.jpg 1200w\" sizes=\"(max-width: 1024px) 100vw, 1024px\" \/><\/a><figcaption>. . .<\/figcaption><\/figure>\n<\/div>\n\n\n<p>\u2026 <strong><em>wie des Todes<\/em><\/strong><em> sind Wasser und Feuer.<\/em><\/p>\n\n\n\n<p><em>Das <strong>Wasser<\/strong> reinigt und erquickt, es kann auch zerst\u00f6ren und t\u00f6ten.<\/em><\/p>\n\n\n\n<p><em>Das <strong>Feuer<\/strong> w\u00e4rmt, l\u00f6st, verwandelt, es ist eine kostbare Gabe f\u00fcr die Menschen. Oder es richtet und verbrennt, was nicht l\u00e4nger bestehen soll<\/em> \u2026\u201c<\/p>\n\n\n\n<p>Als ich diesen Text an meinem <strong><em>Tauftag<\/em><\/strong> las, zur Vorbereitung auf diesen Sonntag, dachte ich an die Erfrischungen, welche die Menschen genie\u00dfen \u2013 und jetzt mehr und mehr Verzicht \u00fcben m\u00fcssen.<\/p>\n\n\n\n<p>W\u00e4hrend die einen mehr und mehr nach Wasser lechzen, es in zerst\u00f6rerischer Weise ganze Gebiete zerst\u00f6rt \u2026 ob letztes Jahr das <strong>Ahrtal<\/strong> in Deutschland und viele andere Orte; oder dieses Jahr in nicht wenigen L\u00e4ndern vom Wasser vieles regelrecht \u00fcber- bzw. vieles weggesp\u00fclt wurde.<\/p>\n\n\n\n<p>Ich h\u00f6re dann die Schreie in Richtung Gott: \u201e&#8230; <strong><em>wie kann ER das zulassen?<\/em><\/strong>\u201c \u2026 dabei haben wir Menschen zum einen die Katastrophen \u2013 ob Wasser oder Feuer &#8211; regelrecht herbeigewirtschaftet. <strong>Die Erde ausgebeutet<\/strong> \u2026 einfach genommen und [<em>\u2026 wie viele Tonnen Lebensmittel vernichtet; \u2026 wie viele Menschen nicht den gerechten Lohn gezahlt; \u2026usw.<\/em>] \u2026 wann bzw. auch wie haben wir Gott gedankt, f\u00fcr all diese Gaben &#8230; wann haben wir den Armen gegeben, die schon immer mit Trockenheit oder Fluten zu k\u00e4mpfen hatten. Und jetzt wo es uns mal trifft: nur st\u00f6hnen und klagen?<\/p>\n\n\n\n<p>\u201e<strong><em>Ich muss mit einer Taufe getauft werden und ich bin sehr bedr\u00fcckt, solange sie noch nicht vollzogen ist.<\/em><\/strong>\u201c<\/p>\n\n\n\n<p>\u2026 die Taufe des Zornes, die wir dem Sch\u00f6pfer bis heute angetan haben, wurde auf IHN herabgelassen.<\/p>\n\n\n\n<p>Wie viele hatten Mitleid und Erbarmen mit IHM?<\/p>\n\n\n\n<p>\u201e<strong><em>Meint ihr, ICH sei gekommen, um Frieden auf die Erde zu bringen? Nein, sage ICH euch, nicht Frieden, sondern Spaltung<\/em><\/strong>.\u201c<\/p>\n\n\n\n<p>Wenn wir endlich erkannt haben, was Jesus uns <strong>JETZT<\/strong> damit sagen m\u00f6chte: Wir bek\u00e4mpfen Gott; wir spotten und l\u00e4stern und leugnen IHN; stellen G\u00f6tzen auf, denen wir Raum und Zeit geben, um zu huldigen \u2026<\/p>\n\n\n\n<ul class=\"wp-block-list\"><li>Ach, Bruder \u2013 das ist doch nur Dekoration; ist doch sch\u00f6n \u2013 ein bissel Spa\u00df muss man sich doch auch noch g\u00f6nnen, oder nicht!<\/li><\/ul>\n\n\n\n<p>Solches sagt man mir seit vielen Jahren. Ich kann dann nur antworten: \u2026 dann ertragt auch die Konsequenzen eurer irdischen Freuden; denn der Lohn wird uns schon auf Erden gegeben werden.<\/p>\n\n\n\n<p>So wie Du barmherzig bist, so ist Dein Gott barmherzig auch mit Dir \u2026 und das in alle Ewigkeit!<\/p>\n\n\n\n<ul class=\"wp-block-list\"><li>Immer diese Drohungen \u2026<\/li><\/ul>\n\n\n\n<p>Menschenkind: Gott droht nicht! ER liebt! Aber wen DU die Mahnungen und Warnungen nicht beachtest; auf die von IHM eingesetzten W\u00e4chter nicht h\u00f6rst; \u2026 was erwartest Du dann f\u00fcr einen Lohn \u2013 <strong>jetzt<\/strong> und in der Ewigkeit?<\/p>\n\n\n\n<p>\u201e<strong><em>Meine Schafe h\u00f6ren auf Meine Stimme; Ich kenne sie, und sie folgen Mir.<\/em><\/strong>\u201c<\/p>\n\n\n\n<ul class=\"wp-block-list\"><li>Aber die vielen Unschuldigen \u2013 die Kinder; die Menschen, die von Jesus noch nie etwas geh\u00f6rt haben; das kann dein Gott doch nicht wollen?<\/li><\/ul>\n\n\n\n<p><strong>Nein<\/strong>! Darum sorgt ER selbst f\u00fcr sie; <strong>eben<\/strong>: mit einer Taufe \u2013 die wir Menschen \u00fcber diese Kinder und Unwissenden gebracht haben. In dem ihr Euren Missionsauftrag nicht nachgekommen seit \u2013 statt mit ihnen zu teilen; nur an Euch selbst gedacht habt.<\/p>\n\n\n\n<p><strong>Und nun ist die Erntezeit \u2026<\/strong><\/p>\n","protected":false},"excerpt":{"rendered":"<p>\u2026 wie des Todes sind Wasser und Feuer. Das Wasser reinigt und erquickt, es kann auch zerst\u00f6ren und t\u00f6ten. Das Feuer w\u00e4rmt, l\u00f6st, verwandelt, es ist eine kostbare Gabe f\u00fcr die Menschen. Oder es richtet und verbrennt, was nicht l\u00e4nger &hellip; <a href=\"https:\/\/fjm-ritter.de\/Aktuell\/?p=4958\">Weiterlesen <span class=\"meta-nav\">&rarr;<\/span><\/a><\/p>\n","protected":false},"author":11,"featured_media":0,"comment_status":"open","ping_status":"closed","sticky":false,"template":"","format":"standard","meta":{"footnotes":""},"categories":[1],"tags":[],"class_list":["post-4958","post","type-post","status-publish","format-standard","hentry","category-allgemein"],"_links":{"self":[{"href":"https:\/\/fjm-ritter.de\/Aktuell\/index.php?rest_route=\/wp\/v2\/posts\/4958","targetHints":{"allow":["GET"]}}],"collection":[{"href":"https:\/\/fjm-ritter.de\/Aktuell\/index.php?rest_route=\/wp\/v2\/posts"}],"about":[{"href":"https:\/\/fjm-ritter.de\/Aktuell\/index.php?rest_route=\/wp\/v2\/types\/post"}],"author":[{"embeddable":true,"href":"https:\/\/fjm-ritter.de\/Aktuell\/index.php?rest_route=\/wp\/v2\/users\/11"}],"replies":[{"embeddable":true,"href":"https:\/\/fjm-ritter.de\/Aktuell\/index.php?rest_route=%2Fwp%2Fv2%2Fcomments&post=4958"}],"version-history":[{"count":4,"href":"https:\/\/fjm-ritter.de\/Aktuell\/index.php?rest_route=\/wp\/v2\/posts\/4958\/revisions"}],"predecessor-version":[{"id":4980,"href":"https:\/\/fjm-ritter.de\/Aktuell\/index.php?rest_route=\/wp\/v2\/posts\/4958\/revisions\/4980"}],"wp:attachment":[{"href":"https:\/\/fjm-ritter.de\/Aktuell\/index.php?rest_route=%2Fwp%2Fv2%2Fmedia&parent=4958"}],"wp:term":[{"taxonomy":"category","embeddable":true,"href":"https:\/\/fjm-ritter.de\/Aktuell\/index.php?rest_route=%2Fwp%2Fv2%2Fcategories&post=4958"},{"taxonomy":"post_tag","embeddable":true,"href":"https:\/\/fjm-ritter.de\/Aktuell\/index.php?rest_route=%2Fwp%2Fv2%2Ftags&post=4958"}],"curies":[{"name":"wp","href":"https:\/\/api.w.org\/{rel}","templated":true}]}}