{"id":5190,"date":"2022-11-01T15:33:36","date_gmt":"2022-11-01T15:33:36","guid":{"rendered":"https:\/\/fjm-ritter.de\/Aktuell\/?p=5190"},"modified":"2022-11-02T17:55:42","modified_gmt":"2022-11-02T17:55:42","slug":"allerseelen","status":"publish","type":"post","link":"https:\/\/fjm-ritter.de\/Aktuell\/?p=5190","title":{"rendered":"ALLERSEELEN"},"content":{"rendered":"\n<figure class=\"wp-block-image size-full\"><a href=\"https:\/\/fjm-ritter.de\/Aktuell\/wp-content\/uploads\/2022\/11\/Stimmungsvoller_Friedhof-shutterstock_friedhof_allerheiligen-e1667316745376.jpg\"><img loading=\"lazy\" decoding=\"async\" width=\"800\" height=\"248\" src=\"https:\/\/fjm-ritter.de\/Aktuell\/wp-content\/uploads\/2022\/11\/Stimmungsvoller_Friedhof-shutterstock_friedhof_allerheiligen-e1667316745376.jpg\" alt=\"\" class=\"wp-image-5187\" srcset=\"https:\/\/fjm-ritter.de\/Aktuell\/wp-content\/uploads\/2022\/11\/Stimmungsvoller_Friedhof-shutterstock_friedhof_allerheiligen-e1667316745376.jpg 800w, https:\/\/fjm-ritter.de\/Aktuell\/wp-content\/uploads\/2022\/11\/Stimmungsvoller_Friedhof-shutterstock_friedhof_allerheiligen-e1667316745376-300x93.jpg 300w, https:\/\/fjm-ritter.de\/Aktuell\/wp-content\/uploads\/2022\/11\/Stimmungsvoller_Friedhof-shutterstock_friedhof_allerheiligen-e1667316745376-768x238.jpg 768w, https:\/\/fjm-ritter.de\/Aktuell\/wp-content\/uploads\/2022\/11\/Stimmungsvoller_Friedhof-shutterstock_friedhof_allerheiligen-e1667316745376-500x155.jpg 500w\" sizes=\"auto, (max-width: 800px) 100vw, 800px\" \/><\/a><figcaption class=\"wp-element-caption\">. . .<\/figcaption><\/figure>\n\n\n\n<p> &#8230; w\u00e4hrend das Fest ALLERHEILIGEN denen gewidmet ist, die bereits bei GOTT sind \u2013 unabh\u00e4ngig was die Kirche \/ der Papst den Alt\u00e4ren erhoben hat, die im Stand der Heiligkeit uns vorausgegangen sind \u2026<\/p>\n\n\n\n<p><strong>Wie aus einer Predigt vernommen:<\/strong><\/p>\n\n\n\n<p><em>Das kann der\/die Ordensmann\/-frau sein, der seinen Dienst in der K\u00fcche beim Sch\u00e4len der Kartoffeln den Willen Gottes erf\u00fcllt hat \u2013 vielleicht noch vor dem Abt bzw. der \u00c4btissin, welche ihren Dienst nicht so genau genommen \u2026<\/em><\/p>\n\n\n\n<p><em>Das kann der\/die einfache Beter\/in sein, welche fromm Gott und den N\u00e4chsten alles gegeben, weniger an sich dachte \u2026 noch vor der, welche berufen waren den Menschen zu dienen, es aber nicht so genau genommen haben \u2026<\/em><\/p>\n\n\n\n<p>Lies dazu: <a href=\"http:\/\/vulgata.info\/index.php?title=Kategorie:Vulgata:NT:Mt05\" target=\"_blank\" rel=\"noreferrer noopener\">Matth. 5, 1-12a<\/a><\/p>\n\n\n\n<p>&#8212;<\/p>\n\n\n\n<p>\u2026 geht es an diesem Tag um ALLE Verstorbenen, die das Ziel noch nicht (<em>ganz<\/em>) erreicht haben \u2013 wo sie die Liebe reinigen (<em>lassen<\/em>) m\u00fcssen \u2026<\/p>\n\n\n\n<p>Denn was viele auf Erden vergessen; lies bitte hier: <a href=\"http:\/\/vulgata.info\/index.php?title=Kategorie:Vulgata:NT:Offenb21\" target=\"_blank\" rel=\"noreferrer noopener\">Offenb. 21,25-27<\/a>; oder wie es aufgeschrieben steht: wer nicht den Frieden stiftet, sondern Unfrieden s\u00e4et wird bzw. wer nicht barmherzig ist zu den N\u00e4chsten, wird Seine Barmherzigkeit nicht empfangen.<\/p>\n\n\n\n<p>Halt: <strong><em>nichts Unreines kommt in den Himmel!<\/em><\/strong><\/p>\n\n\n\n<p>F\u00fcr sie ist die Rettung das <strong>Fegefeuer <\/strong>(<em>der Reinigungsort \u2013 das <\/em><em>Purgatorium<\/em>), \u2026 wof\u00fcr wir beten, dass niemand sogar diese letzte Chance verfehlt.<\/p>\n\n\n\n<p>Denn wer nicht einmal das Fegfeuer erreicht, wird die Herrlichkeit Gottes niemals schauen \u2026 was die <strong>H\u00f6lle<\/strong> ist (<em>was leider von vielen Hirten nicht mehr gelehrt wird; aber eindeutig biblisch zu finden ist<\/em>).<\/p>\n\n\n\n<p>Darum hat die Kirche eine Schatztruhe entwickelt, wo die Gl\u00e4ubigen zu Lebzeiten sch\u00f6pfen k\u00f6nnen, um sich in der Liebe \u2013 f\u00fcr die N\u00e4chsten (<em>Lebende \u2013 wie im gleichen Ma\u00df f\u00fcr die Verstorbenen<\/em>) ein\u00fcben d\u00fcrfen.<\/p>\n\n\n\n<p>Darum l\u00e4dt die r\u00f6m. kath. Kirche ein, insbesondere im November f\u00fcr die Seelen im Fegfeuer zu beten und geweihte Kerzen; Weihwasser zu den Gr\u00e4bern zu bringen; sowie auch Heilige Messen lesen zu lassen.<\/p>\n\n\n\n<p>Seit \u00fcber 500 Jahren wurde der Brauch von einem Teil der Christenheit gebrochen und man lebt nach dem Motto: Getauft \u2013 Gelebt nach Saus und Braus \u2013 und bis zum letzten Atemzug keinerlei Sakramente \u2013 und anschlie\u00dfend gleich zur Rechten Gottes sitzen.<\/p>\n\n\n\n<p>Liebe Menschen auf Erden, Jesus selbst sagt durch sein Wort, lies bitte selbst:<\/p>\n\n\n\n<p>* <a href=\"http:\/\/vulgata.info\/index.php?title=Kategorie:Vulgata:NT:Mt18\" target=\"_blank\" rel=\"noreferrer noopener\">Matth. 18, 21-35<\/a><\/p>\n\n\n\n<p>Und weil heute viele lehren, dass man nichts f\u00fcr die Verstorbenen tun muss; diesen sei gesagt, dass seit Urzeiten es Brauch ist, f\u00fcr die Verstorbenen zu beten und ihnen Opfer zum Tempel zu bringen, lies hier selbst:<\/p>\n\n\n\n<p>* <a href=\"http:\/\/vulgata.info\/index.php?title=Kategorie:Vulgata:AT:2Mak12\" target=\"_blank\" rel=\"noreferrer noopener\">2. Makk. 12, 43-45<\/a><\/p>\n\n\n\n<p>Ohne mich mit Andersdenkenden bzw. -lehrenden streiten zu wollen; am Ende wird ein jeder nach Seiner Gnade \u2013 auch in Seinen Werken gewogen. Bedenke: Wer nicht Barmherzigkeit erweist, seinen N\u00e4chsten (<em>lebend und verstorben<\/em>) \u2013 wird Barmherzigkeit nicht empfangen.<\/p>\n\n\n\n<p>Abschlussfrage f\u00fcr heute:<\/p>\n\n\n\n<p>* Leben wir <strong>ALLE<\/strong> nicht nach dem Motto <strong>EX<\/strong> und <strong>Hopp<\/strong>; noch nicht geboren \u2013 schon im Mutterleib get\u00f6tet;<\/p>\n\n\n\n<p>* Schaut das <strong>Elend<\/strong> von Hunger, Ausbeutung, Gewalt, Krieg usw. an, \u2026 ein Leben nach dem Motto was geht\u2019s mich an: <strong>Ex<\/strong> und <strong>Hopp<\/strong> (<em>was auch den Konsum angeht<\/em>)<\/p>\n\n\n\n<p>* bis hin zum <strong>Tod<\/strong>: <strong>Ex<\/strong> und <strong>Hopp<\/strong>; vernichten damit ja kein <strong>Werk der Barmherzigkeit<\/strong> (<em>vgl.<\/em><a href=\"http:\/\/vulgata.info\/index.php?title=Kategorie:Vulgata:NT:Jak02\" target=\"_blank\" rel=\"noreferrer noopener\"><em>Jak. 2, 14-26<\/em><\/a>) \u2013 selbst im \/ nach dem Tode m\u00f6glich ist. <strong><em>Man redet nur noch von verbrennen und Sperrm\u00fcll<\/em><\/strong><em>, ist erst einmal der letzte Atemzug getan<\/em> \u2026<\/p>\n\n\n\n<p>Ist f\u00fcr uns damit eine <strong>Zukunft<\/strong>, in der <strong>Ewigkeit bei Gott<\/strong>, wirklich gesichert?<\/p>\n\n\n\n<p>Betet mit um <strong>Erkenntnis der Lebenden<\/strong>; um <strong>Befreiung der Armen Seelen<\/strong>, welche die Liebe auf Erden nicht (<em>wirklich<\/em>) gelebt \/ geliebt haben.<\/p>\n","protected":false},"excerpt":{"rendered":"<p>&#8230; w\u00e4hrend das Fest ALLERHEILIGEN denen gewidmet ist, die bereits bei GOTT sind \u2013 unabh\u00e4ngig was die Kirche \/ der Papst den Alt\u00e4ren erhoben hat, die im Stand der Heiligkeit uns vorausgegangen sind \u2026 Wie aus einer Predigt vernommen: Das &hellip; <a href=\"https:\/\/fjm-ritter.de\/Aktuell\/?p=5190\">Weiterlesen <span class=\"meta-nav\">&rarr;<\/span><\/a><\/p>\n","protected":false},"author":11,"featured_media":0,"comment_status":"open","ping_status":"closed","sticky":false,"template":"","format":"standard","meta":{"footnotes":""},"categories":[1],"tags":[],"class_list":["post-5190","post","type-post","status-publish","format-standard","hentry","category-allgemein"],"_links":{"self":[{"href":"https:\/\/fjm-ritter.de\/Aktuell\/index.php?rest_route=\/wp\/v2\/posts\/5190","targetHints":{"allow":["GET"]}}],"collection":[{"href":"https:\/\/fjm-ritter.de\/Aktuell\/index.php?rest_route=\/wp\/v2\/posts"}],"about":[{"href":"https:\/\/fjm-ritter.de\/Aktuell\/index.php?rest_route=\/wp\/v2\/types\/post"}],"author":[{"embeddable":true,"href":"https:\/\/fjm-ritter.de\/Aktuell\/index.php?rest_route=\/wp\/v2\/users\/11"}],"replies":[{"embeddable":true,"href":"https:\/\/fjm-ritter.de\/Aktuell\/index.php?rest_route=%2Fwp%2Fv2%2Fcomments&post=5190"}],"version-history":[{"count":6,"href":"https:\/\/fjm-ritter.de\/Aktuell\/index.php?rest_route=\/wp\/v2\/posts\/5190\/revisions"}],"predecessor-version":[{"id":5217,"href":"https:\/\/fjm-ritter.de\/Aktuell\/index.php?rest_route=\/wp\/v2\/posts\/5190\/revisions\/5217"}],"wp:attachment":[{"href":"https:\/\/fjm-ritter.de\/Aktuell\/index.php?rest_route=%2Fwp%2Fv2%2Fmedia&parent=5190"}],"wp:term":[{"taxonomy":"category","embeddable":true,"href":"https:\/\/fjm-ritter.de\/Aktuell\/index.php?rest_route=%2Fwp%2Fv2%2Fcategories&post=5190"},{"taxonomy":"post_tag","embeddable":true,"href":"https:\/\/fjm-ritter.de\/Aktuell\/index.php?rest_route=%2Fwp%2Fv2%2Ftags&post=5190"}],"curies":[{"name":"wp","href":"https:\/\/api.w.org\/{rel}","templated":true}]}}