{"id":5296,"date":"2022-12-17T15:15:29","date_gmt":"2022-12-17T15:15:29","guid":{"rendered":"https:\/\/fjm-ritter.de\/Aktuell\/?p=5296"},"modified":"2022-12-23T14:24:05","modified_gmt":"2022-12-23T14:24:05","slug":"gott-will-dass-wir-sehen","status":"publish","type":"post","link":"https:\/\/fjm-ritter.de\/Aktuell\/?p=5296","title":{"rendered":"<strong>Gott will, dass wir sehen<\/strong>"},"content":{"rendered":"\n<figure class=\"wp-block-image size-large\"><a href=\"https:\/\/fjm-ritter.de\/Aktuell\/wp-content\/uploads\/2022\/12\/4ther-Advent-scaled.jpg\"><img loading=\"lazy\" decoding=\"async\" width=\"1024\" height=\"768\" src=\"https:\/\/fjm-ritter.de\/Aktuell\/wp-content\/uploads\/2022\/12\/4ther-Advent-1024x768.jpg\" alt=\"\" class=\"wp-image-5301\" srcset=\"https:\/\/fjm-ritter.de\/Aktuell\/wp-content\/uploads\/2022\/12\/4ther-Advent-1024x768.jpg 1024w, https:\/\/fjm-ritter.de\/Aktuell\/wp-content\/uploads\/2022\/12\/4ther-Advent-300x225.jpg 300w, https:\/\/fjm-ritter.de\/Aktuell\/wp-content\/uploads\/2022\/12\/4ther-Advent-768x576.jpg 768w, https:\/\/fjm-ritter.de\/Aktuell\/wp-content\/uploads\/2022\/12\/4ther-Advent-1536x1152.jpg 1536w, https:\/\/fjm-ritter.de\/Aktuell\/wp-content\/uploads\/2022\/12\/4ther-Advent-2048x1536.jpg 2048w, https:\/\/fjm-ritter.de\/Aktuell\/wp-content\/uploads\/2022\/12\/4ther-Advent-400x300.jpg 400w\" sizes=\"auto, (max-width: 1024px) 100vw, 1024px\" \/><\/a><figcaption class=\"wp-element-caption\">\u00a9\u20192018 FJM.jm<\/figcaption><\/figure>\n\n\n\n<p><em>\u2026 <strong>was ER will<\/strong> und <strong>was ER tut<\/strong>. Daher gibt <strong>ER<\/strong> uns die gro\u00dfen Zeichen.<\/em><\/p>\n\n\n\n<p><em>Wer die Zeichen sehen kann, wei\u00df auch das Gemeinte. <strong>Die Jungfrau<\/strong> und <strong>das Kind<\/strong>:<\/em><\/p>\n\n\n\n<p><em>Zeichen daf\u00fcr, dass unsere Hoffnung in Schwachheit und Armut geboren wird.<\/em>\u201c<\/p>\n\n\n\n<p>W\u00e4hrend der eine oder andere alles besser wei\u00df als <strong>Gott<\/strong>; stellt <strong>ER<\/strong> uns vor Augen, worauf es ankommt (<em>so die <\/em><a href=\"http:\/\/vulgata.info\/index.php?title=Kategorie:Lektionar:Advent:4.Woche:Sonntag\" target=\"_blank\" rel=\"noreferrer noopener\"><em>Einf\u00fchrung zum 4. Adventssonntag\u2019C<\/em><\/a>):<\/p>\n\n\n\n<p>N\u00e4mlich im <strong>Klein werden<\/strong> \u2013 <strong>Klein sein<\/strong> \u2026 ein Akt der <strong>Demut<\/strong> pflegen, bevor man sich \u00fcber die Lehre Jesu und Seiner Kirche stellt; denen nachl\u00e4uft die mediengerecht das Davonlaufen propagieren (<em>ohne wenn und aber<\/em>).<\/p>\n\n\n\n<p>Jesus hat es sich nicht nehmen lassen, <strong>trotzdem<\/strong> zu den Menschen zu gehen; bei ihnen <strong>zu wohnen<\/strong>; mit ihnen <strong>zu verweilen<\/strong> an <strong>Seinem<\/strong> Tisch; und f\u00fcr all <strong>Seine<\/strong> Wohltaten verspottet \u2013 ausgelacht \u2013 ja sogar gefoltert zu werden; und am Schluss sich kreuzigen zu lassen (<em>und das noch bis zum heutigen Tag<\/em>).<\/p>\n\n\n\n<p><strong>ER<\/strong> hat <strong>Seine<\/strong> Kirche gegr\u00fcndet, die Apostel beauftragt \u2013 voran den Petrus (<strong><em>den Fels<\/em><\/strong>) gestellt, worauf <strong>ER<\/strong> seine Gemeinde baute.<\/p>\n\n\n\n<p>Und <strong>ER<\/strong> wusste, was ER da tat! Schon als <strong>ER<\/strong> sich entschieden hat als Mensch unter den Menschen zu sein \u2013 <strong>Seine<\/strong> Gottheit hintenanzustellen.<\/p>\n\n\n\n<p>Nur die Besserwissenden k\u00f6nnen das nicht verstehen; k\u00f6nnen Seinen Willen nicht akzeptieren.<\/p>\n\n\n\n<p><strong>ER<\/strong> hat trotz den Fehlern und Schw\u00e4chen eines Petrus und Thomas usw. diese Kirche gewollt und in die H\u00e4nde des Petrus gegeben.<\/p>\n\n\n\n<p>Also sich als Kind in der Krippe schwach und sich der menschlichen Gewaltstreben hingegeben.<\/p>\n\n\n\n<p>ER wusste, dass die Menschen verf\u00fchrt, sich immer wieder dem Satan, dessen Einladungen sich beugend und die, welche ihnen nicht folgen \u2013 sondern an Jesu Lehre und Kirche festhalten, verfolgen und in Gef\u00e4ngnissen werfen und t\u00f6ten werden \u2026 <strong>Das hat ER und ALLEN alles verk\u00fcndet<\/strong>!!!<\/p>\n\n\n\n<p>\u2026 wer aush\u00e4lt \/ durchh\u00e4lt bis zuletzt; der wird die Siegeskrone erhalten (<em>vgl. <\/em><a href=\"http:\/\/vulgata.info\/index.php?title=Kategorie:Vulgata:NT:Jak01\" target=\"_blank\" rel=\"noreferrer noopener\"><em>Jak.1,12<\/em><\/a><em> &#8211; <\/em><a href=\"http:\/\/vulgata.info\/index.php?title=Kategorie:Vulgata:NT:Offenb03\" target=\"_blank\" rel=\"noreferrer noopener\"><em>Offebnb.3,11<\/em><\/a>) und nicht wer davonl\u00e4uft und von Menschen gebildete \u201e<em>Ersatzkirchen<\/em>\u201c nachl\u00e4uft!<\/p>\n\n\n\n<p>Ja, <strong>ER<\/strong> wusste und wei\u00df, dass am Ende es nur wenige sein werden, die an <strong>IHM<\/strong> festhalten, trotz aller Schw\u00e4chen und Fehler. Denn daf\u00fcr gab <strong>ER<\/strong> uns ein <strong>Hilfs<\/strong>&#8211; &amp; <strong>Heilmittel<\/strong>: <strong><u>Seine Sakramente<\/u><\/strong>, die es sonst nirgends gibt, \u2026 und die sich niemand ergreifen kann oder gar einen Anspruch darauf hat.<\/p>\n\n\n\n<p>Bekommen kann man die Sakramente zum Heile ausschlie\u00dflich auf dem Gnadenweg, <strong>den ER selbst vorgegeben hat<\/strong>.<\/p>\n\n\n\n<p>Wer sie sich unrechtm\u00e4\u00dfig ergreift, sie stielt = Gottesraub begeht, empf\u00e4ngt das Gericht \u2013 und mehr nicht (<em>vgl. <\/em><a href=\"http:\/\/vulgata.info\/index.php?title=Kategorie:Vulgata:NT:1Kor11\" target=\"_blank\" rel=\"noreferrer noopener\"><em>1.Kor.11,29<\/em><\/a><em> &#8211; <\/em><a href=\"http:\/\/vulgata.info\/index.php?title=Kategorie:Vulgata:NT:Offenb03\" target=\"_blank\" rel=\"noreferrer noopener\"><em>Offenb.3,3<\/em><\/a>)! <strong>So hat ER es gewollt<\/strong>! Und jeder sollte dar\u00fcber nachdenken, bevor man davonl\u00e4uft und sich den Medien beugt.<\/p>\n\n\n\n<p>Darum mache man sich <strong>klein<\/strong> und gehe in die <strong>Demut<\/strong>; geht man <strong>beichten<\/strong> und beginnt nach Seinem Willen neu.<\/p>\n\n\n\n<p>Dann, und nur dann hat Weihnachten Dich erreicht \u2013 wird Jesus Christus in Deinem Herzen von neuem geboren \u2026 kann ER Auferstehung feiern \u2026<\/p>\n\n\n\n<p><strong>ALLEN Lesern<\/strong> (<em>auch die \u201e-innen\u201c sind damit gemeint<\/em>) eine gnadenreiche und gesegnete <strong><u>letzte<\/u><\/strong> <strong>Adventswoche<\/strong> \u2026 [Weihnachten beginnt am 24. Dezember mit der <strong>Mette<\/strong> \u2026 also fr\u00fchestens mit der <strong>Vesper<\/strong>; und geht bis zumindest Taufe des Herrn (<em>8. J\u00e4n.<\/em>) \u2026 bei uns bis Darstellung des Herrn = Mari\u00e4 Lichtmess (<em>2. Febr.<\/em>) \u2026 denn, wer kann fassen, dass Wunder der Wunder: das Wort ist Fleisch (Mensch) geworden \u2026 und wir d\u00fcrfen Seine Herrlichkeit schauen!<\/p>\n","protected":false},"excerpt":{"rendered":"<p>\u2026 was ER will und was ER tut. Daher gibt ER uns die gro\u00dfen Zeichen. Wer die Zeichen sehen kann, wei\u00df auch das Gemeinte. Die Jungfrau und das Kind: Zeichen daf\u00fcr, dass unsere Hoffnung in Schwachheit und Armut geboren wird.\u201c &hellip; <a href=\"https:\/\/fjm-ritter.de\/Aktuell\/?p=5296\">Weiterlesen <span class=\"meta-nav\">&rarr;<\/span><\/a><\/p>\n","protected":false},"author":11,"featured_media":0,"comment_status":"open","ping_status":"closed","sticky":false,"template":"","format":"standard","meta":{"footnotes":""},"categories":[1],"tags":[],"class_list":["post-5296","post","type-post","status-publish","format-standard","hentry","category-allgemein"],"_links":{"self":[{"href":"https:\/\/fjm-ritter.de\/Aktuell\/index.php?rest_route=\/wp\/v2\/posts\/5296","targetHints":{"allow":["GET"]}}],"collection":[{"href":"https:\/\/fjm-ritter.de\/Aktuell\/index.php?rest_route=\/wp\/v2\/posts"}],"about":[{"href":"https:\/\/fjm-ritter.de\/Aktuell\/index.php?rest_route=\/wp\/v2\/types\/post"}],"author":[{"embeddable":true,"href":"https:\/\/fjm-ritter.de\/Aktuell\/index.php?rest_route=\/wp\/v2\/users\/11"}],"replies":[{"embeddable":true,"href":"https:\/\/fjm-ritter.de\/Aktuell\/index.php?rest_route=%2Fwp%2Fv2%2Fcomments&post=5296"}],"version-history":[{"count":2,"href":"https:\/\/fjm-ritter.de\/Aktuell\/index.php?rest_route=\/wp\/v2\/posts\/5296\/revisions"}],"predecessor-version":[{"id":5305,"href":"https:\/\/fjm-ritter.de\/Aktuell\/index.php?rest_route=\/wp\/v2\/posts\/5296\/revisions\/5305"}],"wp:attachment":[{"href":"https:\/\/fjm-ritter.de\/Aktuell\/index.php?rest_route=%2Fwp%2Fv2%2Fmedia&parent=5296"}],"wp:term":[{"taxonomy":"category","embeddable":true,"href":"https:\/\/fjm-ritter.de\/Aktuell\/index.php?rest_route=%2Fwp%2Fv2%2Fcategories&post=5296"},{"taxonomy":"post_tag","embeddable":true,"href":"https:\/\/fjm-ritter.de\/Aktuell\/index.php?rest_route=%2Fwp%2Fv2%2Ftags&post=5296"}],"curies":[{"name":"wp","href":"https:\/\/api.w.org\/{rel}","templated":true}]}}