{"id":5338,"date":"2023-01-05T06:08:24","date_gmt":"2023-01-05T06:08:24","guid":{"rendered":"https:\/\/fjm-ritter.de\/Aktuell\/?p=5338"},"modified":"2023-01-05T15:17:26","modified_gmt":"2023-01-05T15:17:26","slug":"vergelts-gott-benedikt-xvi","status":"publish","type":"post","link":"https:\/\/fjm-ritter.de\/Aktuell\/?p=5338","title":{"rendered":"Vergelts Gott, Benedikt XVI."},"content":{"rendered":"\n<figure class=\"wp-block-image size-large\"><a href=\"https:\/\/fjm-ritter.de\/Aktuell\/wp-content\/uploads\/2023\/01\/Screenshot_20230105_064535_WhatsApp-e1672898987878.jpg\"><img loading=\"lazy\" decoding=\"async\" width=\"1024\" height=\"643\" src=\"https:\/\/fjm-ritter.de\/Aktuell\/wp-content\/uploads\/2023\/01\/Screenshot_20230105_064535_WhatsApp-e1672898987878-1024x643.jpg\" alt=\"\" class=\"wp-image-5340\" srcset=\"https:\/\/fjm-ritter.de\/Aktuell\/wp-content\/uploads\/2023\/01\/Screenshot_20230105_064535_WhatsApp-e1672898987878-1024x643.jpg 1024w, https:\/\/fjm-ritter.de\/Aktuell\/wp-content\/uploads\/2023\/01\/Screenshot_20230105_064535_WhatsApp-e1672898987878-300x188.jpg 300w, https:\/\/fjm-ritter.de\/Aktuell\/wp-content\/uploads\/2023\/01\/Screenshot_20230105_064535_WhatsApp-e1672898987878-768x482.jpg 768w, https:\/\/fjm-ritter.de\/Aktuell\/wp-content\/uploads\/2023\/01\/Screenshot_20230105_064535_WhatsApp-e1672898987878-478x300.jpg 478w, https:\/\/fjm-ritter.de\/Aktuell\/wp-content\/uploads\/2023\/01\/Screenshot_20230105_064535_WhatsApp-e1672898987878.jpg 1438w\" sizes=\"auto, (max-width: 1024px) 100vw, 1024px\" \/><\/a><figcaption class=\"wp-element-caption\">Mehr zum Thema: Heimgang von Papst Benedikt XVI. unter <a href=\"https:\/\/www.facebook.com\/brjmfjm\/posts\/pfbid0d5DX8Vtbawhbn3Pgir7EsnWtrHRC6z4m79bJg7nsGQ41GLvLUJCA4XSyW9E4DnZzl\" target=\"_blank\" rel=\"noreferrer noopener\">Facebook<\/a> und <a href=\"https:\/\/www.instagram.com\/p\/CnBfeQdtweX\/\" target=\"_blank\" rel=\"noreferrer noopener\">Instagram <\/a>&#8230;<\/figcaption><\/figure>\n\n\n\n<p>Nach 8 Uhr beten wir gemeinsam den Rosenkranz und anschlie\u00dfend begehen wir das Reqiuem f\u00fcr unseren em. Papst Benedikt XVI.<\/p>\n\n\n\n<p>Gleichzeitig bitten wir: schlie\u00dft ALLE mit ein, die Unrecht ausgie\u00dfen auf einen Mann den sie nie verstanden &#8211; bzw. verstehen wollten und noch im Angesicht des Todes Unrecht \u00fcber ihn ausgie\u00dfen.<\/p>\n\n\n\n<p>M\u00f6ge er F\u00fcrsprecher sein, besonders f\u00fcr jene die gegen die Kirche arbeiten; die Apostel unrechtm\u00e4\u00dfig angreifen und die Lehre Jesu und Seiner Kirche auf den Kopf <a><\/a>stellen (wollen).<\/p>\n\n\n\n<p>Wir sagen Danke &#8230; und beten weiter in seinen Anliegen. M\u00f6ge Gott ihm vergelten &#8230; Segen ALLEN die mitfeiern und guten Willens sind<\/p>\n\n\n\n<p>+++<\/p>\n","protected":false},"excerpt":{"rendered":"<p>Nach 8 Uhr beten wir gemeinsam den Rosenkranz und anschlie\u00dfend begehen wir das Reqiuem f\u00fcr unseren em. Papst Benedikt XVI. Gleichzeitig bitten wir: schlie\u00dft ALLE mit ein, die Unrecht ausgie\u00dfen auf einen Mann den sie nie verstanden &#8211; bzw. verstehen &hellip; <a href=\"https:\/\/fjm-ritter.de\/Aktuell\/?p=5338\">Weiterlesen <span class=\"meta-nav\">&rarr;<\/span><\/a><\/p>\n","protected":false},"author":11,"featured_media":0,"comment_status":"open","ping_status":"closed","sticky":false,"template":"","format":"standard","meta":{"footnotes":""},"categories":[1],"tags":[],"class_list":["post-5338","post","type-post","status-publish","format-standard","hentry","category-allgemein"],"_links":{"self":[{"href":"https:\/\/fjm-ritter.de\/Aktuell\/index.php?rest_route=\/wp\/v2\/posts\/5338","targetHints":{"allow":["GET"]}}],"collection":[{"href":"https:\/\/fjm-ritter.de\/Aktuell\/index.php?rest_route=\/wp\/v2\/posts"}],"about":[{"href":"https:\/\/fjm-ritter.de\/Aktuell\/index.php?rest_route=\/wp\/v2\/types\/post"}],"author":[{"embeddable":true,"href":"https:\/\/fjm-ritter.de\/Aktuell\/index.php?rest_route=\/wp\/v2\/users\/11"}],"replies":[{"embeddable":true,"href":"https:\/\/fjm-ritter.de\/Aktuell\/index.php?rest_route=%2Fwp%2Fv2%2Fcomments&post=5338"}],"version-history":[{"count":3,"href":"https:\/\/fjm-ritter.de\/Aktuell\/index.php?rest_route=\/wp\/v2\/posts\/5338\/revisions"}],"predecessor-version":[{"id":5347,"href":"https:\/\/fjm-ritter.de\/Aktuell\/index.php?rest_route=\/wp\/v2\/posts\/5338\/revisions\/5347"}],"wp:attachment":[{"href":"https:\/\/fjm-ritter.de\/Aktuell\/index.php?rest_route=%2Fwp%2Fv2%2Fmedia&parent=5338"}],"wp:term":[{"taxonomy":"category","embeddable":true,"href":"https:\/\/fjm-ritter.de\/Aktuell\/index.php?rest_route=%2Fwp%2Fv2%2Fcategories&post=5338"},{"taxonomy":"post_tag","embeddable":true,"href":"https:\/\/fjm-ritter.de\/Aktuell\/index.php?rest_route=%2Fwp%2Fv2%2Ftags&post=5338"}],"curies":[{"name":"wp","href":"https:\/\/api.w.org\/{rel}","templated":true}]}}