{"id":6220,"date":"2023-09-09T16:00:00","date_gmt":"2023-09-09T14:00:00","guid":{"rendered":"https:\/\/fjm-ritter.de\/Aktuell\/?p=6220"},"modified":"2023-09-13T16:45:08","modified_gmt":"2023-09-13T14:45:08","slug":"jeder-einzelne-traegt-mit","status":"publish","type":"post","link":"https:\/\/fjm-ritter.de\/Aktuell\/?p=6220","title":{"rendered":"Jeder einzelne tr\u00e4gt mit"},"content":{"rendered":"<div class=\"wp-block-image\">\n<figure class=\"alignright size-full is-resized\"><a href=\"https:\/\/fjm-ritter.de\/Aktuell\/wp-content\/uploads\/2023\/09\/02.jpg\"><img loading=\"lazy\" decoding=\"async\" src=\"https:\/\/fjm-ritter.de\/Aktuell\/wp-content\/uploads\/2023\/09\/02.jpg\" alt=\"\" class=\"wp-image-6218\" style=\"width:341px;height:263px\" width=\"341\" height=\"263\" srcset=\"https:\/\/fjm-ritter.de\/Aktuell\/wp-content\/uploads\/2023\/09\/02.jpg 780w, https:\/\/fjm-ritter.de\/Aktuell\/wp-content\/uploads\/2023\/09\/02-300x231.jpg 300w, https:\/\/fjm-ritter.de\/Aktuell\/wp-content\/uploads\/2023\/09\/02-768x591.jpg 768w, https:\/\/fjm-ritter.de\/Aktuell\/wp-content\/uploads\/2023\/09\/02-390x300.jpg 390w\" sizes=\"auto, (max-width: 341px) 100vw, 341px\" \/><\/a><\/figure>\n<\/div>\n\n\n<p>\u201e<em>Nicht nur durch falsche Lehren wird das Leben einer Gemeinde bedroht.<\/em><\/p>\n\n\n\n<p><em>H\u00e4ufiger ist das falsche Tun und die Unterlassung des rechten Tuns.<\/em><\/p>\n\n\n\n<p><strong><em>Jeder einzelne tr\u00e4gt mit und ist mitverantwortlich.<\/em><\/strong><\/p>\n\n\n\n<p><em>Jeder, der gut ist und gut denkt und handelt, st\u00e4rkt die Kraft des Guten in der Gemeinde Gottes.<\/em>\u201c<\/p>\n\n\n\n<p>Soweit die Einf\u00fchrung aus dem Schott, zu diesem <a href=\"http:\/\/vulgata.info\/index.php?title=Kategorie:Lektionar:Jahreskreis:23.Woche:Sonntag\" target=\"_blank\" rel=\"noreferrer noopener\">23.Sonntag\u2019A<\/a> \u2026 und was <strong>mir<\/strong> das sagt?<\/p>\n\n\n\n<p>Unsere Gemeinden sterben <strong>vieler Orts<\/strong><sup>*<\/sup>. Und sicherlich sind das auch Gr\u00fcnde der Verbrechen, die in einigen Bist\u00fcmern geschehen \u2013 und nicht wirklich Verantwortung \u00fcbernommen worden ist. Aber die Gr\u00fcnde liegen <a href=\"http:\/\/ecclesiaeveritas.net\/index.php?title=Der_Fall_Michael\" target=\"_blank\" rel=\"noreferrer noopener\">tiefer<\/a> als nur in dieser <strong>einen<\/strong> Ursache!<\/p>\n\n\n\n<p>Kann ich doch selbst Zeugnis geben, und das nicht nur aus unserem Bistum, wie mit Christen umgegangen wird, die sich im Lehramt kundig gemacht \u2013 nicht mehr am kollektiven Ungehorsam teilnehmen wollen; doch statt st\u00e4ndig zu meckern, einfach vorzuleben, wie es auch gehen kann \u2013 ohne den anderen etwas aufzuzwingen.<\/p>\n\n\n\n<p>Wir haben uns bem\u00fcht, bei den Verantwortlichen zu hinterfragen (<em>ich bin ja gerade erst katholisch geworden, ergo noch gr\u00fcn hinter den Ohren \u2013 oder wie einige mir vorwarfen: <strong>den Katholizismus nicht mit der Muttermilch aufgesogen zu haben<\/strong><\/em>), damit ich lerne \u2026 und warte eigentlich noch heute auf kl\u00e4rende Worte: wozu das alles \u2026<\/p>\n\n\n\n<p>Wenn ich denn Antworten bekam, dann fand ich diese nicht in erforderlichen Schriften; in keiner der kirchlichen Ordnungen \u2013 auch nicht in den viel beschworenen Beschl\u00fcssen des zweiten vatikanischen Konzils \u2026<\/p>\n\n\n\n<p><strong><u>Mit anderen Worten<\/u><\/strong>: es ist der Masse egal was in der Kirchengemeinde passiert \u2026 Hauptsache die Unterhaltung stimmt! Doch wo ist Jesus Christus, wenn man <strong>IHN<\/strong> verdr\u00e4ngt hat?<\/p>\n\n\n\n<p><strong>Ganz einfach<\/strong>: Weil unerw\u00fcnscht, nicht mehr da \u2026<\/p>\n\n\n\n<p>Deswegen habe ich meinen Zuh\u00f6rern empfohlen, sich in solchen F\u00e4llen besser eine Oase zu suchen \u2013 die aber unterm Petri-Stuhl steht \u2013 und dank sei Gott, noch gibt es diese, auch wenn man daf\u00fcr mehr Zeit in Anspruch nehmen muss. Geht es ja nicht nur um mich (<em><u>allein<\/u><\/em>), sondern um das Seelenheil, auch der mir anvertrauten \u2026<\/p>\n\n\n<div class=\"wp-block-image\">\n<figure class=\"alignleft size-full is-resized\"><a href=\"https:\/\/fjm-ritter.de\/Aktuell\/wp-content\/uploads\/2023\/09\/323115459_1534434437080310_4101190628338911975_n.jpg\"><img loading=\"lazy\" decoding=\"async\" src=\"https:\/\/fjm-ritter.de\/Aktuell\/wp-content\/uploads\/2023\/09\/323115459_1534434437080310_4101190628338911975_n.jpg\" alt=\"\" class=\"wp-image-6217\" style=\"width:308px;height:448px\" width=\"308\" height=\"448\" srcset=\"https:\/\/fjm-ritter.de\/Aktuell\/wp-content\/uploads\/2023\/09\/323115459_1534434437080310_4101190628338911975_n.jpg 600w, https:\/\/fjm-ritter.de\/Aktuell\/wp-content\/uploads\/2023\/09\/323115459_1534434437080310_4101190628338911975_n-206x300.jpg 206w\" sizes=\"auto, (max-width: 308px) 100vw, 308px\" \/><\/a><\/figure>\n<\/div>\n\n\n<p>Ich bin nicht verantwortlich, wenn unsere Pfarreien sterben; Christus baut sie an anderer Stelle unl\u00e4ngst neu auf! <a rel=\"noreferrer noopener\" href=\"http:\/\/vulgata.info\/index.php?title=Kategorie:Vulgata:NT:Mt16\" target=\"_blank\">Matth. 16,18 b<\/a>: \u201e<em>und die Pforten der Unterwelt werden sie nicht \u00fcberw\u00e4ltigen<\/em>\u201c besagt nicht, dass Deine Pfarrei ewig Bestand haben wird, wenn Du Dich vom Herrn abwendest. Ganz im Gegenteil: <em>Jesus sendet Boten und W\u00e4chter, die helfen sollen, umzukehren<\/em>.<\/p>\n\n\n\n<p>Und wenn man sie nicht beachtet (<em>die Schrift ist auch hier eindeutig<\/em>), sch\u00fctteln diese den Staub von den F\u00fc\u00dfen und gehen weiter \u2026 und ich sage ausdr\u00fccklich, wie aufgetragen: <em>Sodom und Gomorra wird es am Tag des Gerichts besser ergehen, also dieser Gemeinde, die am Ungehorsam festgehalten haben<\/em>.<\/p>\n\n\n\n<p><strong><u>Darum mein Rat<\/u><\/strong>:<\/p>\n\n\n\n<p>* Folgt nicht den falschen Lehren und Lehrern, aber betet f\u00fcr dessen Umkehr!<\/p>\n\n\n\n<p>* Bleibt der Kirche Jesu treu; haltet Euch aber auch von aller Unordnung und Ungehorsam fern.<\/p>\n\n\n\n<p>* Sucht lieber Oasen, statt unterzugehen, mit denen die das Mutterschiff besch\u00e4digen.<\/p>\n\n\n\n<p>Seid Zeugen der Wahrheit Jesu Christi \u2013 daf\u00fcr bist Du getauft und gefirmt; also ein Gesandter Jesu \u2026<\/p>\n\n\n\n<p><sup>*<\/sup> = <em>wie an anderer Stelle schon gesagt: Insgesamt w\u00e4chst die Kirche \u2013 und auch die Berufungen zum Ordensstand und Priestertum. Auch wenn sie vor Ort einen Niedergang zu haben scheint. Jesus hat mit zw\u00f6lf J\u00fcngern angefangen Sein Reich zu verk\u00fcnden. Wer glaubt und IHM folgt, wird mit IHM auch eine echte Erneuerung schaffen \u2013 nicht gegen Seine Kirche, sondern f\u00fcr Seine Kirche \u2026 nicht im Streit, sondern in der Ordnung und im Gehorsam zu Seiner Lehre und dem vertrauensvollen Gebet.<\/em><\/p>\n","protected":false},"excerpt":{"rendered":"<p>\u201eNicht nur durch falsche Lehren wird das Leben einer Gemeinde bedroht. H\u00e4ufiger ist das falsche Tun und die Unterlassung des rechten Tuns. Jeder einzelne tr\u00e4gt mit und ist mitverantwortlich. Jeder, der gut ist und gut denkt und handelt, st\u00e4rkt die &hellip; <a href=\"https:\/\/fjm-ritter.de\/Aktuell\/?p=6220\">Weiterlesen <span class=\"meta-nav\">&rarr;<\/span><\/a><\/p>\n","protected":false},"author":11,"featured_media":0,"comment_status":"open","ping_status":"closed","sticky":false,"template":"","format":"standard","meta":{"footnotes":""},"categories":[1],"tags":[],"class_list":["post-6220","post","type-post","status-publish","format-standard","hentry","category-allgemein"],"_links":{"self":[{"href":"https:\/\/fjm-ritter.de\/Aktuell\/index.php?rest_route=\/wp\/v2\/posts\/6220","targetHints":{"allow":["GET"]}}],"collection":[{"href":"https:\/\/fjm-ritter.de\/Aktuell\/index.php?rest_route=\/wp\/v2\/posts"}],"about":[{"href":"https:\/\/fjm-ritter.de\/Aktuell\/index.php?rest_route=\/wp\/v2\/types\/post"}],"author":[{"embeddable":true,"href":"https:\/\/fjm-ritter.de\/Aktuell\/index.php?rest_route=\/wp\/v2\/users\/11"}],"replies":[{"embeddable":true,"href":"https:\/\/fjm-ritter.de\/Aktuell\/index.php?rest_route=%2Fwp%2Fv2%2Fcomments&post=6220"}],"version-history":[{"count":4,"href":"https:\/\/fjm-ritter.de\/Aktuell\/index.php?rest_route=\/wp\/v2\/posts\/6220\/revisions"}],"predecessor-version":[{"id":6252,"href":"https:\/\/fjm-ritter.de\/Aktuell\/index.php?rest_route=\/wp\/v2\/posts\/6220\/revisions\/6252"}],"wp:attachment":[{"href":"https:\/\/fjm-ritter.de\/Aktuell\/index.php?rest_route=%2Fwp%2Fv2%2Fmedia&parent=6220"}],"wp:term":[{"taxonomy":"category","embeddable":true,"href":"https:\/\/fjm-ritter.de\/Aktuell\/index.php?rest_route=%2Fwp%2Fv2%2Fcategories&post=6220"},{"taxonomy":"post_tag","embeddable":true,"href":"https:\/\/fjm-ritter.de\/Aktuell\/index.php?rest_route=%2Fwp%2Fv2%2Ftags&post=6220"}],"curies":[{"name":"wp","href":"https:\/\/api.w.org\/{rel}","templated":true}]}}