{"id":6521,"date":"2023-12-09T16:30:00","date_gmt":"2023-12-09T14:30:00","guid":{"rendered":"https:\/\/fjm-ritter.de\/Aktuell\/?p=6521"},"modified":"2023-12-12T17:33:35","modified_gmt":"2023-12-12T15:33:35","slug":"wiederkunft-christi","status":"publish","type":"post","link":"https:\/\/fjm-ritter.de\/Aktuell\/?p=6521","title":{"rendered":"Wiederkunft Christi"},"content":{"rendered":"<div class=\"wp-block-image\">\n<figure class=\"alignright size-large is-resized\"><a href=\"https:\/\/fjm-ritter.de\/Aktuell\/wp-content\/uploads\/2023\/12\/2ther-Advent-scaled.jpg\"><img loading=\"lazy\" decoding=\"async\" width=\"1024\" height=\"768\" src=\"https:\/\/fjm-ritter.de\/Aktuell\/wp-content\/uploads\/2023\/12\/2ther-Advent-1024x768.jpg\" alt=\"\" class=\"wp-image-6531\" style=\"width:291px;height:auto\" srcset=\"https:\/\/fjm-ritter.de\/Aktuell\/wp-content\/uploads\/2023\/12\/2ther-Advent-1024x768.jpg 1024w, https:\/\/fjm-ritter.de\/Aktuell\/wp-content\/uploads\/2023\/12\/2ther-Advent-300x225.jpg 300w, https:\/\/fjm-ritter.de\/Aktuell\/wp-content\/uploads\/2023\/12\/2ther-Advent-768x576.jpg 768w, https:\/\/fjm-ritter.de\/Aktuell\/wp-content\/uploads\/2023\/12\/2ther-Advent-1536x1152.jpg 1536w, https:\/\/fjm-ritter.de\/Aktuell\/wp-content\/uploads\/2023\/12\/2ther-Advent-2048x1536.jpg 2048w, https:\/\/fjm-ritter.de\/Aktuell\/wp-content\/uploads\/2023\/12\/2ther-Advent-400x300.jpg 400w\" sizes=\"auto, (max-width: 1024px) 100vw, 1024px\" \/><\/a><\/figure>\n<\/div>\n\n\n<p>\u201e<em>\u2026 und das Ende der Welt: das sind Ereignisse, die unsere Vorstellungskraft \u00fcbersteigen.<\/em><\/p>\n\n\n\n<p><em>Der Christ wei\u00df dar\u00fcber das Wesentliche: dass die Geschichte dieser Welt die Geschichte Gottes ist, dass Gott die Welt vollenden will, nicht zerst\u00f6ren.<\/em><\/p>\n\n\n\n<p><em>Und dass die Offenbarung der Herrlichkeit Gottes nicht ein stumpfes, blindes Ereignis sein kann; sie wird von denen vorbereitet und auch jetzt schon erfahren, die sich Gott zuwenden mit der ganzen Kraft ihres Lebens.<\/em>\u201c<\/p>\n\n\n\n<p>So die Einf\u00fchrung an diesem <a href=\"http:\/\/vulgata.info\/index.php?title=Kategorie:Lektionar:Advent:2.Woche:Sonntag\" target=\"_blank\" rel=\"noreferrer noopener\">2. Adventssonntag\u2019B<\/a> zur Liturgie \u2026 es ist die Stimme, die sich durch die W\u00fcste bahnt, \u2026 die wachsende W\u00fcste des Unglaubens; wo wir zur Besinnung \u2013 zur Umkehr aufgerufen sind.<\/p>\n\n\n\n<p>Abkehr zu nehmen von den Br\u00fcchen (<em>nicht nur<\/em>) in der Welt, die uns trennen von IHM.<\/p>\n\n\n\n<p>Von der mangelnden Bereitschaft nach Seinen Geboten leben zu wollen \u2026 was tun wir gegen das Morden (<em>noch nicht geboren; schon lechzen sie nach dem Blut; verletzt, krank, Behinderungen; alt \u2026 statt ihnen die W\u00fcrde zu geben, wollen sie helfen zu t\u00f6ten<\/em> \u2026) \u2026 man hilft den D\u00e4monen dieser Tage.<\/p>\n\n\n\n<p>Und weil es unertr\u00e4glich ist, dass man f\u00fcr das (<strong>\u00dcber<\/strong>-) Leben k\u00e4mpft; kommen sie mit Verboten \u2013 kriminalisieren sie uns; stellen uns in die s.g. Rechte Ecke.<\/p>\n\n\n\n<p>Und weil wir auch so viel vom Glauben erz\u00e4hlen, wie \u201e<strong><em>es steht geschrieben: du sollst nicht t\u00f6ten<\/em><\/strong>\u201c \u2026<\/p>\n\n\n\n<p>Im Spuk (<em>Wahn<\/em>) der Ver\u00e4nderung von Sprache und Kultur; bis hin zur Religionsfreiheit \u2026 kommen sie jetzt auf die Idee, Begriffe und Namen usw. \u2013 wie Weihnachten, Maria usw. streichen zu wollen. Es soll nicht mehr genannt werden.<\/p>\n\n\n\n<p>Wie man schon <strong>Mutter<\/strong> und <strong>Vater<\/strong> seit Jahren aus der Bildung \/ Dokumenten eliminiert; so wird von Kinderkrippen an erz\u00e4hlt man den Kleinen, was sie nicht sind (<em>M\u00e4dchen\/Junge<\/em>) und sein sollen (<em>ein Unwesen der diabolischen Machbarkeiten<\/em>) mit praktischem Vorleben und zeigen: ausprobieren, nennen sie es \u2026 Kleinkinder \u2026<\/p>\n\n\n\n<p>\u2026 und das ist nur ein \u00dcbel von vielem, aber der Beginn der Zerst\u00f6rung der Welt, wie es der Mensch auf den Weg gebracht hat.<\/p>\n\n\n\n<p>Darum braucht es auch heute Rufer in den wachsenden W\u00fcsten des Unglaubens, damit Gott die Erde in Seinem Sinne erneuern kann \u2013 dass es werde \u201ewie im Himmel, so auch auf Erden\u201c \u2026 und nicht ein Pfuhl der Finsternis, mit den schlimmsten Abgr\u00fcnden, die sich nur einer ausgedacht hat: <strong>und das ist nicht Gott!<\/strong><\/p>\n\n\n\n<p>Advent bedeutet erwarten und Ankunft; ER kommt an und die Erwartung liegt in den Sehns\u00fcchten der Kinder Gottes \u2026 und die Hoffnung mit jedem Licht, das wir entz\u00fcnden, m\u00f6ge sich ausbreiten: dass der Himmel auf Erden wieder einen Raum findet.<\/p>\n\n\n\n<p>Den Herzensfrieden, den wir ALLEN w\u00fcnschen<\/p>\n","protected":false},"excerpt":{"rendered":"<p>\u201e\u2026 und das Ende der Welt: das sind Ereignisse, die unsere Vorstellungskraft \u00fcbersteigen. Der Christ wei\u00df dar\u00fcber das Wesentliche: dass die Geschichte dieser Welt die Geschichte Gottes ist, dass Gott die Welt vollenden will, nicht zerst\u00f6ren. Und dass die Offenbarung &hellip; <a href=\"https:\/\/fjm-ritter.de\/Aktuell\/?p=6521\">Weiterlesen <span class=\"meta-nav\">&rarr;<\/span><\/a><\/p>\n","protected":false},"author":11,"featured_media":0,"comment_status":"open","ping_status":"closed","sticky":false,"template":"","format":"standard","meta":{"footnotes":""},"categories":[1],"tags":[],"class_list":["post-6521","post","type-post","status-publish","format-standard","hentry","category-allgemein"],"_links":{"self":[{"href":"https:\/\/fjm-ritter.de\/Aktuell\/index.php?rest_route=\/wp\/v2\/posts\/6521","targetHints":{"allow":["GET"]}}],"collection":[{"href":"https:\/\/fjm-ritter.de\/Aktuell\/index.php?rest_route=\/wp\/v2\/posts"}],"about":[{"href":"https:\/\/fjm-ritter.de\/Aktuell\/index.php?rest_route=\/wp\/v2\/types\/post"}],"author":[{"embeddable":true,"href":"https:\/\/fjm-ritter.de\/Aktuell\/index.php?rest_route=\/wp\/v2\/users\/11"}],"replies":[{"embeddable":true,"href":"https:\/\/fjm-ritter.de\/Aktuell\/index.php?rest_route=%2Fwp%2Fv2%2Fcomments&post=6521"}],"version-history":[{"count":3,"href":"https:\/\/fjm-ritter.de\/Aktuell\/index.php?rest_route=\/wp\/v2\/posts\/6521\/revisions"}],"predecessor-version":[{"id":6533,"href":"https:\/\/fjm-ritter.de\/Aktuell\/index.php?rest_route=\/wp\/v2\/posts\/6521\/revisions\/6533"}],"wp:attachment":[{"href":"https:\/\/fjm-ritter.de\/Aktuell\/index.php?rest_route=%2Fwp%2Fv2%2Fmedia&parent=6521"}],"wp:term":[{"taxonomy":"category","embeddable":true,"href":"https:\/\/fjm-ritter.de\/Aktuell\/index.php?rest_route=%2Fwp%2Fv2%2Fcategories&post=6521"},{"taxonomy":"post_tag","embeddable":true,"href":"https:\/\/fjm-ritter.de\/Aktuell\/index.php?rest_route=%2Fwp%2Fv2%2Ftags&post=6521"}],"curies":[{"name":"wp","href":"https:\/\/api.w.org\/{rel}","templated":true}]}}