{"id":6545,"date":"2023-12-19T10:06:31","date_gmt":"2023-12-19T08:06:31","guid":{"rendered":"https:\/\/fjm-ritter.de\/Aktuell\/?p=6545"},"modified":"2023-12-20T10:08:40","modified_gmt":"2023-12-20T08:08:40","slug":"heute-am-josefstag","status":"publish","type":"post","link":"https:\/\/fjm-ritter.de\/Aktuell\/?p=6545","title":{"rendered":"Heute am Josefstag"},"content":{"rendered":"\n<figure class=\"wp-block-image size-full\"><a href=\"https:\/\/fjm-ritter.de\/Aktuell\/wp-content\/uploads\/2023\/12\/Josef-und-Maria-auf-dem-Weg-nach-Bethlehem.jpg\"><img loading=\"lazy\" decoding=\"async\" width=\"900\" height=\"472\" src=\"https:\/\/fjm-ritter.de\/Aktuell\/wp-content\/uploads\/2023\/12\/Josef-und-Maria-auf-dem-Weg-nach-Bethlehem.jpg\" alt=\"\" class=\"wp-image-6539\" srcset=\"https:\/\/fjm-ritter.de\/Aktuell\/wp-content\/uploads\/2023\/12\/Josef-und-Maria-auf-dem-Weg-nach-Bethlehem.jpg 900w, https:\/\/fjm-ritter.de\/Aktuell\/wp-content\/uploads\/2023\/12\/Josef-und-Maria-auf-dem-Weg-nach-Bethlehem-300x157.jpg 300w, https:\/\/fjm-ritter.de\/Aktuell\/wp-content\/uploads\/2023\/12\/Josef-und-Maria-auf-dem-Weg-nach-Bethlehem-768x403.jpg 768w, https:\/\/fjm-ritter.de\/Aktuell\/wp-content\/uploads\/2023\/12\/Josef-und-Maria-auf-dem-Weg-nach-Bethlehem-500x262.jpg 500w\" sizes=\"auto, (max-width: 900px) 100vw, 900px\" \/><\/a><\/figure>\n\n\n\n<p>(<em>bei uns jeder 19. und kirchlich: jeden Mittwoch; der Monat M\u00e4rz und 1. Mai<\/em>) &#8230; den man gar nicht genug danken kann, f\u00fcr dass was ER uns Gotteskindern alles auf den Weg gebracht hat.<\/p>\n\n\n\n<p>Darum: geht ALLE zu Josef, besonders wenn der Schuh dr\u00fcckt; die T\u00fcren und Fenster nicht schlie\u00dfen &#8230; und wenn in der Kirchenbank mal unruhiges Sitzfleisch herrscht!<\/p>\n\n\n\n<p>Als <a><\/a>Patron f\u00fcr wirklich ALLE Anliegen in Welt und Kirche, sogar im Sterben &#8230; darum solltest Du es Dir mit ihm nicht verderben.<\/p>\n\n\n\n<p>Denk an ihn; danke ihm schon jetzt f\u00fcr alles wo er Dir helfen wird.<\/p>\n\n\n\n<p>Segen ALLEN die den Heiligen Josef als Namens- und Schutzpatron erw\u00e4hlt haben<\/p>\n\n\n\n<p>+++<\/p>\n\n\n\n<p>Mehr Themen im <a href=\"https:\/\/www.facebook.com\/FJMRitter.Radio.Team?__cft__[0]=AZVheU6LnvzNV8wnOTEy1voKGyMI_a8kyqdBhR9C8eBoxzLhwOeb9MSEBHwnrre4KxhB038efntj1opnyqaZcb-HOvefr4tlTEwdqcAQZ8ksffBBVK98TAPpGImjvRo2hRm_13WvZLd77z6dpjlw3OSoBSIwamN18jQTx6P0HPJH1a7tu0CLUjus2M5yilBkdXA&amp;__tn__=-]K-R\">FJM-Ritter Radio<\/a> und auf unseren Seiten:<\/p>\n\n\n\n<p><a href=\"https:\/\/fjm.center\/unsere-facebook-seiten.html\">https:\/\/fjm.center\/unsere-facebook-seiten.html<\/a><\/p>\n","protected":false},"excerpt":{"rendered":"<p>(bei uns jeder 19. und kirchlich: jeden Mittwoch; der Monat M\u00e4rz und 1. Mai) &#8230; den man gar nicht genug danken kann, f\u00fcr dass was ER uns Gotteskindern alles auf den Weg gebracht hat. Darum: geht ALLE zu Josef, besonders &hellip; <a href=\"https:\/\/fjm-ritter.de\/Aktuell\/?p=6545\">Weiterlesen <span class=\"meta-nav\">&rarr;<\/span><\/a><\/p>\n","protected":false},"author":11,"featured_media":0,"comment_status":"open","ping_status":"closed","sticky":false,"template":"","format":"standard","meta":{"footnotes":""},"categories":[1],"tags":[],"class_list":["post-6545","post","type-post","status-publish","format-standard","hentry","category-allgemein"],"_links":{"self":[{"href":"https:\/\/fjm-ritter.de\/Aktuell\/index.php?rest_route=\/wp\/v2\/posts\/6545","targetHints":{"allow":["GET"]}}],"collection":[{"href":"https:\/\/fjm-ritter.de\/Aktuell\/index.php?rest_route=\/wp\/v2\/posts"}],"about":[{"href":"https:\/\/fjm-ritter.de\/Aktuell\/index.php?rest_route=\/wp\/v2\/types\/post"}],"author":[{"embeddable":true,"href":"https:\/\/fjm-ritter.de\/Aktuell\/index.php?rest_route=\/wp\/v2\/users\/11"}],"replies":[{"embeddable":true,"href":"https:\/\/fjm-ritter.de\/Aktuell\/index.php?rest_route=%2Fwp%2Fv2%2Fcomments&post=6545"}],"version-history":[{"count":2,"href":"https:\/\/fjm-ritter.de\/Aktuell\/index.php?rest_route=\/wp\/v2\/posts\/6545\/revisions"}],"predecessor-version":[{"id":6550,"href":"https:\/\/fjm-ritter.de\/Aktuell\/index.php?rest_route=\/wp\/v2\/posts\/6545\/revisions\/6550"}],"wp:attachment":[{"href":"https:\/\/fjm-ritter.de\/Aktuell\/index.php?rest_route=%2Fwp%2Fv2%2Fmedia&parent=6545"}],"wp:term":[{"taxonomy":"category","embeddable":true,"href":"https:\/\/fjm-ritter.de\/Aktuell\/index.php?rest_route=%2Fwp%2Fv2%2Fcategories&post=6545"},{"taxonomy":"post_tag","embeddable":true,"href":"https:\/\/fjm-ritter.de\/Aktuell\/index.php?rest_route=%2Fwp%2Fv2%2Ftags&post=6545"}],"curies":[{"name":"wp","href":"https:\/\/api.w.org\/{rel}","templated":true}]}}