{"id":6565,"date":"2023-12-23T16:30:00","date_gmt":"2023-12-23T14:30:00","guid":{"rendered":"https:\/\/fjm-ritter.de\/Aktuell\/?p=6565"},"modified":"2023-12-28T18:31:12","modified_gmt":"2023-12-28T16:31:12","slug":"auf-einer-frueheren-stufe-der-offenbarung","status":"publish","type":"post","link":"https:\/\/fjm-ritter.de\/Aktuell\/?p=6565","title":{"rendered":"Auf einer fr\u00fcheren Stufe der Offenbarung"},"content":{"rendered":"<div class=\"wp-block-image\">\n<figure class=\"alignright size-large is-resized\"><a href=\"https:\/\/fjm-ritter.de\/Aktuell\/wp-content\/uploads\/2023\/12\/4ther-Advent-1-scaled.jpg\"><img loading=\"lazy\" decoding=\"async\" width=\"1024\" height=\"768\" src=\"https:\/\/fjm-ritter.de\/Aktuell\/wp-content\/uploads\/2023\/12\/4ther-Advent-1-1024x768.jpg\" alt=\"\" class=\"wp-image-6630\" style=\"width:291px;height:auto\" srcset=\"https:\/\/fjm-ritter.de\/Aktuell\/wp-content\/uploads\/2023\/12\/4ther-Advent-1-1024x768.jpg 1024w, https:\/\/fjm-ritter.de\/Aktuell\/wp-content\/uploads\/2023\/12\/4ther-Advent-1-300x225.jpg 300w, https:\/\/fjm-ritter.de\/Aktuell\/wp-content\/uploads\/2023\/12\/4ther-Advent-1-768x576.jpg 768w, https:\/\/fjm-ritter.de\/Aktuell\/wp-content\/uploads\/2023\/12\/4ther-Advent-1-1536x1152.jpg 1536w, https:\/\/fjm-ritter.de\/Aktuell\/wp-content\/uploads\/2023\/12\/4ther-Advent-1-2048x1536.jpg 2048w, https:\/\/fjm-ritter.de\/Aktuell\/wp-content\/uploads\/2023\/12\/4ther-Advent-1-400x300.jpg 400w\" sizes=\"auto, (max-width: 1024px) 100vw, 1024px\" \/><\/a><\/figure>\n<\/div>\n\n\n<p>\u201e<em>\u2026 mochte die Macht als das erscheinen, was die Gottheit vom \u201eschwachen, sterblichen\u201c Menschen unterscheidet.<\/em><\/p>\n\n\n\n<p><em>Dann aber geschah es, dass Gott seine Macht und Gr\u00f6\u00dfe in der Schwachheit offenbarte: in der Geburt Jesu, in seinem Leiden und Sterben.<\/em><\/p>\n\n\n\n<p><em>Wenn wir dem Geheimnis Gottes n\u00e4her kommen wollen, m\u00fcssen wir umdenken: auf Macht und Gr\u00f6\u00dfe verzichten, um in der Ohnmacht, etwa durch kleine Taten der Liebe, die Macht Gottes kennenzulernen.<\/em>\u201c<\/p>\n\n\n\n<p>Das ist die Einf\u00fchrung diesem <a href=\"https:\/\/vulgata.info\/index.php?title=Kategorie:Lektionar:Advent:4.Woche:Sonntag\" target=\"_blank\" rel=\"noreferrer noopener\">4. Adventsonntag\u2019B<\/a> \u2026<\/p>\n\n\n\n<p>Es kommt im Lauf der Zeit immer wieder vor, dass man Advent \u2013 also die Zeit der Vorbereitung \u2013 sehr ausgiebig begehen kann (<em>und doch nie zum Ende kommt<\/em>) \u2026 und wiederkehrend ist es halt, die k\u00fcrzeste Adventszeit.<\/p>\n\n\n\n<p>Heute ist es so weit, schon am Abend feiern wir die Christmette \u2026 und dann 40 Tage Weihnachten \u2026 <strong>ach ja, ach neee<\/strong> \u2026 ist ja auch verk\u00fcrzt: Mit der \u201e<strong>Taufe des Herrn<\/strong>\u201c (<em>wenn \u00fcberhaupt<\/em>) ist f\u00fcr das moderne Kirchenvolk alles vorbei.<\/p>\n\n\n\n<p>Man glaubt eh nur an eine Art j\u00e4hrlichen Replay (<em>st\u00e4ndiger Wiederholungen, wie im Theater \u2013 auf der B\u00fchne oder im TV: wie die Klassiker <strong>Sissi<\/strong>; Drei Haseln\u00fcsse; <strong>Dinner for one<\/strong> und \u00e4hnliche Standards<\/em>) \u2026<\/p>\n\n\n\n<p>Wer lehrt eigentlich das Kirchenvolk? Wer gibt ihnen <strong>Unterweisung<\/strong>; Richtung; <strong>Katechese<\/strong>???<\/p>\n\n\n\n<p>Die Liturgie im Jahresverlauf ist nie Wiederholung, sondern ein <strong>Hin zu<\/strong> \u2026 wie eine Spirale \u2026 denn woran offensichtlich selbst Teile des Klerus nicht mehr zu glauben scheinen: Christus kommt!<\/p>\n\n\n\n<p>Ja, das ist die Gewissheit meines Glaubens: ER kommt den Kindern Gottes immer schneller \u2013 immer n\u00e4her. Bis an dem Tag (<em>gut, dass wir ALLE nicht wissen, wann es so weit ist<\/em>) wo er da ist!<\/p>\n\n\n\n<p>Und dann gilt es, die richtige Schatztruhe bei sich zu haben; das richtige Wort zu kennen \u2026<\/p>\n\n\n\n<p>Br\u00fcder und Schwestern, lasst Euch nicht von denen in die Irre f\u00fchren \u2013 in Verwirrungen bringen \u2013 die alles leugnen oder mit erfundenen Fabelwesen (<em>aus dem Tal der D\u00e4monen<\/em>) austauschen. Bel\u00fcgt Eure Enkel\/-kinder nicht.<\/p>\n\n\n\n<p>Der Weihnachtsmann rettet nicht \u2013 <strong>das Jesukind = Gott<\/strong> ist gekommen, um uns zu retten.<\/p>\n\n\n\n<p>Am 25. Dezember feiern wir Seinen Geburtstag! \u2026 und das Wort ist Fleisch geworden, in der Stadt des Brotes (das hei\u00dft n\u00e4mlich Bethlehem) \u2026 wurde gelegt in einer Futterkrippe \u2026 damit wir erkennen. Nicht symbolisch oder phantasie-\/m\u00e4rchenhaft \u2013 sondern tats\u00e4chlich! Und die mit IHM verbunden sind (<em>eben in Seiner Schwachheit<\/em>), dem ER es offenbart (<em>vgl. <a href=\"https:\/\/vulgata.info\/index.php?title=Kategorie:Vulgata:NT:Mt11\" target=\"_blank\" rel=\"noreferrer noopener\">Matth.11,27<\/a><\/em>) \u2026 haben diesen wissenden Glauben \u2026 um Zeugnis zu geben!<\/p>\n\n\n\n<p>Christus wurde geboren \u2013 um mit Dir zu leiden \u2013 mit Dir zu sterben \u2013 mit Dir aufzuerstehen \u2026<\/p>\n\n\n\n<p>Allen w\u00fcnsche ich diese unersch\u00fctterliche Gewissheit im Glauben; die lassen wir uns nicht rauben \u2026 von niemanden \u2026 und sei der Schafspelz noch so edel. Christus hat mir die W\u00f6lfe gezeigt und dessen Gehilfen, die uns die Wahrheit und damit das ewige Leben rauben wollen \u2026<\/p>\n","protected":false},"excerpt":{"rendered":"<p>\u201e\u2026 mochte die Macht als das erscheinen, was die Gottheit vom \u201eschwachen, sterblichen\u201c Menschen unterscheidet. Dann aber geschah es, dass Gott seine Macht und Gr\u00f6\u00dfe in der Schwachheit offenbarte: in der Geburt Jesu, in seinem Leiden und Sterben. Wenn wir &hellip; <a href=\"https:\/\/fjm-ritter.de\/Aktuell\/?p=6565\">Weiterlesen <span class=\"meta-nav\">&rarr;<\/span><\/a><\/p>\n","protected":false},"author":11,"featured_media":0,"comment_status":"open","ping_status":"closed","sticky":false,"template":"","format":"standard","meta":{"footnotes":""},"categories":[1],"tags":[],"class_list":["post-6565","post","type-post","status-publish","format-standard","hentry","category-allgemein"],"_links":{"self":[{"href":"https:\/\/fjm-ritter.de\/Aktuell\/index.php?rest_route=\/wp\/v2\/posts\/6565","targetHints":{"allow":["GET"]}}],"collection":[{"href":"https:\/\/fjm-ritter.de\/Aktuell\/index.php?rest_route=\/wp\/v2\/posts"}],"about":[{"href":"https:\/\/fjm-ritter.de\/Aktuell\/index.php?rest_route=\/wp\/v2\/types\/post"}],"author":[{"embeddable":true,"href":"https:\/\/fjm-ritter.de\/Aktuell\/index.php?rest_route=\/wp\/v2\/users\/11"}],"replies":[{"embeddable":true,"href":"https:\/\/fjm-ritter.de\/Aktuell\/index.php?rest_route=%2Fwp%2Fv2%2Fcomments&post=6565"}],"version-history":[{"count":2,"href":"https:\/\/fjm-ritter.de\/Aktuell\/index.php?rest_route=\/wp\/v2\/posts\/6565\/revisions"}],"predecessor-version":[{"id":6631,"href":"https:\/\/fjm-ritter.de\/Aktuell\/index.php?rest_route=\/wp\/v2\/posts\/6565\/revisions\/6631"}],"wp:attachment":[{"href":"https:\/\/fjm-ritter.de\/Aktuell\/index.php?rest_route=%2Fwp%2Fv2%2Fmedia&parent=6565"}],"wp:term":[{"taxonomy":"category","embeddable":true,"href":"https:\/\/fjm-ritter.de\/Aktuell\/index.php?rest_route=%2Fwp%2Fv2%2Fcategories&post=6565"},{"taxonomy":"post_tag","embeddable":true,"href":"https:\/\/fjm-ritter.de\/Aktuell\/index.php?rest_route=%2Fwp%2Fv2%2Ftags&post=6565"}],"curies":[{"name":"wp","href":"https:\/\/api.w.org\/{rel}","templated":true}]}}