{"id":6700,"date":"2024-01-06T16:00:00","date_gmt":"2024-01-06T15:00:00","guid":{"rendered":"https:\/\/fjm-ritter.de\/Aktuell\/?p=6700"},"modified":"2024-01-07T16:29:10","modified_gmt":"2024-01-07T15:29:10","slug":"taufe-des-herrn-3","status":"publish","type":"post","link":"https:\/\/fjm-ritter.de\/Aktuell\/?p=6700","title":{"rendered":"Taufe des Herrn"},"content":{"rendered":"\n<figure class=\"wp-block-image size-full\"><a href=\"https:\/\/fjm-ritter.de\/Aktuell\/wp-content\/uploads\/2024\/01\/Taufe-des-Herrn.jpg\"><img loading=\"lazy\" decoding=\"async\" width=\"1000\" height=\"417\" src=\"https:\/\/fjm-ritter.de\/Aktuell\/wp-content\/uploads\/2024\/01\/Taufe-des-Herrn.jpg\" alt=\"\" class=\"wp-image-6702\" srcset=\"https:\/\/fjm-ritter.de\/Aktuell\/wp-content\/uploads\/2024\/01\/Taufe-des-Herrn.jpg 1000w, https:\/\/fjm-ritter.de\/Aktuell\/wp-content\/uploads\/2024\/01\/Taufe-des-Herrn-300x125.jpg 300w, https:\/\/fjm-ritter.de\/Aktuell\/wp-content\/uploads\/2024\/01\/Taufe-des-Herrn-768x320.jpg 768w, https:\/\/fjm-ritter.de\/Aktuell\/wp-content\/uploads\/2024\/01\/Taufe-des-Herrn-500x209.jpg 500w\" sizes=\"auto, (max-width: 1000px) 100vw, 1000px\" \/><\/a><\/figure>\n\n\n\n<p>\u2026 alles vergeht wie im Flug! Keine Zeit in der Hektik sich einmal auf einen Punkt zu konzentrieren. Aber das will niemand h\u00f6ren \u201e<strong><em>schlie\u00dflich geht das Gedudel schon im Sommer los!<\/em><\/strong>\u201c \u2026<\/p>\n\n\n\n<p>Ja, das sind Aussagen, die man uns macht. Priester sprechen von \u201e<strong><em>macht ihr mal euren Kram!<\/em><\/strong>\u201c, weshalb sollen Gl\u00e4ubige da nicht genervt von \u201e<strong><em>Gedudel<\/em><\/strong>\u201c sprechen?<\/p>\n\n\n\n<p>Bist Du getauft? Was bedeutet Dir das \u2026 \u201e<em>getauft<\/em>\u201c zu sein?<\/p>\n\n\n\n<p>Geh\u00f6rst Du zu IHM, dessen Taufe wir heute gedenken? Bekennst Du Dich zu dem, was ER heute selbst f\u00fcr ALLE Menschen geheiligt hat?<\/p>\n\n\n\n<p>Wie k\u00f6nnte ich als \u00fcberzeugt <strong>Getaufter<\/strong> \u2013 <strong>Gefirmter<\/strong> \u2013 <strong>als Freund Gottes<\/strong> da von Gedudel, Kram oder \u201e<strong><em>endlich vorbei<\/em><\/strong>\u201c reden, wenn es doch gerade erst begonnen hat?<\/p>\n\n\n\n<p>Sind wir im Glauben schon so tot, dass es keinen Aufreger mehr gibt, in Dir \u2026 wundert ihr Euch da nicht auch, dass die Kirche in unseren Regionen stirbt und zur Markthalle \/ zur R\u00e4uberh\u00f6hle verkommt.<\/p>\n\n\n\n<p>Sind es nicht die heiligen V\u00e4ter \/ M\u00fctter, die uns den Glauben herangetragen \u2013 die Propheten, welche uns mahnen nicht nachzulassen \u2013 Jesus selbst, der uns einl\u00e4dt nicht abzufallen?<\/p>\n\n\n\n<p>Glaubt ihr immer noch, dass das da drau\u00dfen ALLES nichts mit der Sch\u00f6pfung und dem Sch\u00f6pfer zu tun hat?<\/p>\n\n\n\n<p>Wozu sollte ER uns Schutz und Segen geben, wenn wir IHN allein lassen \u2013 verlassen haben; das ALLES nicht mehr so genau \/ ernst nehmen???<\/p>\n\n\n\n<p>Uns nur noch um uns selbst drehen?<\/p>\n\n\n\n<p>Taufe \u2013 Tauferneuerung ist ein Zeichen der Bekehrung: Ja, bekehren wir uns, wenden wir uns <strong>IHM<\/strong> wieder zu \u2013 fangen wir <strong>jetzt: HEUTE<\/strong> neu an.<\/p>\n\n\n\n<p>Vielleicht erbarmt <strong>ER<\/strong> sich unser noch einmal, und gibt uns den verhei\u00dfenen Schutz und Segen!<\/p>\n\n\n\n<p>&#8211; &#8211; &#8211;<\/p>\n\n\n<div class=\"wp-block-image\">\n<figure class=\"alignright size-large is-resized\"><a href=\"https:\/\/fjm-ritter.de\/Aktuell\/wp-content\/uploads\/2024\/01\/Taufe.jpg\"><img loading=\"lazy\" decoding=\"async\" width=\"706\" height=\"1024\" src=\"https:\/\/fjm-ritter.de\/Aktuell\/wp-content\/uploads\/2024\/01\/Taufe-706x1024.jpg\" alt=\"\" class=\"wp-image-6706\" style=\"width:185px;height:auto\" srcset=\"https:\/\/fjm-ritter.de\/Aktuell\/wp-content\/uploads\/2024\/01\/Taufe-706x1024.jpg 706w, https:\/\/fjm-ritter.de\/Aktuell\/wp-content\/uploads\/2024\/01\/Taufe-207x300.jpg 207w, https:\/\/fjm-ritter.de\/Aktuell\/wp-content\/uploads\/2024\/01\/Taufe-768x1113.jpg 768w, https:\/\/fjm-ritter.de\/Aktuell\/wp-content\/uploads\/2024\/01\/Taufe-1060x1536.jpg 1060w, https:\/\/fjm-ritter.de\/Aktuell\/wp-content\/uploads\/2024\/01\/Taufe.jpg 1152w\" sizes=\"auto, (max-width: 706px) 100vw, 706px\" \/><\/a><\/figure>\n<\/div>\n\n\n<p>Gedenke Deiner Taufe heute, und Deines Tauftages &#8230;<\/p>\n\n\n\n<p>Erneuere dieses Versprechen \/ Gel\u00f6bnis zu IHM und empfange die Segnungen ALLER vorgesehenen Gnaden, durch das Unbefleckte Herz der Heiligsten Jungfrau und Gottesmutter Maria<\/p>\n\n\n\n<p><a><\/a>Segen Dir und den Deinen; sowie ALLE guten Absichten &#8230;<\/p>\n\n\n\n<p>+++<\/p>\n","protected":false},"excerpt":{"rendered":"<p>\u2026 alles vergeht wie im Flug! Keine Zeit in der Hektik sich einmal auf einen Punkt zu konzentrieren. Aber das will niemand h\u00f6ren \u201eschlie\u00dflich geht das Gedudel schon im Sommer los!\u201c \u2026 Ja, das sind Aussagen, die man uns macht. &hellip; <a href=\"https:\/\/fjm-ritter.de\/Aktuell\/?p=6700\">Weiterlesen <span class=\"meta-nav\">&rarr;<\/span><\/a><\/p>\n","protected":false},"author":11,"featured_media":0,"comment_status":"open","ping_status":"closed","sticky":false,"template":"","format":"standard","meta":{"footnotes":""},"categories":[1],"tags":[],"class_list":["post-6700","post","type-post","status-publish","format-standard","hentry","category-allgemein"],"_links":{"self":[{"href":"https:\/\/fjm-ritter.de\/Aktuell\/index.php?rest_route=\/wp\/v2\/posts\/6700","targetHints":{"allow":["GET"]}}],"collection":[{"href":"https:\/\/fjm-ritter.de\/Aktuell\/index.php?rest_route=\/wp\/v2\/posts"}],"about":[{"href":"https:\/\/fjm-ritter.de\/Aktuell\/index.php?rest_route=\/wp\/v2\/types\/post"}],"author":[{"embeddable":true,"href":"https:\/\/fjm-ritter.de\/Aktuell\/index.php?rest_route=\/wp\/v2\/users\/11"}],"replies":[{"embeddable":true,"href":"https:\/\/fjm-ritter.de\/Aktuell\/index.php?rest_route=%2Fwp%2Fv2%2Fcomments&post=6700"}],"version-history":[{"count":4,"href":"https:\/\/fjm-ritter.de\/Aktuell\/index.php?rest_route=\/wp\/v2\/posts\/6700\/revisions"}],"predecessor-version":[{"id":6714,"href":"https:\/\/fjm-ritter.de\/Aktuell\/index.php?rest_route=\/wp\/v2\/posts\/6700\/revisions\/6714"}],"wp:attachment":[{"href":"https:\/\/fjm-ritter.de\/Aktuell\/index.php?rest_route=%2Fwp%2Fv2%2Fmedia&parent=6700"}],"wp:term":[{"taxonomy":"category","embeddable":true,"href":"https:\/\/fjm-ritter.de\/Aktuell\/index.php?rest_route=%2Fwp%2Fv2%2Fcategories&post=6700"},{"taxonomy":"post_tag","embeddable":true,"href":"https:\/\/fjm-ritter.de\/Aktuell\/index.php?rest_route=%2Fwp%2Fv2%2Ftags&post=6700"}],"curies":[{"name":"wp","href":"https:\/\/api.w.org\/{rel}","templated":true}]}}