{"id":6727,"date":"2024-01-13T13:14:40","date_gmt":"2024-01-13T12:14:40","guid":{"rendered":"https:\/\/fjm-ritter.de\/Aktuell\/?p=6727"},"modified":"2024-01-13T13:14:40","modified_gmt":"2024-01-13T12:14:40","slug":"leben-heisst-fuer-den-menschen","status":"publish","type":"post","link":"https:\/\/fjm-ritter.de\/Aktuell\/?p=6727","title":{"rendered":"Leben hei\u00dft f\u00fcr den Menschen"},"content":{"rendered":"<div class=\"wp-block-image\">\n<figure class=\"alignleft size-full is-resized\"><a href=\"https:\/\/fjm-ritter.de\/Aktuell\/wp-content\/uploads\/2024\/01\/Screenshot_20240106_131130_Instagram.jpg\"><img loading=\"lazy\" decoding=\"async\" width=\"790\" height=\"928\" src=\"https:\/\/fjm-ritter.de\/Aktuell\/wp-content\/uploads\/2024\/01\/Screenshot_20240106_131130_Instagram.jpg\" alt=\"\" class=\"wp-image-6725\" style=\"width:224px;height:auto\" srcset=\"https:\/\/fjm-ritter.de\/Aktuell\/wp-content\/uploads\/2024\/01\/Screenshot_20240106_131130_Instagram.jpg 790w, https:\/\/fjm-ritter.de\/Aktuell\/wp-content\/uploads\/2024\/01\/Screenshot_20240106_131130_Instagram-255x300.jpg 255w, https:\/\/fjm-ritter.de\/Aktuell\/wp-content\/uploads\/2024\/01\/Screenshot_20240106_131130_Instagram-768x902.jpg 768w\" sizes=\"auto, (max-width: 790px) 100vw, 790px\" \/><\/a><\/figure>\n<\/div>\n\n\n<p>\u201e<em>\u2026: wachsen und reifen, und immer wieder: <strong>lernen<\/strong>.<\/em><\/p>\n\n\n\n<p><em>Man ist so lange ein lebendiger Mensch, als man bereit ist, es zu werden.<\/em><\/p>\n\n\n\n<p><em>Und der ist ein Christ, der wei\u00df, dass er es erst werden muss, jeder mit der besonderen Gabe und Berufung, die er empfangen hat.<\/em><\/p>\n\n\n\n<p><em>Das Gro\u00dfe w\u00e4re, jeden Tag und jede Stunde zu wissen: Hier ist mein Weg, hier meine Aufgabe, hier begegnet mir Christus.<\/em>\u201c<\/p>\n\n\n\n<p>Soweit die Einf\u00fchrung zu diesem <a href=\"https:\/\/vulgata.info\/index.php?title=Kategorie:Lektionar:Jahreskreis:02.Woche:Sonntag\" target=\"_blank\" rel=\"noreferrer noopener\">2. Sonntag im Jahreskreis\u2019B<\/a> \u2026<\/p>\n\n\n\n<p>Woran erkennt man eigentlich, ob mein Gegen\u00fcber wirklich das ist, was er vorgibt zu sein?<\/p>\n\n\n\n<p>Zum Beispiel nennen sich einige gl\u00e4ubig zu sein und geben stets \u201ekluge\u201c Ratschl\u00e4ge. Handelt es sich tats\u00e4chlich um eine berufene Gabe, um Begleiter zu sein?<\/p>\n\n\n\n<p>Nun, je mehr jemand in der Schrift liest \u2013 bzw. sich mit den liturgischen Schriften besch\u00e4ftigt \u2013 umso mehr ein Gl\u00e4ubiger das, was er sagt, wenn er selbst das lebt, was er liest und sagt \u2026<\/p>\n\n\n\n<p>Wenn ich so diverse Diskussionen verfolge, bitte erlaubt mir dieses Ma\u00df anzulegen, sollte neben der Heiligen Schrift auch die Lehre in der Tradition wiederzufinden sein, oder nicht?<\/p>\n\n\n\n<p>Also sollte das mir empfohlene im Kirchengesetz (<a href=\"https:\/\/ecclesiaeveritas.net\/index.php?title=Abkuerzung\" target=\"_blank\" rel=\"noreferrer noopener\">CIC<\/a>); im Katechismus (<a href=\"https:\/\/ecclesiaeveritas.net\/index.php?title=Abkuerzung\" target=\"_blank\" rel=\"noreferrer noopener\">KKK<\/a>) zu finden sein. Wenn das mir gesagte aber dort nicht zu finden ist \u2013 oder sogar im Widerspruch steht, was sagt mir das? \u2026 nun, ich w\u00fcrde weder auf diese Person \/ Gruppe h\u00f6ren \u2013 geschweige etwas von ihr an Dritte teilen.<\/p>\n\n\n\n<p>Ja, ich wei\u00df! Das ist gar nicht so leicht dieses festzustellen. Aber willst Du glaubw\u00fcrdig sein, sollte nichts von Dir verteilt \/ verbreitet werden, was nicht inhaltlich gepr\u00fcft wurde und tats\u00e4chlich in der Tradition der Lehre wiederzufinden ist.<\/p>\n\n\n\n<p>Das Gebet zum Heiligen Geist l\u00e4sst Dich erkennen; zumindest einen wirklich Fachkundigen finden, der Dir hilft Texte \u2013 Bilder \u2013 Videos zu analysieren und ihren Ursprung finden.<\/p>\n\n\n\n<p>Ich gebe zu, es gibt Beitr\u00e4ge, die ich in den vergangen 24 Jahren geteilt; aber ebenso mit Erkl\u00e4rung gel\u00f6scht habe. Die zwar scheinbar gut; aber inhaltlich Dich von Lehre und Lehramt weggebracht h\u00e4tten.<\/p>\n\n\n\n<p>Auch der Beispiele k\u00f6nnen wir dieser Tage erleben: je weniger katholischen Inhaltes, umso weiter weg ist man von der Wahrheit \u2026 und man wird schnell zum Rebellen und unterst\u00fctzt die Ungeister des Ungehorsams; &#8211; der Rebellion.<\/p>\n\n\n\n<p>Umso weiter ist man von der Wahrheit \u2013 von Gott selbst \u2013 entfernt.<\/p>\n\n\n\n<p>Tipp: Geh vor den Tabernakel; in die Beichte und spricht dort mit Jesus Christus, \u00fcber Seine Wahrheit. Ich wei\u00df, ein dem\u00fctiges Herz wird erkennen und h\u00f6ren lernen; und niemals mehr Irrlehren \/ Unwahrheiten verfallen \u2026<\/p>\n","protected":false},"excerpt":{"rendered":"<p>\u201e\u2026: wachsen und reifen, und immer wieder: lernen. Man ist so lange ein lebendiger Mensch, als man bereit ist, es zu werden. Und der ist ein Christ, der wei\u00df, dass er es erst werden muss, jeder mit der besonderen Gabe &hellip; <a href=\"https:\/\/fjm-ritter.de\/Aktuell\/?p=6727\">Weiterlesen <span class=\"meta-nav\">&rarr;<\/span><\/a><\/p>\n","protected":false},"author":11,"featured_media":0,"comment_status":"open","ping_status":"closed","sticky":false,"template":"","format":"standard","meta":{"footnotes":""},"categories":[1],"tags":[],"class_list":["post-6727","post","type-post","status-publish","format-standard","hentry","category-allgemein"],"_links":{"self":[{"href":"https:\/\/fjm-ritter.de\/Aktuell\/index.php?rest_route=\/wp\/v2\/posts\/6727","targetHints":{"allow":["GET"]}}],"collection":[{"href":"https:\/\/fjm-ritter.de\/Aktuell\/index.php?rest_route=\/wp\/v2\/posts"}],"about":[{"href":"https:\/\/fjm-ritter.de\/Aktuell\/index.php?rest_route=\/wp\/v2\/types\/post"}],"author":[{"embeddable":true,"href":"https:\/\/fjm-ritter.de\/Aktuell\/index.php?rest_route=\/wp\/v2\/users\/11"}],"replies":[{"embeddable":true,"href":"https:\/\/fjm-ritter.de\/Aktuell\/index.php?rest_route=%2Fwp%2Fv2%2Fcomments&post=6727"}],"version-history":[{"count":1,"href":"https:\/\/fjm-ritter.de\/Aktuell\/index.php?rest_route=\/wp\/v2\/posts\/6727\/revisions"}],"predecessor-version":[{"id":6728,"href":"https:\/\/fjm-ritter.de\/Aktuell\/index.php?rest_route=\/wp\/v2\/posts\/6727\/revisions\/6728"}],"wp:attachment":[{"href":"https:\/\/fjm-ritter.de\/Aktuell\/index.php?rest_route=%2Fwp%2Fv2%2Fmedia&parent=6727"}],"wp:term":[{"taxonomy":"category","embeddable":true,"href":"https:\/\/fjm-ritter.de\/Aktuell\/index.php?rest_route=%2Fwp%2Fv2%2Fcategories&post=6727"},{"taxonomy":"post_tag","embeddable":true,"href":"https:\/\/fjm-ritter.de\/Aktuell\/index.php?rest_route=%2Fwp%2Fv2%2Ftags&post=6727"}],"curies":[{"name":"wp","href":"https:\/\/api.w.org\/{rel}","templated":true}]}}