{"id":6789,"date":"2024-02-03T13:59:28","date_gmt":"2024-02-03T12:59:28","guid":{"rendered":"https:\/\/fjm-ritter.de\/Aktuell\/?p=6789"},"modified":"2024-02-07T10:32:16","modified_gmt":"2024-02-07T09:32:16","slug":"das-leben-fordert-uns","status":"publish","type":"post","link":"https:\/\/fjm-ritter.de\/Aktuell\/?p=6789","title":{"rendered":"Das Leben fordert uns"},"content":{"rendered":"<div class=\"wp-block-image\">\n<figure class=\"alignright size-full is-resized\"><a href=\"https:\/\/fjm-ritter.de\/Aktuell\/wp-content\/uploads\/2024\/02\/Heilung-der-Schwiegermutter-von-Petrus.jpg\"><img loading=\"lazy\" decoding=\"async\" width=\"597\" height=\"442\" src=\"https:\/\/fjm-ritter.de\/Aktuell\/wp-content\/uploads\/2024\/02\/Heilung-der-Schwiegermutter-von-Petrus.jpg\" alt=\"\" class=\"wp-image-6795\" style=\"width:343px;height:auto\" srcset=\"https:\/\/fjm-ritter.de\/Aktuell\/wp-content\/uploads\/2024\/02\/Heilung-der-Schwiegermutter-von-Petrus.jpg 597w, https:\/\/fjm-ritter.de\/Aktuell\/wp-content\/uploads\/2024\/02\/Heilung-der-Schwiegermutter-von-Petrus-300x222.jpg 300w, https:\/\/fjm-ritter.de\/Aktuell\/wp-content\/uploads\/2024\/02\/Heilung-der-Schwiegermutter-von-Petrus-405x300.jpg 405w\" sizes=\"auto, (max-width: 597px) 100vw, 597px\" \/><\/a><\/figure>\n<\/div>\n\n\n<p>\u201e<em>Wir haben keine Zeit, sagen wir.<\/em><\/p>\n\n\n\n<p><em>Wahr ist: Wir haben keine Zeit zu verlieren, die Zeit unseres Lebens ist kostbar.<\/em><\/p>\n\n\n\n<p><em>Und es ist kurz. Essen, schlafen, Gesch\u00e4fte machen, das ist zu wenig.<\/em><\/p>\n\n\n\n<p><em>Jesus hat uns gezeigt, was ein Menschenleben sein kann: Dienst f\u00fcr die Menschen bis zum \u00c4u\u00dfersten; und immer wieder der Weg zur Quelle.<\/em><\/p>\n\n\n\n<p><em>Der irdische Jesus vollzieht das mit, was f\u00fcr den ewigen Gottessohn das Leben ist: die vollkommene Hinwendung zum Vater.<\/em>\u201c<\/p>\n\n\n\n<p>So die Einf\u00fchrung zum <a href=\"https:\/\/vulgata.info\/index.php?title=Kategorie:Lektionar:Jahreskreis:05.Woche:Sonntag\" target=\"_blank\" rel=\"noreferrer noopener\">5.Sonntag im Jahreskreis\u2019B<\/a> \u2026 und man lebt in der s.g. f\u00fcnften Jahreszeit; anders wie zu Weihnachten und Ostern (<em>wozu <strong>Oktav<\/strong>, wozu die <strong>40 Tage<\/strong> leben \u2026 schnell, schnell \u2013 am besten schon am Folgetag ist alles vorbei<\/em>) \u2026 ich denke am Ende wird jede Person erkennen, dass es nicht ist, wie das Lied der Jecken n\u00e4hrt: <strong><em>Sind alle kleine S\u00fcnderlein, kommen alle in den Himmel rein!<\/em><\/strong><\/p>\n\n\n\n<p>Bel\u00fcge die anderen und auch Dich selbst nicht!<\/p>\n\n\n\n<p>So wie <strong>Dein<\/strong> Sonntag, so <strong>Dein<\/strong> Sterbetag! Ja, ich sag Dir zu: Du kannst <strong>nicht<\/strong> nachholen, was Du einst vers\u00e4umt hast.<\/p>\n\n\n\n<p>Wenn Du nicht h\u00f6ren willst, dass die <a href=\"https:\/\/vulgata.info\/index.php?title=Kategorie:Vulgata:AT:2Mos20\" target=\"_blank\" rel=\"noreferrer noopener\"><strong><em>10 Gebote<\/em><\/strong><\/a> auch heute noch gelten; ist es Dein Problem. Wenn Du im Vorleben meinst entgegenzuarbeiten, wundere Dich also nicht, wenn die Sch\u00f6pfung \u2013 die Gesellschaft \u2026 wenn alles zusammenbricht.<\/p>\n\n\n\n<p>Wenn Du sagst, Jesus habe sie aufgeboben! Sei versichert: der so spricht, der hat gelogen \u2026 <strong>ER<\/strong> hat sie nicht aufgehoben, sondern bekr\u00e4ftigt: <em>Denkt nicht, ich sei gekommen, das Gesetz oder die Propheten aufzuheben. Ich bin nicht gekommen aufzuheben, sondern zu erf\u00fcllen<\/em> (<em>vgl. <\/em><a href=\"https:\/\/vulgata.info\/index.php?title=Kategorie:Vulgata:NT:Mt05\" target=\"_blank\" rel=\"noreferrer noopener\"><em>Matth.5,19<\/em><\/a>).<\/p>\n\n\n\n<p>Bedenke also, was wichtiger ist f\u00fcr Dein Seelenfrieden. Wer Gott <strong>los<\/strong> werden will, wird oft zu sp\u00e4t erkennen, dass man Gott <strong>los<\/strong> ist! Sollte es am Ende anders kommen, dann bedanke Dich schon jetzt bei den Frommen, die ohne Unterlass, trotz aller Widerst\u00e4nde und Anfeindungen von Dir, an Dich gut gedacht und gebetet haben.<\/p>\n","protected":false},"excerpt":{"rendered":"<p>\u201eWir haben keine Zeit, sagen wir. Wahr ist: Wir haben keine Zeit zu verlieren, die Zeit unseres Lebens ist kostbar. Und es ist kurz. Essen, schlafen, Gesch\u00e4fte machen, das ist zu wenig. Jesus hat uns gezeigt, was ein Menschenleben sein &hellip; <a href=\"https:\/\/fjm-ritter.de\/Aktuell\/?p=6789\">Weiterlesen <span class=\"meta-nav\">&rarr;<\/span><\/a><\/p>\n","protected":false},"author":11,"featured_media":0,"comment_status":"open","ping_status":"closed","sticky":false,"template":"","format":"standard","meta":{"footnotes":""},"categories":[1],"tags":[],"class_list":["post-6789","post","type-post","status-publish","format-standard","hentry","category-allgemein"],"_links":{"self":[{"href":"https:\/\/fjm-ritter.de\/Aktuell\/index.php?rest_route=\/wp\/v2\/posts\/6789","targetHints":{"allow":["GET"]}}],"collection":[{"href":"https:\/\/fjm-ritter.de\/Aktuell\/index.php?rest_route=\/wp\/v2\/posts"}],"about":[{"href":"https:\/\/fjm-ritter.de\/Aktuell\/index.php?rest_route=\/wp\/v2\/types\/post"}],"author":[{"embeddable":true,"href":"https:\/\/fjm-ritter.de\/Aktuell\/index.php?rest_route=\/wp\/v2\/users\/11"}],"replies":[{"embeddable":true,"href":"https:\/\/fjm-ritter.de\/Aktuell\/index.php?rest_route=%2Fwp%2Fv2%2Fcomments&post=6789"}],"version-history":[{"count":2,"href":"https:\/\/fjm-ritter.de\/Aktuell\/index.php?rest_route=\/wp\/v2\/posts\/6789\/revisions"}],"predecessor-version":[{"id":6805,"href":"https:\/\/fjm-ritter.de\/Aktuell\/index.php?rest_route=\/wp\/v2\/posts\/6789\/revisions\/6805"}],"wp:attachment":[{"href":"https:\/\/fjm-ritter.de\/Aktuell\/index.php?rest_route=%2Fwp%2Fv2%2Fmedia&parent=6789"}],"wp:term":[{"taxonomy":"category","embeddable":true,"href":"https:\/\/fjm-ritter.de\/Aktuell\/index.php?rest_route=%2Fwp%2Fv2%2Fcategories&post=6789"},{"taxonomy":"post_tag","embeddable":true,"href":"https:\/\/fjm-ritter.de\/Aktuell\/index.php?rest_route=%2Fwp%2Fv2%2Ftags&post=6789"}],"curies":[{"name":"wp","href":"https:\/\/api.w.org\/{rel}","templated":true}]}}