{"id":6830,"date":"2024-02-13T18:52:52","date_gmt":"2024-02-13T17:52:52","guid":{"rendered":"https:\/\/fjm-ritter.de\/Aktuell\/?p=6830"},"modified":"2024-02-13T18:52:52","modified_gmt":"2024-02-13T17:52:52","slug":"fastenzeit","status":"publish","type":"post","link":"https:\/\/fjm-ritter.de\/Aktuell\/?p=6830","title":{"rendered":"Fastenzeit"},"content":{"rendered":"\n<p><strong>Liebe Leser<\/strong> (<em>und auch die <strong>-innen<\/strong><\/em>) \u2026 n\u00fcchtern starten wir mit dem <strong>Aschermittwoch<\/strong> \u2013 in die diesj\u00e4hrige <a href=\"https:\/\/ecclesiaeveritas.net\/index.php\/Fastenzeit\" target=\"_blank\" rel=\"noreferrer noopener\">Fastenzeit<\/a> \u2026<\/p>\n\n\n\n<p>Nicht liturgisch, aber im weltlichen Sinne: mit dem Valentinstag \u2026 wo sich gesund-liebende Paare \u2013 <em>gesch\u00e4ftlich reichlich umsorgt<\/em> \u2013 die Liebe bezeugen sollen \/ wollen.<\/p>\n\n\n<div class=\"wp-block-image\">\n<figure class=\"alignleft size-full is-resized\"><a href=\"https:\/\/fjm-ritter.de\/Aktuell\/wp-content\/uploads\/2024\/02\/274725719_4961102227317694_6526865661658219630_n.jpg\"><img loading=\"lazy\" decoding=\"async\" width=\"514\" height=\"800\" src=\"https:\/\/fjm-ritter.de\/Aktuell\/wp-content\/uploads\/2024\/02\/274725719_4961102227317694_6526865661658219630_n.jpg\" alt=\"\" class=\"wp-image-6834\" style=\"width:215px;height:auto\" srcset=\"https:\/\/fjm-ritter.de\/Aktuell\/wp-content\/uploads\/2024\/02\/274725719_4961102227317694_6526865661658219630_n.jpg 514w, https:\/\/fjm-ritter.de\/Aktuell\/wp-content\/uploads\/2024\/02\/274725719_4961102227317694_6526865661658219630_n-193x300.jpg 193w\" sizes=\"auto, (max-width: 514px) 100vw, 514px\" \/><\/a><\/figure>\n<\/div>\n\n\n<p>Echte Liebe ist mit <strong>Aschenkreuz<\/strong> auf der Stirn, das man vorher bei der Heiligen Messe empfangen hat \u2026 und dem Bekenntnis : <strong>die Bereitschaft zur Umkehr und den Glauben an das Evangelium<\/strong> (<em>vgl. <\/em><a href=\"https:\/\/vulgata.info\/index.php?title=Kategorie:Vulgata:NT:Mk01\" target=\"_blank\" rel=\"noreferrer noopener\"><em>Mk.1,15<\/em><\/a>) \u2026 oder wie es auch hei\u00dft, im Wissen: <strong>Bedenke das Du Staub bist und zum Staub zur\u00fcckkehren wirst<\/strong> (<a href=\"https:\/\/vulgata.info\/index.php?title=Kategorie:Vulgata:AT:1Mos03\" target=\"_blank\" rel=\"noreferrer noopener\"><em>vgl. Gen.3,19<\/em><\/a>).<\/p>\n\n\n\n<p>Damit wir ein bissel mehr vom Sinn unseres Lebens \u2013 das mit Gott, Seiner Sch\u00f6pfung und von der Geburt, \u00fcber das Leben &amp; Wirken; bis zum Ende Tod &amp; Auferstehung Jesu besser verstehen und begreifen k\u00f6nnen \u2013 ist es gut sich 40 Tage (<em>plus Sonntage<\/em>) mit der <a href=\"https:\/\/vulgata.info\/index.php?title=Kategorie:Lektionar:Fastenzeit:Aschermittwoch\" target=\"_blank\" rel=\"noreferrer noopener\">Liturgie\u2018B<\/a> und dem WOZU zu besch\u00e4ftigen.<\/p>\n\n\n<div class=\"wp-block-image\">\n<figure class=\"alignright size-large is-resized\"><a href=\"https:\/\/fjm-ritter.de\/Aktuell\/wp-content\/uploads\/2024\/02\/273476984_4902974966463754_2483659857596177568_n.jpg\"><img loading=\"lazy\" decoding=\"async\" width=\"646\" height=\"1024\" src=\"https:\/\/fjm-ritter.de\/Aktuell\/wp-content\/uploads\/2024\/02\/273476984_4902974966463754_2483659857596177568_n-646x1024.jpg\" alt=\"\" class=\"wp-image-6833\" style=\"width:207px;height:auto\" srcset=\"https:\/\/fjm-ritter.de\/Aktuell\/wp-content\/uploads\/2024\/02\/273476984_4902974966463754_2483659857596177568_n-646x1024.jpg 646w, https:\/\/fjm-ritter.de\/Aktuell\/wp-content\/uploads\/2024\/02\/273476984_4902974966463754_2483659857596177568_n-189x300.jpg 189w, https:\/\/fjm-ritter.de\/Aktuell\/wp-content\/uploads\/2024\/02\/273476984_4902974966463754_2483659857596177568_n-768x1218.jpg 768w, https:\/\/fjm-ritter.de\/Aktuell\/wp-content\/uploads\/2024\/02\/273476984_4902974966463754_2483659857596177568_n-968x1536.jpg 968w, https:\/\/fjm-ritter.de\/Aktuell\/wp-content\/uploads\/2024\/02\/273476984_4902974966463754_2483659857596177568_n.jpg 1291w\" sizes=\"auto, (max-width: 646px) 100vw, 646px\" \/><\/a><\/figure>\n<\/div>\n\n\n<p>Es w\u00e4re f\u00fcr jeden wichtig, am Ende diese Zeit nicht vertan \u2013 vers\u00e4umt zu haben \u2026 m\u00f6chtest auch Du am Ende echte Erneuerung erleben.<\/p>\n\n\n\n<p>Gerne helfen wir dabei! Beispiel:<\/p>\n\n\n\n<p>* Margret mit ihrem <a href=\"https:\/\/gott-ist-mit-uns.de\/blog\/\" target=\"_blank\" rel=\"noreferrer noopener\">Fastenkalender<\/a><br>* und ich \u2026 von Zeit zu Zeit, auf den bekannten <a href=\"https:\/\/fjm-ritter.de\/Aktuell\" target=\"_blank\" rel=\"noreferrer noopener\">Seiten<\/a><br>* auch im <a href=\"https:\/\/radio.team\/fjm-ritter.html\" target=\"_blank\" rel=\"noreferrer noopener\">FJM-Ritter Radio<\/a> senden wir das eine und andere<\/p>\n\n\n\n<p>In dem Sinne: ALLEN eine gnadenreiche und gesegnete Fastenzeit<br>Eure FJM\u2019ler<\/p>\n","protected":false},"excerpt":{"rendered":"<p>Liebe Leser (und auch die -innen) \u2026 n\u00fcchtern starten wir mit dem Aschermittwoch \u2013 in die diesj\u00e4hrige Fastenzeit \u2026 Nicht liturgisch, aber im weltlichen Sinne: mit dem Valentinstag \u2026 wo sich gesund-liebende Paare \u2013 gesch\u00e4ftlich reichlich umsorgt \u2013 die Liebe &hellip; <a href=\"https:\/\/fjm-ritter.de\/Aktuell\/?p=6830\">Weiterlesen <span class=\"meta-nav\">&rarr;<\/span><\/a><\/p>\n","protected":false},"author":11,"featured_media":0,"comment_status":"open","ping_status":"closed","sticky":false,"template":"","format":"standard","meta":{"footnotes":""},"categories":[1],"tags":[],"class_list":["post-6830","post","type-post","status-publish","format-standard","hentry","category-allgemein"],"_links":{"self":[{"href":"https:\/\/fjm-ritter.de\/Aktuell\/index.php?rest_route=\/wp\/v2\/posts\/6830","targetHints":{"allow":["GET"]}}],"collection":[{"href":"https:\/\/fjm-ritter.de\/Aktuell\/index.php?rest_route=\/wp\/v2\/posts"}],"about":[{"href":"https:\/\/fjm-ritter.de\/Aktuell\/index.php?rest_route=\/wp\/v2\/types\/post"}],"author":[{"embeddable":true,"href":"https:\/\/fjm-ritter.de\/Aktuell\/index.php?rest_route=\/wp\/v2\/users\/11"}],"replies":[{"embeddable":true,"href":"https:\/\/fjm-ritter.de\/Aktuell\/index.php?rest_route=%2Fwp%2Fv2%2Fcomments&post=6830"}],"version-history":[{"count":2,"href":"https:\/\/fjm-ritter.de\/Aktuell\/index.php?rest_route=\/wp\/v2\/posts\/6830\/revisions"}],"predecessor-version":[{"id":6843,"href":"https:\/\/fjm-ritter.de\/Aktuell\/index.php?rest_route=\/wp\/v2\/posts\/6830\/revisions\/6843"}],"wp:attachment":[{"href":"https:\/\/fjm-ritter.de\/Aktuell\/index.php?rest_route=%2Fwp%2Fv2%2Fmedia&parent=6830"}],"wp:term":[{"taxonomy":"category","embeddable":true,"href":"https:\/\/fjm-ritter.de\/Aktuell\/index.php?rest_route=%2Fwp%2Fv2%2Fcategories&post=6830"},{"taxonomy":"post_tag","embeddable":true,"href":"https:\/\/fjm-ritter.de\/Aktuell\/index.php?rest_route=%2Fwp%2Fv2%2Ftags&post=6830"}],"curies":[{"name":"wp","href":"https:\/\/api.w.org\/{rel}","templated":true}]}}