{"id":6936,"date":"2024-03-11T08:23:03","date_gmt":"2024-03-11T07:23:03","guid":{"rendered":"https:\/\/fjm-ritter.de\/Aktuell\/?p=6936"},"modified":"2024-03-16T15:19:50","modified_gmt":"2024-03-16T14:19:50","slug":"sollen-wir-erschrecken-vor-den-sabbernden-woelfen","status":"publish","type":"post","link":"https:\/\/fjm-ritter.de\/Aktuell\/?p=6936","title":{"rendered":"Sollen wir erschrecken vor den sabbernden W\u00f6lfen"},"content":{"rendered":"<div class=\"wp-block-image\">\n<figure class=\"alignleft size-full is-resized\"><a href=\"https:\/\/fjm-ritter.de\/Aktuell\/wp-content\/uploads\/2024\/03\/ee3a6240b2c073b4494b9bc55f2dc49e.jpg\"><img loading=\"lazy\" decoding=\"async\" width=\"735\" height=\"932\" src=\"https:\/\/fjm-ritter.de\/Aktuell\/wp-content\/uploads\/2024\/03\/ee3a6240b2c073b4494b9bc55f2dc49e.jpg\" alt=\"\" class=\"wp-image-6926\" style=\"width:192px;height:auto\" srcset=\"https:\/\/fjm-ritter.de\/Aktuell\/wp-content\/uploads\/2024\/03\/ee3a6240b2c073b4494b9bc55f2dc49e.jpg 735w, https:\/\/fjm-ritter.de\/Aktuell\/wp-content\/uploads\/2024\/03\/ee3a6240b2c073b4494b9bc55f2dc49e-237x300.jpg 237w\" sizes=\"auto, (max-width: 735px) 100vw, 735px\" \/><\/a><\/figure>\n<\/div>\n\n\n<p>Sollen wir erschrecken vor den sabbernden W\u00f6lfen (<em>aus Politik und Medien<\/em>), weil der Papst um ein Ende der Kriege aufruft?<\/p>\n\n\n\n<p>Was soll der Vergleich mir der Nazizeit und die katholische Kirche; au\u00dfer dass man st\u00e4ndig versucht mit L\u00fcgen den Papst Pius anzugehen.<\/p>\n\n\n\n<p>&#8230; soll der Papst etwa f\u00fcr Krieg, das T\u00f6ten von Unschuldigen aufrufen?<\/p>\n\n\n\n<p>&#8230; <a><\/a>Du, Christ &#8211; Katholik, pr\u00fcfe was der Papst seit Kriegsausbruch in der Ukraine gegen Putin, dem Aggressor, gesagt hat; in diesem Kontext beobachte was zur Zeit passiert &#8230; soll er da nicht aufrufen d\u00fcrfen, bevor es schlimmer wird?<\/p>\n","protected":false},"excerpt":{"rendered":"<p>Sollen wir erschrecken vor den sabbernden W\u00f6lfen (aus Politik und Medien), weil der Papst um ein Ende der Kriege aufruft? Was soll der Vergleich mir der Nazizeit und die katholische Kirche; au\u00dfer dass man st\u00e4ndig versucht mit L\u00fcgen den Papst &hellip; <a href=\"https:\/\/fjm-ritter.de\/Aktuell\/?p=6936\">Weiterlesen <span class=\"meta-nav\">&rarr;<\/span><\/a><\/p>\n","protected":false},"author":11,"featured_media":0,"comment_status":"open","ping_status":"closed","sticky":false,"template":"","format":"standard","meta":{"footnotes":""},"categories":[1],"tags":[],"class_list":["post-6936","post","type-post","status-publish","format-standard","hentry","category-allgemein"],"_links":{"self":[{"href":"https:\/\/fjm-ritter.de\/Aktuell\/index.php?rest_route=\/wp\/v2\/posts\/6936","targetHints":{"allow":["GET"]}}],"collection":[{"href":"https:\/\/fjm-ritter.de\/Aktuell\/index.php?rest_route=\/wp\/v2\/posts"}],"about":[{"href":"https:\/\/fjm-ritter.de\/Aktuell\/index.php?rest_route=\/wp\/v2\/types\/post"}],"author":[{"embeddable":true,"href":"https:\/\/fjm-ritter.de\/Aktuell\/index.php?rest_route=\/wp\/v2\/users\/11"}],"replies":[{"embeddable":true,"href":"https:\/\/fjm-ritter.de\/Aktuell\/index.php?rest_route=%2Fwp%2Fv2%2Fcomments&post=6936"}],"version-history":[{"count":2,"href":"https:\/\/fjm-ritter.de\/Aktuell\/index.php?rest_route=\/wp\/v2\/posts\/6936\/revisions"}],"predecessor-version":[{"id":6949,"href":"https:\/\/fjm-ritter.de\/Aktuell\/index.php?rest_route=\/wp\/v2\/posts\/6936\/revisions\/6949"}],"wp:attachment":[{"href":"https:\/\/fjm-ritter.de\/Aktuell\/index.php?rest_route=%2Fwp%2Fv2%2Fmedia&parent=6936"}],"wp:term":[{"taxonomy":"category","embeddable":true,"href":"https:\/\/fjm-ritter.de\/Aktuell\/index.php?rest_route=%2Fwp%2Fv2%2Fcategories&post=6936"},{"taxonomy":"post_tag","embeddable":true,"href":"https:\/\/fjm-ritter.de\/Aktuell\/index.php?rest_route=%2Fwp%2Fv2%2Ftags&post=6936"}],"curies":[{"name":"wp","href":"https:\/\/api.w.org\/{rel}","templated":true}]}}