{"id":6969,"date":"2024-03-08T16:00:00","date_gmt":"2024-03-08T15:00:00","guid":{"rendered":"https:\/\/fjm-ritter.de\/Aktuell\/?p=6969"},"modified":"2024-03-18T09:27:05","modified_gmt":"2024-03-18T08:27:05","slug":"thema-kirche-will-ich-nicht-brauch-ich-nicht","status":"publish","type":"post","link":"https:\/\/fjm-ritter.de\/Aktuell\/?p=6969","title":{"rendered":"Thema Kirche &#8211; will ich nicht &#8211; brauch ich nicht"},"content":{"rendered":"\n<figure class=\"wp-block-image size-large\"><a href=\"https:\/\/fjm-ritter.de\/Aktuell\/wp-content\/uploads\/2024\/03\/Screenshot_20240308_143509_Photos2.jpg\"><img loading=\"lazy\" decoding=\"async\" width=\"1024\" height=\"750\" src=\"https:\/\/fjm-ritter.de\/Aktuell\/wp-content\/uploads\/2024\/03\/Screenshot_20240308_143509_Photos2-1024x750.jpg\" alt=\"\" class=\"wp-image-6972\" srcset=\"https:\/\/fjm-ritter.de\/Aktuell\/wp-content\/uploads\/2024\/03\/Screenshot_20240308_143509_Photos2-1024x750.jpg 1024w, https:\/\/fjm-ritter.de\/Aktuell\/wp-content\/uploads\/2024\/03\/Screenshot_20240308_143509_Photos2-300x220.jpg 300w, https:\/\/fjm-ritter.de\/Aktuell\/wp-content\/uploads\/2024\/03\/Screenshot_20240308_143509_Photos2-768x563.jpg 768w, https:\/\/fjm-ritter.de\/Aktuell\/wp-content\/uploads\/2024\/03\/Screenshot_20240308_143509_Photos2-410x300.jpg 410w, https:\/\/fjm-ritter.de\/Aktuell\/wp-content\/uploads\/2024\/03\/Screenshot_20240308_143509_Photos2.jpg 1032w\" sizes=\"auto, (max-width: 1024px) 100vw, 1024px\" \/><\/a><\/figure>\n\n\n\n<p>Ein Freikirchler sagte mir vor kurzem, zum Thema Kirche, dass dieses und jenes gar nicht in der Bibel stehen w\u00fcrde &#8230; nun, ich versuchte auf zwei Dinge hinzuweisen: was Jesus Christus mich lehrte und wie wichtig es ist auf Seine Kirche (<em>dazu z\u00e4hlt auch die Tradition<\/em>) verk\u00fcndet &#8211; genau genommen, wollte er nichts davon wissen mich hat es angespornt zu bezeugen, was der Geist Gottes uns sagen m\u00f6chte &#8230; darum meine Themen &#8222;Heiliger Geist&#8220;; &#8222;Gott bezeugt selbst&#8230;&#8220; und n\u00e4chste Woche&#8230; aber lest selbst; macht Euch ein Bild von dem was Gott uns sagen m\u00f6chte.<\/p>\n\n\n\n<p>&#8230;<\/p>\n\n\n<div class=\"wp-block-image\">\n<figure class=\"alignright size-full is-resized\"><a href=\"https:\/\/fjm-ritter.de\/Aktuell\/wp-content\/uploads\/2024\/03\/ab7621c3f93835cf2df988ebf2e6ffdb.jpg\"><img loading=\"lazy\" decoding=\"async\" width=\"270\" height=\"480\" src=\"https:\/\/fjm-ritter.de\/Aktuell\/wp-content\/uploads\/2024\/03\/ab7621c3f93835cf2df988ebf2e6ffdb.jpg\" alt=\"\" class=\"wp-image-6974\" style=\"width:222px;height:auto\" srcset=\"https:\/\/fjm-ritter.de\/Aktuell\/wp-content\/uploads\/2024\/03\/ab7621c3f93835cf2df988ebf2e6ffdb.jpg 270w, https:\/\/fjm-ritter.de\/Aktuell\/wp-content\/uploads\/2024\/03\/ab7621c3f93835cf2df988ebf2e6ffdb-169x300.jpg 169w\" sizes=\"auto, (max-width: 270px) 100vw, 270px\" \/><\/a><\/figure>\n<\/div>\n\n\n<p>Ich bezeugte ihm, da\u00df Jesus Christus mich selbst in Seine Kirche gef\u00fchrt hat &#8230; er, der Pfingstler bekundet, dass er als ehemaliger Katholik, das mit Maria nicht in der Bibel findet (<em>ich verstand es als ein Beispiel, einen Grund<\/em>) &#8230; sich abzuwenden.<\/p>\n\n\n\n<p>Doch, so fragte ich mich: kennt er \u00fcberhaupt die Bibel?<\/p>\n\n\n\n<p>&#8230; oder welche Bibel meint er eigentlich?<\/p>\n\n\n\n<p>Zudem, steht nicht geschrieben &#8230; hei\u00dft es nicht auch (vgl. <a href=\"https:\/\/vulgata.info\/index.php?title=Kategorie%3AVulgata%3ANT%3AJoh21&amp;fbclid=IwAR10X5ca0TxtDPuZNaqG6iMymjKpyff6IjhOlyZkYqnQnOCDAXtpfeakj1Y\">Joh.21,25<\/a>) : \u201e<em>Es gibt noch vieles andere, was Jesus tat; wollte man dieses einzeln niederschreiben, so, glaube ich, w\u00fcrde selbst die Welt die B\u00fccher nicht fassen, die zu schreiben w\u00e4ren<\/em>.\u201c ???<\/p>\n\n\n\n<p>&#8230;<\/p>\n\n\n<div class=\"wp-block-image\">\n<figure class=\"alignleft size-large is-resized\"><a href=\"https:\/\/fjm-ritter.de\/Aktuell\/wp-content\/uploads\/2024\/03\/IMG_20240308_160242_676.webp\"><img loading=\"lazy\" decoding=\"async\" width=\"1024\" height=\"1024\" src=\"https:\/\/fjm-ritter.de\/Aktuell\/wp-content\/uploads\/2024\/03\/IMG_20240308_160242_676-1024x1024.webp\" alt=\"\" class=\"wp-image-6973\" style=\"width:228px;height:auto\" srcset=\"https:\/\/fjm-ritter.de\/Aktuell\/wp-content\/uploads\/2024\/03\/IMG_20240308_160242_676-1024x1024.webp 1024w, https:\/\/fjm-ritter.de\/Aktuell\/wp-content\/uploads\/2024\/03\/IMG_20240308_160242_676-300x300.webp 300w, https:\/\/fjm-ritter.de\/Aktuell\/wp-content\/uploads\/2024\/03\/IMG_20240308_160242_676-150x150.webp 150w, https:\/\/fjm-ritter.de\/Aktuell\/wp-content\/uploads\/2024\/03\/IMG_20240308_160242_676-768x768.webp 768w, https:\/\/fjm-ritter.de\/Aktuell\/wp-content\/uploads\/2024\/03\/IMG_20240308_160242_676.webp 1438w\" sizes=\"auto, (max-width: 1024px) 100vw, 1024px\" \/><\/a><\/figure>\n<\/div>\n\n\n<p>&#8230; also, da\u00df er nicht annehmen kann, wenn ich bezeuge: da\u00df Jesus Christus mich unterwiesen hat und dass ich das schon in der Lehre Jesu \/ Seiner Kirche wiederfinde &#8230;<\/p>\n\n\n\n<p>Ich hab da kein Problem mit ihm, er aber leider mit mir.<\/p>\n\n\n\n<p>Und er ist nicht der einzige, wo ich feststellen muss: das ist ein anderer Geist.<\/p>\n\n\n\n<p>[wie mir mal ein Geistlicher vorwarf, dass ich einen anderen Geist &#8211; als er &#8211; habe.]<\/p>\n\n\n\n<p>Doch welchem Geist haben sie sich ausgeliefert?<\/p>\n\n\n\n<p>Ist Gottes Geist widerspr\u00fcchlich? Bei dem so \u2013 bei uns ganz anders \u2013 usw.?<\/p>\n\n\n\n<p>Woran erkenne ich den Geist Gottes; woran den Geist der Finsternis? \u2026 ich habe da eine Hilfe bekommen \u2026 vgl. hier: <a href=\"http:\/\/ecclesiaeveritas.net\/index.php?title=Information&amp;fbclid=IwAR3Us5Jb2xVinx9lBXsw2_EhOOVrJBAikC1pXg8rS0uCHPEUtUWQliWVjgI\" rel=\"noreferrer noopener\" target=\"_blank\">http:\/\/ecclesiaeveritas.net\/index.php?title=Information<\/a> \u2026<\/p>\n","protected":false},"excerpt":{"rendered":"<p>Ein Freikirchler sagte mir vor kurzem, zum Thema Kirche, dass dieses und jenes gar nicht in der Bibel stehen w\u00fcrde &#8230; nun, ich versuchte auf zwei Dinge hinzuweisen: was Jesus Christus mich lehrte und wie wichtig es ist auf Seine &hellip; <a href=\"https:\/\/fjm-ritter.de\/Aktuell\/?p=6969\">Weiterlesen <span class=\"meta-nav\">&rarr;<\/span><\/a><\/p>\n","protected":false},"author":11,"featured_media":0,"comment_status":"open","ping_status":"closed","sticky":false,"template":"","format":"standard","meta":{"footnotes":""},"categories":[1],"tags":[],"class_list":["post-6969","post","type-post","status-publish","format-standard","hentry","category-allgemein"],"_links":{"self":[{"href":"https:\/\/fjm-ritter.de\/Aktuell\/index.php?rest_route=\/wp\/v2\/posts\/6969","targetHints":{"allow":["GET"]}}],"collection":[{"href":"https:\/\/fjm-ritter.de\/Aktuell\/index.php?rest_route=\/wp\/v2\/posts"}],"about":[{"href":"https:\/\/fjm-ritter.de\/Aktuell\/index.php?rest_route=\/wp\/v2\/types\/post"}],"author":[{"embeddable":true,"href":"https:\/\/fjm-ritter.de\/Aktuell\/index.php?rest_route=\/wp\/v2\/users\/11"}],"replies":[{"embeddable":true,"href":"https:\/\/fjm-ritter.de\/Aktuell\/index.php?rest_route=%2Fwp%2Fv2%2Fcomments&post=6969"}],"version-history":[{"count":6,"href":"https:\/\/fjm-ritter.de\/Aktuell\/index.php?rest_route=\/wp\/v2\/posts\/6969\/revisions"}],"predecessor-version":[{"id":6979,"href":"https:\/\/fjm-ritter.de\/Aktuell\/index.php?rest_route=\/wp\/v2\/posts\/6969\/revisions\/6979"}],"wp:attachment":[{"href":"https:\/\/fjm-ritter.de\/Aktuell\/index.php?rest_route=%2Fwp%2Fv2%2Fmedia&parent=6969"}],"wp:term":[{"taxonomy":"category","embeddable":true,"href":"https:\/\/fjm-ritter.de\/Aktuell\/index.php?rest_route=%2Fwp%2Fv2%2Fcategories&post=6969"},{"taxonomy":"post_tag","embeddable":true,"href":"https:\/\/fjm-ritter.de\/Aktuell\/index.php?rest_route=%2Fwp%2Fv2%2Ftags&post=6969"}],"curies":[{"name":"wp","href":"https:\/\/api.w.org\/{rel}","templated":true}]}}