{"id":72,"date":"2007-05-13T10:04:48","date_gmt":"2007-05-13T10:04:48","guid":{"rendered":"http:\/\/fjm-ritter.de\/Aktuell\/?p=72"},"modified":"2011-03-13T10:06:44","modified_gmt":"2011-03-13T10:06:44","slug":"der-umgang-mit-glaubigen","status":"publish","type":"post","link":"https:\/\/fjm-ritter.de\/Aktuell\/?p=72","title":{"rendered":"Der Umgang mit Gl\u00e4ubigen"},"content":{"rendered":"<p><strong><\/p>\n<p dir=\"ltr\">Der Umgang mit Gl\u00e4ubigen, die leben was der Papst, das offizielle       Lehramt uns lehrt &#8230;<\/p>\n<p><\/strong><\/p>\n<p dir=\"ltr\">(<span style=\"color: #ff0000; font-size: xx-small;\">Kommentar\/jm<\/span>) Es ist schon       bemerkenswert wie man mit uns, besonders mit &#8222;<em>M\u00f6chte-gerne-Ordensgr\u00fcndern<\/em>&#8222;*<sup>1<\/sup> und den Gl\u00e4ubigen,\u00a0 auch von Seiten der Hirten (-vertreter) umgeht.       Wie schon aufgezeigt, suggeriert, ja testiert man \u00fcber uns, gegen\u00fcber       Dritten den Ungehorsam, ohne jedoch aufzuzeigen wo dieser denn steckt,       dieser Ungehorsam.<br \/>\nMan l\u00e4sst uns im Dunkeln, da wir ihn ja nicht sehen, da wir ja leben was       nicht verboten und nicht tun was verboten, nach Kirchenrecht! Man schl\u00e4gt       nur gerne und spielt gerne mit den Seelen: Katz und Maus!<br \/>\nMan schreibt an deutschsprachige Di\u00f6zesen, Orden und Gemeinschaften etc.       dass wir nicht r\u00f6m. kath. nach der Ordnung der Kirche sind. Nur belegen       kann dieser das nicht, man spricht ja auch nicht mit uns, sondern nur       gegen und \u00fcber uns mit anderen.<\/p>\n<p dir=\"ltr\">Ein anderer unterstellt, dass unsere Fr\u00f6mmigkeit, also das Leben was       der Papst, das Lehramt uns lehrt, ungesund und sogar unchristlich sei.<br \/>\nWir haben zur\u00fcckgefragt: &#8222;<strong><em>Ist der Papst denn noch Katholisch?<\/em><\/strong>&#8222;.       Darauf antwortete dieser, dass wir ihn selber das fragen sollen. Nur, und       auch das haben wir dem        <em> <strong>Sektenbeauftragten<\/strong><\/em> klar gesagt: &#8218;Das       brauchen wir nicht, denn wir wissen es ja, dass der Papst katholisch ist.&#8216;<br \/>\nAber was wir verkehrt machen, da wir leben was der Papst sagt, das mag er       uns nicht schreiben. Er will reden! Die erste M\u00f6glichkeit liess er schon       mal selbst ungenutzt! Klar, er m\u00fcsste dann ja antworten auf die falschen       Anschuldigungen geben &#8230;<\/p>\n<p dir=\"ltr\">Von anderen Gemeinschaften, die sich gegr\u00fcndet haben, wei\u00df ich       derweil auch, dass diese ebenfalls \u00e4hnliche Anfangsschwierigkeiten hatten.<br \/>\nVielleicht ist es ja von einigen die &#8218;<strong><em>Art &amp; Weise<\/em><\/strong>&#8218; wie       man, wie schon damals, zur Zeit Jesu und der Zeit der Apostel, bis       einschlie\u00dflich heute mit den Gl\u00e4ubigen, mit der eigenen Herde umgeht,       wenn man noch tut was das Oberhaupt der Kirche sagt und uns lehrt. Das       passt halt gar nicht mehr so ins deutsch-katholische Bild hinein. Sie       wollen gerne Traumf\u00e4nger, Mandalas, Buddhas und manch anderes an       Esoterischen und Okkulten, haben &#8230;<br \/>\nUnd sicher aus diesen Beweggr\u00fcnden w\u00fcnscht man sich, dass die        <strong>FJM<\/strong> das Bistum verlassen m\u00f6ge, da wir das nicht mitmachen wollen &#8230; was wird       Rom dazu sagen? Wird es gepr\u00fcft werden? Werden wir abgelehnt, ja sogar       verboten? Oder bekommen wir den Segen &#8230;<br \/>\nMehr dazu in unserem        <a href=\"http:\/\/www.br-thomas-apostolat.de\/Forum\/cgibin\/forum\/YaBB.cgi?virboard=Ankuendigung;num=1154776567\" target=\"_blank\">Internetradio<\/a><\/p>\n<p dir=\"ltr\"><em> <strong>&#8230;und beten wir f\u00fcr die Armen Seelen, die sich im Fegfeuer       qu\u00e4len, weil die Liebe nicht gelebt, sondern das Herz Jesu schwer       betr\u00fcbt.<br \/>\nDoch dankbar sind sie allemal, blieben sie doch noch verschont, von der       H\u00f6llenqual, die jeder muss erleben &#8211; die nicht tun was GOTT sagt, und wie       die Kirche schreibt zu leben.<\/strong><\/em><\/p>\n<p dir=\"ltr\">*<sup>1<\/sup> =        <span style=\"font-size: xx-small;\">So schreibt ein Sektenbeauftragter! Wie       h\u00e4tte er Franziskus, Don Bosco oder Ignatius Peter L\u00f6tschert und all die       anderen Ordens- und Gemeinschaftsgr\u00fcnder genannt, zur Zeit der Gr\u00fcndung?<\/span><\/p>\n","protected":false},"excerpt":{"rendered":"<p>Der Umgang mit Gl\u00e4ubigen, die leben was der Papst, das offizielle Lehramt uns lehrt &#8230; (Kommentar\/jm) Es ist schon bemerkenswert wie man mit uns, besonders mit &#8222;M\u00f6chte-gerne-Ordensgr\u00fcndern&#8222;*1 und den Gl\u00e4ubigen,\u00a0 auch von Seiten der Hirten (-vertreter) umgeht. Wie schon aufgezeigt, &hellip; <a href=\"https:\/\/fjm-ritter.de\/Aktuell\/?p=72\">Weiterlesen <span class=\"meta-nav\">&rarr;<\/span><\/a><\/p>\n","protected":false},"author":9,"featured_media":0,"comment_status":"open","ping_status":"closed","sticky":false,"template":"","format":"standard","meta":{"footnotes":""},"categories":[1],"tags":[13,26,17,12,14,11,10,6,27],"class_list":["post-72","post","type-post","status-publish","format-standard","hentry","category-allgemein","tag-aufruf","tag-gebetsanliegen","tag-irrwege","tag-kritik","tag-missbrauch","tag-priester","tag-theologen","tag-treffen","tag-zeugnis"],"_links":{"self":[{"href":"https:\/\/fjm-ritter.de\/Aktuell\/index.php?rest_route=\/wp\/v2\/posts\/72","targetHints":{"allow":["GET"]}}],"collection":[{"href":"https:\/\/fjm-ritter.de\/Aktuell\/index.php?rest_route=\/wp\/v2\/posts"}],"about":[{"href":"https:\/\/fjm-ritter.de\/Aktuell\/index.php?rest_route=\/wp\/v2\/types\/post"}],"author":[{"embeddable":true,"href":"https:\/\/fjm-ritter.de\/Aktuell\/index.php?rest_route=\/wp\/v2\/users\/9"}],"replies":[{"embeddable":true,"href":"https:\/\/fjm-ritter.de\/Aktuell\/index.php?rest_route=%2Fwp%2Fv2%2Fcomments&post=72"}],"version-history":[{"count":1,"href":"https:\/\/fjm-ritter.de\/Aktuell\/index.php?rest_route=\/wp\/v2\/posts\/72\/revisions"}],"predecessor-version":[{"id":73,"href":"https:\/\/fjm-ritter.de\/Aktuell\/index.php?rest_route=\/wp\/v2\/posts\/72\/revisions\/73"}],"wp:attachment":[{"href":"https:\/\/fjm-ritter.de\/Aktuell\/index.php?rest_route=%2Fwp%2Fv2%2Fmedia&parent=72"}],"wp:term":[{"taxonomy":"category","embeddable":true,"href":"https:\/\/fjm-ritter.de\/Aktuell\/index.php?rest_route=%2Fwp%2Fv2%2Fcategories&post=72"},{"taxonomy":"post_tag","embeddable":true,"href":"https:\/\/fjm-ritter.de\/Aktuell\/index.php?rest_route=%2Fwp%2Fv2%2Ftags&post=72"}],"curies":[{"name":"wp","href":"https:\/\/api.w.org\/{rel}","templated":true}]}}