{"id":796,"date":"2012-10-12T18:46:14","date_gmt":"2012-10-12T18:46:14","guid":{"rendered":"http:\/\/fjm-ritter.de\/Aktuell\/?p=796"},"modified":"2012-10-12T18:46:14","modified_gmt":"2012-10-12T18:46:14","slug":"fjm-rosenkranz-gebetskette","status":"publish","type":"post","link":"https:\/\/fjm-ritter.de\/Aktuell\/?p=796","title":{"rendered":"FJM-Rosenkranz-Gebetskette"},"content":{"rendered":"<p><a href=\"https:\/\/fjm-ritter.de\/Aktuell\/wp-content\/uploads\/2012\/10\/471072_405782306156143_727157917_o.jpg\"><img loading=\"lazy\" decoding=\"async\" class=\"alignnone  wp-image-797\" title=\"471072_405782306156143_727157917_o\" src=\"https:\/\/fjm-ritter.de\/Aktuell\/wp-content\/uploads\/2012\/10\/471072_405782306156143_727157917_o-1024x896.jpg\" alt=\"\" width=\"630\" height=\"553\" srcset=\"https:\/\/fjm-ritter.de\/Aktuell\/wp-content\/uploads\/2012\/10\/471072_405782306156143_727157917_o-300x262.jpg 300w, https:\/\/fjm-ritter.de\/Aktuell\/wp-content\/uploads\/2012\/10\/471072_405782306156143_727157917_o-342x300.jpg 342w\" sizes=\"auto, (max-width: 630px) 100vw, 630px\" \/><\/a><\/p>\n<p>Wir laden ein, zur FJM-Rosenkranz-Gebetskette. Gemeinsam ein (zugelostes) Ges\u00e4tz beten, in den uns anvertrauten &#8211; und somit auch in Deinen Anliegen &#8211; besonderes der Anliegen des Heiligsten Herzen Jesu und Mariens.<br \/>\nViele Gebetserh\u00f6rungen zeugen davon, das es Gott gef\u00e4llt was Seine Kinder da tun.<br \/>\nZusammen treffen wir uns, den letzten Sonntag um 16 Uhr, per Radio in Deiner Stube. &#8230;<\/p>\n<p><a href=\"https:\/\/www.facebook.com\/groups\/111896742168475\/?ref=ts&amp;fref=ts\" target=\"_blank\">Im Facebook gibts da eine eigene Seite<\/a>!<\/p>\n<p style=\"text-align: center;\"><!--more--><\/p>\n<div id=\"id_5078654613b6f8436642372\">Seit 31. Januar 2010 haben wir unsere Rosenkranz-Gebetskette erweitert\/ver\u00e4ndert neu installiert. Wir beten in den Anlie<\/p>\n<div>gen der Heiligen Herzen Jesu und Mariens&#8230;<br \/>\nBegonnen haben wir mit 88 Teilnehmern, derzeit sind wir 250 in Deutschland, \u00d6sterreich, Schweiz, Luxemburg, Nigeria und Niederlande. Zuz\u00fcgl. weitere hier \u00fcber Facebook.<br \/>\nJeder darf mitmachen, einfach eintragen lassen. Wer ein Ges\u00e4tzle bestellt (sich zulosen l\u00e4sst) wird namentlich zum Geburts- &amp; Namenstag mit seinen Anliegen in den Heiligen Messen benannt. Dazu ben\u00f6tigen wir (per Mail\/IM\/PN) vollst\u00e4ndigen Namen, Geburtstag, Namenspatron und Ort. Wir senden dann unverz\u00fcglich ein Ges\u00e4tz zu. Segen +++<\/div>\n<\/div>\n<div><\/div>\n<div>N\u00e4heres hier auf Anfrage.<\/div>\n","protected":false},"excerpt":{"rendered":"<p>Wir laden ein, zur FJM-Rosenkranz-Gebetskette. Gemeinsam ein (zugelostes) Ges\u00e4tz beten, in den uns anvertrauten &#8211; und somit auch in Deinen Anliegen &#8211; besonderes der Anliegen des Heiligsten Herzen Jesu und Mariens. Viele Gebetserh\u00f6rungen zeugen davon, das es Gott gef\u00e4llt was &hellip; <a href=\"https:\/\/fjm-ritter.de\/Aktuell\/?p=796\">Weiterlesen <span class=\"meta-nav\">&rarr;<\/span><\/a><\/p>\n","protected":false},"author":9,"featured_media":0,"comment_status":"open","ping_status":"closed","sticky":false,"template":"","format":"standard","meta":{"footnotes":""},"categories":[1],"tags":[],"class_list":["post-796","post","type-post","status-publish","format-standard","hentry","category-allgemein"],"_links":{"self":[{"href":"https:\/\/fjm-ritter.de\/Aktuell\/index.php?rest_route=\/wp\/v2\/posts\/796","targetHints":{"allow":["GET"]}}],"collection":[{"href":"https:\/\/fjm-ritter.de\/Aktuell\/index.php?rest_route=\/wp\/v2\/posts"}],"about":[{"href":"https:\/\/fjm-ritter.de\/Aktuell\/index.php?rest_route=\/wp\/v2\/types\/post"}],"author":[{"embeddable":true,"href":"https:\/\/fjm-ritter.de\/Aktuell\/index.php?rest_route=\/wp\/v2\/users\/9"}],"replies":[{"embeddable":true,"href":"https:\/\/fjm-ritter.de\/Aktuell\/index.php?rest_route=%2Fwp%2Fv2%2Fcomments&post=796"}],"version-history":[{"count":1,"href":"https:\/\/fjm-ritter.de\/Aktuell\/index.php?rest_route=\/wp\/v2\/posts\/796\/revisions"}],"predecessor-version":[{"id":798,"href":"https:\/\/fjm-ritter.de\/Aktuell\/index.php?rest_route=\/wp\/v2\/posts\/796\/revisions\/798"}],"wp:attachment":[{"href":"https:\/\/fjm-ritter.de\/Aktuell\/index.php?rest_route=%2Fwp%2Fv2%2Fmedia&parent=796"}],"wp:term":[{"taxonomy":"category","embeddable":true,"href":"https:\/\/fjm-ritter.de\/Aktuell\/index.php?rest_route=%2Fwp%2Fv2%2Fcategories&post=796"},{"taxonomy":"post_tag","embeddable":true,"href":"https:\/\/fjm-ritter.de\/Aktuell\/index.php?rest_route=%2Fwp%2Fv2%2Ftags&post=796"}],"curies":[{"name":"wp","href":"https:\/\/api.w.org\/{rel}","templated":true}]}}