{"id":8007,"date":"2025-04-12T07:07:37","date_gmt":"2025-04-12T05:07:37","guid":{"rendered":"https:\/\/fjm-ritter.de\/Aktuell\/?p=8007"},"modified":"2025-04-12T16:13:37","modified_gmt":"2025-04-12T14:13:37","slug":"kennst-du-das-auch","status":"publish","type":"post","link":"https:\/\/fjm-ritter.de\/Aktuell\/?p=8007","title":{"rendered":"Kennst Du das auch?"},"content":{"rendered":"\n<figure class=\"wp-block-image size-large\"><a href=\"https:\/\/fjm-ritter.de\/Aktuell\/wp-content\/uploads\/2025\/04\/Jesus-begleitet-uns.jpg\"><img loading=\"lazy\" decoding=\"async\" width=\"1024\" height=\"547\" src=\"https:\/\/fjm-ritter.de\/Aktuell\/wp-content\/uploads\/2025\/04\/Jesus-begleitet-uns-1024x547.jpg\" alt=\"\" class=\"wp-image-8004\" srcset=\"https:\/\/fjm-ritter.de\/Aktuell\/wp-content\/uploads\/2025\/04\/Jesus-begleitet-uns-1024x547.jpg 1024w, https:\/\/fjm-ritter.de\/Aktuell\/wp-content\/uploads\/2025\/04\/Jesus-begleitet-uns-300x160.jpg 300w, https:\/\/fjm-ritter.de\/Aktuell\/wp-content\/uploads\/2025\/04\/Jesus-begleitet-uns-768x410.jpg 768w, https:\/\/fjm-ritter.de\/Aktuell\/wp-content\/uploads\/2025\/04\/Jesus-begleitet-uns-500x267.jpg 500w, https:\/\/fjm-ritter.de\/Aktuell\/wp-content\/uploads\/2025\/04\/Jesus-begleitet-uns.jpg 1438w\" sizes=\"auto, (max-width: 1024px) 100vw, 1024px\" \/><\/a><\/figure>\n\n\n\n<p>Wenn die Decke auf den Kopf zu fallen droht; wenn Probleme Dir vorgaukeln, wie gro\u00df sie doch sind und niemand Dir da heraus helfen kann &#8230;<\/p>\n\n\n\n<p>Ein Ruf reicht: &#8222;Jesus, Maria und Josef, \u00fcbernehmet bitte. Zeigt ihr, da\u00df Gott gr\u00f6\u00dfer ist als alle Probleme dieser Welt.&#8220;<\/p>\n\n\n\n<p>Gott nimmt uns an die Hand!<\/p>\n\n\n\n<p>ALLEN zusammen ein gesegnetes Wochenende &#8230;<\/p>\n","protected":false},"excerpt":{"rendered":"<p>Wenn die Decke auf den Kopf zu fallen droht; wenn Probleme Dir vorgaukeln, wie gro\u00df sie doch sind und niemand Dir da heraus helfen kann &#8230; Ein Ruf reicht: &#8222;Jesus, Maria und Josef, \u00fcbernehmet bitte. Zeigt ihr, da\u00df Gott gr\u00f6\u00dfer &hellip; <a href=\"https:\/\/fjm-ritter.de\/Aktuell\/?p=8007\">Weiterlesen <span class=\"meta-nav\">&rarr;<\/span><\/a><\/p>\n","protected":false},"author":11,"featured_media":0,"comment_status":"open","ping_status":"closed","sticky":false,"template":"","format":"standard","meta":{"footnotes":""},"categories":[1],"tags":[],"class_list":["post-8007","post","type-post","status-publish","format-standard","hentry","category-allgemein"],"_links":{"self":[{"href":"https:\/\/fjm-ritter.de\/Aktuell\/index.php?rest_route=\/wp\/v2\/posts\/8007","targetHints":{"allow":["GET"]}}],"collection":[{"href":"https:\/\/fjm-ritter.de\/Aktuell\/index.php?rest_route=\/wp\/v2\/posts"}],"about":[{"href":"https:\/\/fjm-ritter.de\/Aktuell\/index.php?rest_route=\/wp\/v2\/types\/post"}],"author":[{"embeddable":true,"href":"https:\/\/fjm-ritter.de\/Aktuell\/index.php?rest_route=\/wp\/v2\/users\/11"}],"replies":[{"embeddable":true,"href":"https:\/\/fjm-ritter.de\/Aktuell\/index.php?rest_route=%2Fwp%2Fv2%2Fcomments&post=8007"}],"version-history":[{"count":2,"href":"https:\/\/fjm-ritter.de\/Aktuell\/index.php?rest_route=\/wp\/v2\/posts\/8007\/revisions"}],"predecessor-version":[{"id":8017,"href":"https:\/\/fjm-ritter.de\/Aktuell\/index.php?rest_route=\/wp\/v2\/posts\/8007\/revisions\/8017"}],"wp:attachment":[{"href":"https:\/\/fjm-ritter.de\/Aktuell\/index.php?rest_route=%2Fwp%2Fv2%2Fmedia&parent=8007"}],"wp:term":[{"taxonomy":"category","embeddable":true,"href":"https:\/\/fjm-ritter.de\/Aktuell\/index.php?rest_route=%2Fwp%2Fv2%2Fcategories&post=8007"},{"taxonomy":"post_tag","embeddable":true,"href":"https:\/\/fjm-ritter.de\/Aktuell\/index.php?rest_route=%2Fwp%2Fv2%2Ftags&post=8007"}],"curies":[{"name":"wp","href":"https:\/\/api.w.org\/{rel}","templated":true}]}}