{"id":8461,"date":"2025-08-02T16:00:00","date_gmt":"2025-08-02T14:00:00","guid":{"rendered":"https:\/\/fjm-ritter.de\/Aktuell\/?p=8461"},"modified":"2025-08-05T10:58:36","modified_gmt":"2025-08-05T08:58:36","slug":"veraenderungen-unserer-zeit","status":"publish","type":"post","link":"https:\/\/fjm-ritter.de\/Aktuell\/?p=8461","title":{"rendered":"Ver\u00e4nderungen unserer Zeit"},"content":{"rendered":"\n<figure class=\"wp-block-image size-full\"><a href=\"https:\/\/fjm-ritter.de\/Aktuell\/wp-content\/uploads\/2025\/08\/cropped-IMG-20250729-WA0020.jpg\"><img loading=\"lazy\" decoding=\"async\" width=\"1000\" height=\"332\" src=\"https:\/\/fjm-ritter.de\/Aktuell\/wp-content\/uploads\/2025\/08\/cropped-IMG-20250729-WA0020.jpg\" alt=\"\" class=\"wp-image-8465\" srcset=\"https:\/\/fjm-ritter.de\/Aktuell\/wp-content\/uploads\/2025\/08\/cropped-IMG-20250729-WA0020.jpg 1000w, https:\/\/fjm-ritter.de\/Aktuell\/wp-content\/uploads\/2025\/08\/cropped-IMG-20250729-WA0020-300x100.jpg 300w, https:\/\/fjm-ritter.de\/Aktuell\/wp-content\/uploads\/2025\/08\/cropped-IMG-20250729-WA0020-768x255.jpg 768w, https:\/\/fjm-ritter.de\/Aktuell\/wp-content\/uploads\/2025\/08\/cropped-IMG-20250729-WA0020-500x166.jpg 500w\" sizes=\"auto, (max-width: 1000px) 100vw, 1000px\" \/><\/a><\/figure>\n\n\n\n<p>\u201e<em>Nichts bleibt, wie es war, auch ich selbst nicht. Nichts von dem, was ich wei\u00df und will und zu haben meine.<br>Ist also die Verg\u00e4nglichkeit das einzige, was dauert?<\/em><\/p>\n\n\n\n<p><em>Der Wahrheit, meiner eigenen Wahrheit, komme ich n\u00e4her, wenn ich anders frage:<\/em><\/p>\n\n\n\n<p><em>Ein Mensch, den Gott angeschaut, angesprochen, den er geliebt hat, kann ein solcher Mensch jemals vergehen, als w\u00e4re nichts geschehen, als w\u00e4re nicht der lebendige Gott ihm begegnet?<\/em>\u201c<\/p>\n\n\n\n<p>So die Einf\u00fchrung in diesen <a href=\"https:\/\/vulgata.info\/index.php?title=Kategorie:Lektionar:Jahreskreis:18.Woche:Sonntag\" target=\"_blank\" rel=\"noreferrer noopener\">18. Sonntag\u2019C<\/a> \u2026<\/p>\n\n\n\n<p><strong>Wer stellt sich diese Frage\/n?<\/strong><\/p>\n\n\n\n<p>Ein Mensch, der noch nie eine Gotteserfahrung gemacht hat; der nur zweifelt und Gott nicht an sich heranl\u00e4sst; &#8211; geschweige, dass er\/sie <strong>IHN<\/strong> mit ganzen Herzen begegnen will; vor dem Tabernakel \u2013 in den Sakramenten?<\/p>\n\n\n\n<p><strong>Oder nicht doch<\/strong> eher der\/die, welche Gott angesprochen \/ ber\u00fchrt hat; in der Tiefe seiner\/ihrer Seele?<\/p>\n\n\n\n<p><strong>Nein<\/strong>! Zeiten \u00e4ndern sich \u2013 <a href=\"https:\/\/vulgata.info\/index.php?title=Kategorie:Lektionar:AT:Koh1,2;2,21-23\" target=\"_blank\" rel=\"noreferrer noopener\">Windhauch<\/a> ist dann alles, was gegen einen geworfen wird.<\/p>\n\n\n\n<p><strong>JA<\/strong>! Es kostet Kraft (<em>ohne Frage<\/em>), wenn etwas Schlimmes kommt, zu vertrauen; &#8211; auf dem Weg zu bleiben; &#8211; festzuhalten am Versprechen \/ Gel\u00f6bnis, das man IHM gegen\u00fcber gegeben hat.<\/p>\n\n\n\n<p>Doch wenn das Eingreifen \/ die Hilfen nicht mehr als Zufall gesehen werden k\u00f6nnen; st\u00e4rkt es einem doch. Und so ver\u00e4ndert sich alles \u2013 mit der Zeit \u2026 der Zeit des Vertrauens im Glauben.<\/p>\n\n\n<div class=\"wp-block-image\">\n<figure class=\"alignright size-large is-resized\"><a href=\"https:\/\/fjm-ritter.de\/Aktuell\/wp-content\/uploads\/2025\/08\/IMG-20250731-WA001111.jpg\"><img loading=\"lazy\" decoding=\"async\" width=\"742\" height=\"1024\" src=\"https:\/\/fjm-ritter.de\/Aktuell\/wp-content\/uploads\/2025\/08\/IMG-20250731-WA001111-742x1024.jpg\" alt=\"\" class=\"wp-image-8462\" style=\"width:232px;height:auto\" srcset=\"https:\/\/fjm-ritter.de\/Aktuell\/wp-content\/uploads\/2025\/08\/IMG-20250731-WA001111-742x1024.jpg 742w, https:\/\/fjm-ritter.de\/Aktuell\/wp-content\/uploads\/2025\/08\/IMG-20250731-WA001111-217x300.jpg 217w, https:\/\/fjm-ritter.de\/Aktuell\/wp-content\/uploads\/2025\/08\/IMG-20250731-WA001111-768x1059.jpg 768w, https:\/\/fjm-ritter.de\/Aktuell\/wp-content\/uploads\/2025\/08\/IMG-20250731-WA001111-1113x1536.jpg 1113w, https:\/\/fjm-ritter.de\/Aktuell\/wp-content\/uploads\/2025\/08\/IMG-20250731-WA001111.jpg 1154w\" sizes=\"auto, (max-width: 742px) 100vw, 742px\" \/><\/a><\/figure>\n<\/div>\n\n\n<p>\u2026<\/p>\n\n\n\n<p><strong>Nein<\/strong>, nichts f\u00fcr mich (<strong><em>allein<\/em><\/strong>); sondern f\u00fcr die, welche im Gebet verbunden bleiben; in Seiner Kirche. Auch dann, wenn man sich abgewendet hat und DU trotzdem festgehalten hast.<\/p>\n\n\n\n<p>Denken wir einmal dar\u00fcber: Was, wenn ich <strong>NEIN<\/strong> gesagt h\u00e4tte; stattdessen habe ich am 4. August 1998 \u201e<strong>JA<\/strong>\u201c gesagt \u2013 f\u00fcr ein Jahr!<br>Daraus wurden nun <strong><em>27 Jahre<\/em><\/strong> \u2026 und, soll ich jetzt aufgeben, wo sich so vieles ver\u00e4ndert hat \u2013 in dieser Zeit?<\/p>\n\n\n\n<p><\/p>\n","protected":false},"excerpt":{"rendered":"<p>\u201eNichts bleibt, wie es war, auch ich selbst nicht. Nichts von dem, was ich wei\u00df und will und zu haben meine.Ist also die Verg\u00e4nglichkeit das einzige, was dauert? Der Wahrheit, meiner eigenen Wahrheit, komme ich n\u00e4her, wenn ich anders frage: &hellip; <a href=\"https:\/\/fjm-ritter.de\/Aktuell\/?p=8461\">Weiterlesen <span class=\"meta-nav\">&rarr;<\/span><\/a><\/p>\n","protected":false},"author":11,"featured_media":0,"comment_status":"open","ping_status":"closed","sticky":false,"template":"","format":"standard","meta":{"footnotes":""},"categories":[1],"tags":[],"class_list":["post-8461","post","type-post","status-publish","format-standard","hentry","category-allgemein"],"_links":{"self":[{"href":"https:\/\/fjm-ritter.de\/Aktuell\/index.php?rest_route=\/wp\/v2\/posts\/8461","targetHints":{"allow":["GET"]}}],"collection":[{"href":"https:\/\/fjm-ritter.de\/Aktuell\/index.php?rest_route=\/wp\/v2\/posts"}],"about":[{"href":"https:\/\/fjm-ritter.de\/Aktuell\/index.php?rest_route=\/wp\/v2\/types\/post"}],"author":[{"embeddable":true,"href":"https:\/\/fjm-ritter.de\/Aktuell\/index.php?rest_route=\/wp\/v2\/users\/11"}],"replies":[{"embeddable":true,"href":"https:\/\/fjm-ritter.de\/Aktuell\/index.php?rest_route=%2Fwp%2Fv2%2Fcomments&post=8461"}],"version-history":[{"count":2,"href":"https:\/\/fjm-ritter.de\/Aktuell\/index.php?rest_route=\/wp\/v2\/posts\/8461\/revisions"}],"predecessor-version":[{"id":8468,"href":"https:\/\/fjm-ritter.de\/Aktuell\/index.php?rest_route=\/wp\/v2\/posts\/8461\/revisions\/8468"}],"wp:attachment":[{"href":"https:\/\/fjm-ritter.de\/Aktuell\/index.php?rest_route=%2Fwp%2Fv2%2Fmedia&parent=8461"}],"wp:term":[{"taxonomy":"category","embeddable":true,"href":"https:\/\/fjm-ritter.de\/Aktuell\/index.php?rest_route=%2Fwp%2Fv2%2Fcategories&post=8461"},{"taxonomy":"post_tag","embeddable":true,"href":"https:\/\/fjm-ritter.de\/Aktuell\/index.php?rest_route=%2Fwp%2Fv2%2Ftags&post=8461"}],"curies":[{"name":"wp","href":"https:\/\/api.w.org\/{rel}","templated":true}]}}