{"id":8478,"date":"2025-08-09T16:00:00","date_gmt":"2025-08-09T14:00:00","guid":{"rendered":"https:\/\/fjm-ritter.de\/Aktuell\/?p=8478"},"modified":"2025-08-09T10:34:49","modified_gmt":"2025-08-09T08:34:49","slug":"zeiten-erkennen","status":"publish","type":"post","link":"https:\/\/fjm-ritter.de\/Aktuell\/?p=8478","title":{"rendered":"Zeiten erkennen"},"content":{"rendered":"\n<p>\u201e<em>Wach sein hei\u00dft wissen, was geschieht, und bereit sein f\u00fcr das, was kommt; in Treue der Gegenwart dienen, im Glauben die Zukunft wagen.<br>Wenn die Herde schl\u00e4ft, muss der Hirt wachen, um die Gefahr abzuwehren, aber auch um die Zeichen der Hoffnung zu sehen, um Wege in die Zukunft zu suchen.<\/em>\u201c<br><br>Soweit die Einf\u00fchrung in diesen <a href=\"https:\/\/vulgata.info\/index.php?title=Kategorie:Lektionar:Jahreskreis:19.Woche:Sonntag\" target=\"_blank\" rel=\"noreferrer noopener\">19. Sonntag\u2019C<\/a><\/p>\n\n\n\n<p>W\u00e4hrend ich in den letzten <strong>25 Jahren<\/strong> im deutschen Sprachraum unterwegs war, habe ich wachsame Hirten kennengelernt. Und diese waren dankbar, f\u00fcr das Wort der Wahrheit, dass ich in ihren Reihen bringen durfte.<br>Sie erkannten, dass es Gottes Wort war: Trost \u2013 Hilfe und St\u00e4rkung brachte; f\u00fcr sich und die anvertraute Herde.<\/p>\n\n\n\n<p>Aber es gab\/gibt auch andere! Ich habe erfahren m\u00fcssen, wie s.g. Hirten alles dran setzten, um die Herde nicht nur zu verwirren, sondern auseinander zu treiben.<br>Dabei haben sie nur scheinbar Gottes Wort benutzt \u2013 sich argumentativ drauf gest\u00fctzt \u2013 doch, bei genauerem Hinschauen \/ Hinh\u00f6ren \u2026 war es leicht zu unterscheiden, dass da alles andere wirkt als Gottes Geist.<\/p>\n\n\n\n<p>Das nicht nur ich solches erkennen konnte \/ durfte kann man (<em>wenn man(n\/frau) will<\/em>) auch andere von solchen Dingen reden h\u00f6ren: (<a href=\"https:\/\/www.youtube.com\/live\/qWmHoq_cMVo?si=R9pbb7KFWbxu9Azs&amp;t=1093\" target=\"_blank\" rel=\"noreferrer noopener\"><em>6. August<\/em><\/a><em>; <\/em><a href=\"https:\/\/www.youtube.com\/live\/p5X8c1FQvm0?si=UGhukLXov-Sd85G2&amp;t=1222\" target=\"_blank\" rel=\"noreferrer noopener\"><em>7. August<\/em><\/a><em> \u2026 gerne auch vorher \/ nachher Predigten und nicht nur auf diesem Kanal<\/em>).<br>Ich kenne Priester, die uns berichtet haben; und auch Ordensleute verschiedener Gr\u00fcnder\/innen, die \u00fcber den geistigen Zustand ihrer Gemeinschaft \/ Gemeinde (<em>verweltlichten \u2013 mit esoterischen (bis hin okkulten) Ansichten<\/em>) klagen \u2026 und dass es schon oft in den Ausbildungsst\u00e4tten beginnt; welches die zust\u00e4ndige Bisch\u00f6fe gew\u00e4hren lassen \u2013 scheinbar es sogar f\u00f6rdern.<\/p>\n\n\n\n<p>Wo es nicht mehr um Jesus Christus = Gott und Mensch geht; sondern nur noch um den Bruder; den Sozialarbeiter; den Wanderprediger \u2026 wo man das Wort Gottes nur noch als Zusammenstellungen von Geschichten \/ M\u00e4rchen \u2013 sp\u00e4terer Erz\u00e4hler (<em>Erfinder<\/em>) darlegt \u2013 woran man nicht glauben muss \u2026<\/p>\n\n\n\n<p>Wenn dieser Sonntag von der \u201e<strong>Wachsamkeit<\/strong>\u201c spricht, und ich von \u201e<strong>Zeiten erkennen<\/strong>\u201c, dann weil Jesus Christus selbst davor warnt; der Heilige Paulus mahnt \u2026 die Schrift eigenm\u00e4chtig auszulegen.<\/p>\n\n\n\n<p>Und wer glaubt, dass nur ich in 25 Jahren von Irrwegen und Irrt\u00fcmern in unserer Kirche Erlebtes berichtet habe. Liest man das Buch \u201e<a href=\"https:\/\/www.amazon.de\/Stunde-gewollt-Offenbarungen-Priester-Gl%C3%A4ubige\/dp\/B001VTHBUQ\"><strong><em>Nicht ich, meine S\u00f6hne, habe diese Stunde gewollt<\/em><\/strong><\/a>\u201c, <em>von Monsignore Ottavio Michelini<\/em> (<em>oder auch andere Anbieter, \u00fcber Google<\/em>) \u2026 nein, ist erz\u00e4hlte nicht was ich da gelesen \u2013 sondern was ich in vielen Bist\u00fcmern \/ Pfarreien selbst erlebt habe.<\/p>\n\n\n\n<p>Beten wir, \u2026 beten wir viel f\u00fcr unseren Klerus \u2026 aber auch f\u00fcr das Volk Gottes; dass ALLE erkennen: ohne Gott Vater + Sohn Jesus Christus + Heiliger Geist geht nichts \u2013 bleiben nur Fabeleien und Egoismen, die vergehen.<\/p>\n","protected":false},"excerpt":{"rendered":"<p>\u201eWach sein hei\u00dft wissen, was geschieht, und bereit sein f\u00fcr das, was kommt; in Treue der Gegenwart dienen, im Glauben die Zukunft wagen.Wenn die Herde schl\u00e4ft, muss der Hirt wachen, um die Gefahr abzuwehren, aber auch um die Zeichen der &hellip; <a href=\"https:\/\/fjm-ritter.de\/Aktuell\/?p=8478\">Weiterlesen <span class=\"meta-nav\">&rarr;<\/span><\/a><\/p>\n","protected":false},"author":11,"featured_media":0,"comment_status":"open","ping_status":"closed","sticky":false,"template":"","format":"standard","meta":{"footnotes":""},"categories":[1],"tags":[],"class_list":["post-8478","post","type-post","status-publish","format-standard","hentry","category-allgemein"],"_links":{"self":[{"href":"https:\/\/fjm-ritter.de\/Aktuell\/index.php?rest_route=\/wp\/v2\/posts\/8478","targetHints":{"allow":["GET"]}}],"collection":[{"href":"https:\/\/fjm-ritter.de\/Aktuell\/index.php?rest_route=\/wp\/v2\/posts"}],"about":[{"href":"https:\/\/fjm-ritter.de\/Aktuell\/index.php?rest_route=\/wp\/v2\/types\/post"}],"author":[{"embeddable":true,"href":"https:\/\/fjm-ritter.de\/Aktuell\/index.php?rest_route=\/wp\/v2\/users\/11"}],"replies":[{"embeddable":true,"href":"https:\/\/fjm-ritter.de\/Aktuell\/index.php?rest_route=%2Fwp%2Fv2%2Fcomments&post=8478"}],"version-history":[{"count":1,"href":"https:\/\/fjm-ritter.de\/Aktuell\/index.php?rest_route=\/wp\/v2\/posts\/8478\/revisions"}],"predecessor-version":[{"id":8479,"href":"https:\/\/fjm-ritter.de\/Aktuell\/index.php?rest_route=\/wp\/v2\/posts\/8478\/revisions\/8479"}],"wp:attachment":[{"href":"https:\/\/fjm-ritter.de\/Aktuell\/index.php?rest_route=%2Fwp%2Fv2%2Fmedia&parent=8478"}],"wp:term":[{"taxonomy":"category","embeddable":true,"href":"https:\/\/fjm-ritter.de\/Aktuell\/index.php?rest_route=%2Fwp%2Fv2%2Fcategories&post=8478"},{"taxonomy":"post_tag","embeddable":true,"href":"https:\/\/fjm-ritter.de\/Aktuell\/index.php?rest_route=%2Fwp%2Fv2%2Ftags&post=8478"}],"curies":[{"name":"wp","href":"https:\/\/api.w.org\/{rel}","templated":true}]}}