{"id":884,"date":"2012-11-17T14:38:11","date_gmt":"2012-11-17T14:38:11","guid":{"rendered":"http:\/\/fjm-ritter.de\/Aktuell\/?p=884"},"modified":"2012-11-17T14:38:39","modified_gmt":"2012-11-17T14:38:39","slug":"zum-jahr-des-glaubens-die-gottesordnung","status":"publish","type":"post","link":"https:\/\/fjm-ritter.de\/Aktuell\/?p=884","title":{"rendered":"Zum \u201cJahr des Glaubens\u201d : Die Gottesordnung"},"content":{"rendered":"<p><a href=\"https:\/\/fjm-ritter.de\/Aktuell\/wp-content\/uploads\/2012\/11\/cropped-Jahr-des-Glaubens007-Steintafeln.jpg\"><img loading=\"lazy\" decoding=\"async\" class=\"alignnone size-full wp-image-849\" title=\"cropped-Jahr-des-Glaubens007-Steintafeln.jpg\" src=\"https:\/\/fjm-ritter.de\/Aktuell\/wp-content\/uploads\/2012\/11\/cropped-Jahr-des-Glaubens007-Steintafeln.jpg\" alt=\"\" width=\"1000\" height=\"280\" srcset=\"https:\/\/fjm-ritter.de\/Aktuell\/wp-content\/uploads\/2012\/11\/cropped-Jahr-des-Glaubens007-Steintafeln.jpg 1000w, https:\/\/fjm-ritter.de\/Aktuell\/wp-content\/uploads\/2012\/11\/cropped-Jahr-des-Glaubens007-Steintafeln-300x84.jpg 300w, https:\/\/fjm-ritter.de\/Aktuell\/wp-content\/uploads\/2012\/11\/cropped-Jahr-des-Glaubens007-Steintafeln-500x140.jpg 500w\" sizes=\"auto, (max-width: 1000px) 100vw, 1000px\" \/><\/a><\/p>\n<p>Mit der sechsten Woche hab ich mir kein leichtes Thema ausgesucht, arbeite aber schon lange an das Thema. Und bewusst oder auch unbewusst ist es in der Reihe zum Jahr des Glaubens dran, weil immer mehr Menschen mir sagen: \u201e<strong><em>ach Gott ist die Liebe!<\/em><\/strong>\u201c<!--more--><\/p>\n<p>Dieser kurze Satz entschuldigt wohl alles, was an Unrecht \/ Verbrechen durch uns Menschen an die Menschen und der gesamten Natur\/Umwelt getan wird.<\/p>\n<p>Es klingt schon so, wie bei einem Koch \/ B\u00e4cker bzw. auch der K\u00f6chin \/ B\u00e4ckerin, die auf verbranntes Essen \/ Geb\u00e4ck Vanilleso\u00dfe gie\u00dfen (<em>also zudecken<\/em>), und dann den liebsten G\u00e4sten serviert: \u201e<strong><em>wird wohl keiner merken!<\/em><\/strong>\u201c<\/p>\n<p>Doch ist das GOTT, ist das die Heilige Schrift \u2013 Gottes Wort? Ist das das Ergebnis, das Jesus uns mit Seinem Kreuzesopfer \/-tod geschenkt hat? Vanilleso\u00dfe auf all unsere Verbrechen und Verderbtheit?<\/p>\n<p>Sind also die Gebote Gottes (<a href=\"http:\/\/vulgata.info\/index.php\/Kategorie:Vulgata:AT:2Mos20\"><em>Ez.20,1-17<\/em><\/a>) und alle Gesetze die ER dem Moses gab, damit au\u00dfer Kraft gesetzt? Ist es das was Jesus meint: \u201e<em>&#8230; in meines Vatershaus sind viele Wohnungen&#8230;<\/em>\u201c (&#8230;), da Jesus ja f\u00fcr unsere S\u00fcnden gestorben ist, das wir jetzt tun und lassen d\u00fcrfen was wir wollen: Gott l\u00e4stern, ihn spotten, uns andere G\u00f6tter nebenher w\u00e4hlen (<em>Esoterik, okkulte Praktiken (Tanz um das goldene Kalb)<\/em>). Bedeutet das, dass wir jetzt rauben, morden und Ehe brechen (<em>jeder mit jedem usw.<\/em>) und alles aneignen (rauben\/stehlen) d\u00fcrfen.<\/p>\n<p>Wo steht das in den Worten Jesu geschrieben? Unter: <strong><em>Liebt einander <\/em><\/strong><em>&#8230; vor allem sich selbst?<\/em><br \/>\nWird hier nicht irgendwer -was verdreht, v\u00f6llig auf den Kopf gestellt?<\/p>\n<p>Was ist mit der Ordnung, die ER selbst geschaffen hat? Wie u.a. unter <a href=\"http:\/\/ecclesiaeveritas.net\/index.php\/Moses\">2. Buch bis 5. Buch Moses<\/a> zu lesen; wie geschrieben in den <a href=\"http:\/\/vulgata.info\/index.php\/Kategorie:BIBLIA_SACRA:NT\">Evangelien<\/a>?<\/p>\n<p>Hei\u00dft es wirklich so, dass &#8230; <em>\u201e&#8230;wer nicht gegen mich ist, ist f\u00fcr mich&#8230;<\/em>\u201c &#8230; hei\u00dft es nicht eher auch, in dem Sinne des t\u00e4glichen Lebens des Glaubens: \u201e<strong><em>Wer nicht mit mir sammelt, der zerstreut?<\/em><\/strong>\u201c (vgl. <a href=\"http:\/\/vulgata.info\/index.php\/Kategorie:BIBLIA_SACRA:NT:Lk11\"><em>Lk.11,14-23<\/em><\/a>)<br \/>\nIst es nicht Jesus, der sagt, dass wir all unsere Schuld selbst bezahlen m\u00fcssen, im Schuldturm, wenn wir den anderen nicht Barmherzigkeit erweisen; ihnen die Schuld an uns zu vergeben? Also, wenn wir nicht barmherzig umgehen mit denen, die uns schuldig geworden sind, wie kann er uns barmherzig sein? Oder im Vater unser \u201e&#8230;<em>vergib uns unsere Schuld, wie auch wir vergeben unseren Schuldigern&#8230;<\/em>\u201c<\/p>\n<p>Wenn es nicht n\u00f6tig gewesen w\u00e4re das zu sagen, dass ER uns die Beichte schenkt, warum gab ER sie uns durch den Petrus (<em>Seiner Kirche und den Hirten, den ER uns zur Seite stellt<\/em>)? Also, dass ER durch sein Leiden und Tod alles bezahlt hat, und wir jetzt tun und lassen k\u00f6nnen was wir wollen (<em>wie in den ersten Berichten auszugsweise dargestellt<\/em>), das ist ja einfach super!<br \/>\nAber ist es gerecht gegen\u00fcber den anderen&#8230; angefangen von den gest\u00fcrzten Engeln &#8230; und das ganze Alte Testament hindurch &#8230; die Konsequenzen des Volkes Israel wegen dem \u201eGoldenen Kalb\u201c und die st\u00e4ndigen Anfeindungen gegen die Stimme Gottes auf Erden \u2013 also gegen den Moses. Ist es gerecht gegen all die Menschen, die nach Seinen Geboten und Gesetzen leben mussten, da ER ja wusste, dass Jesus Christus auch f\u00fcr sie starb \u2013 auch sie erl\u00f6sen werde&#8230;<br \/>\nWarum sagt Jesus selbst, dass wer Seine Liebe nicht annimmt, Seine Wahrheit \u2013 Seinen Weg nicht geht, nicht zum Vater kommt?<br \/>\nDas wer Sein Fleisch nicht isst und Sein Blut nicht trinkt (<em>die Eucharistie<\/em>) keine Teilhabe an ihm hat!<br \/>\nJa, wenn diese das nicht leben, was ER uns gelehrt hat, und somit <span style=\"text-decoration: underline;\">nicht<\/span> zum Vater kommen, wo sind sie denn dann?<\/p>\n<p>Einfach weg? Aufgel\u00f6st? Ins Nirwana entschwunden?<\/p>\n<p>Wer macht uns da was vor, das wir tun und lassen k\u00f6nnen was wir wollen, alles missachten k\u00f6nnen ohne jemals die Konsequenzen daf\u00fcr bezahlen zu m\u00fcssen. Warum sagt ER selbst, dass wir Seine Barmherzigkeit annehmen m\u00fcssen um Seine Barmherzigkeit erfahren zu k\u00f6nnen.<\/p>\n<p>Wenn es doch so billig sein kann, dieser Freifahrtschein ins Paradies&#8230; also mit all unseren S\u00fcnden im \u201e<strong>Rucksack<\/strong>\u201c &#8230; \u201e<strong><em>sind alle kleine S\u00fcnderlein, kommen alle in den Himmel rein!<\/em><\/strong>\u201c \u2013 \u201e<strong><em>getauft, gefirmt auf ewig erl\u00f6st<\/em><\/strong>\u201c &#8230; wer hat uns das gelehrt? Jesus Christus?<br \/>\nWo steht das in der Bibel geschrieben?<\/p>\n<p>Nein! Das ist dort nirgends geschrieben. Aber es steht geschrieben, ebenfalls wie schon an anderer Stelle gesagt, dass Seine Gebote \/ Gesetze nicht aufgehoben sind; die Worte der Propheten des Alten Testamentes nicht aufgehoben sind. Im Gegenteil: \u201e<em>ich bin nicht gekommen aufzuheben, sondern um zu erf\u00fcllen!<\/em>\u201c und wenn ER von Nachfolge spricht, dann auch dass wir Seine Gebote und Gesetze erf\u00fcllen, uns zumindest bem\u00fchen, sie erf\u00fcllen zu wollen.<br \/>\n\u201e&#8230;wehe wer nur einen Strich, einen Punkt\u201c oder wie es in einer anderen Auslegung hei\u00dft: \u201enur eine Unze\u201c davon aufhebt. Der wird die Konsequenzen des Heiligen Buches erfahren, das, was da geschrieben steht. Und was ist da geschrieben:<br \/>\nsitzen zur Rechten des Vaters, ja gleich auf dem Throne Jesu &#8230; oder vielleicht f\u00fcr all den Ungehorsam, den wir IHM gegen\u00fcber leisten&#8230; sitzen auf dem Thron Gottes selbst?<\/p>\n<p>Wer sagt dir das? Gott? Jesus Christus?<\/p>\n<p>Wie blind sind solche Lehrer, die und solches verkaufen (<em>vgl. Offenb.<\/em><a href=\"http:\/\/vulgata.info\/index.php\/Kategorie:Vulgata:NT:Offenb02\"><em>2,1<\/em><\/a><em> \u2013 <\/em><a href=\"http:\/\/vulgata.info\/index.php\/Kategorie:Vulgata:NT:Offenb03\"><em>3,22<\/em><\/a>)! Verf\u00fchrte sind sie und Verf\u00fchrer zugleich. Das sind die Jezabel\u2018s der Offenbarung (<a href=\"http:\/\/vulgata.info\/index.php\/Kategorie:Vulgata:NT:Offenb02\"><em>2,20-23<\/em><\/a>) &#8230; die aufs Lager geworfen und sterben wird. Und mit ihr alle, die diesen Jezabel\u2018s folgen &#8230; das ist Wort Gottes und nicht \u201edie Vanilleso\u00dfe \u00fcber all unser \u00dcbel\u201c, das man uns in so vielen Einrichtungen freibietet \u2013 und immer \u00f6fters am Ambo vorgetragen wird.<\/p>\n<p>Ich erinnere mich an den Kampf Jesu und dem Vater aller Verf\u00fchrten, wie dieser Massenm\u00f6rder von Anbeginn versuchte Vanilleso\u00dfe \u00fcber sein \u00dcbel zu gie\u00dfen und es IHM frei zu bieten. Doch Jesus sagte: Weiche Satan!<br \/>\nUnd wir sagen: hmmmmmmm lecker, mehr von diesem &#8230;<\/p>\n<p>Gott gab uns eine Ordnung und gebot uns diese zu halten. So das Wort Gottes, die Lehre Seiner Kirche (<em>die mit dem Petrus und den 7 Sakramenten<\/em>). Und wer das 2. vatikanische Konzil dazu ben\u00fctzt, um seinen Ungeist auf das Volk Gottes auszugie\u00dfen, der sollte sich hinsetzen und erst mal selbst lesen, was da geschrieben ist. Von wegen \u201eder Papst\u201c \u2013 \u201eder Vatikan\u201c \u00e4ndert st\u00e4ndig seine Meinung \/ Lehre, wie\u00a0 mir ein Priester sagte.<br \/>\nDiese und viele andere Aussagen und vollendete Tatsachen in Lehre und Liturgie haben sich als unwahr herausgestellt, die nur die wahre Kirche entstellt und zur R\u00e4uberh\u00f6hle umgestaltet, und somit das Volk Gottes aus den Kirchen getrieben haben!<br \/>\nEuch gilt am Ende keine Vanilleso\u00dfe, sicher nicht von Gott, wenn dann von eurem Vater, dem ihr mehr gedient habt \u2013 als euren Erl\u00f6ser und Retter Jesus Christus!<\/p>\n","protected":false},"excerpt":{"rendered":"<p>Mit der sechsten Woche hab ich mir kein leichtes Thema ausgesucht, arbeite aber schon lange an das Thema. Und bewusst oder auch unbewusst ist es in der Reihe zum Jahr des Glaubens dran, weil immer mehr Menschen mir sagen: \u201each &hellip; <a href=\"https:\/\/fjm-ritter.de\/Aktuell\/?p=884\">Weiterlesen <span class=\"meta-nav\">&rarr;<\/span><\/a><\/p>\n","protected":false},"author":9,"featured_media":0,"comment_status":"open","ping_status":"closed","sticky":false,"template":"","format":"standard","meta":{"footnotes":""},"categories":[1],"tags":[],"class_list":["post-884","post","type-post","status-publish","format-standard","hentry","category-allgemein"],"_links":{"self":[{"href":"https:\/\/fjm-ritter.de\/Aktuell\/index.php?rest_route=\/wp\/v2\/posts\/884","targetHints":{"allow":["GET"]}}],"collection":[{"href":"https:\/\/fjm-ritter.de\/Aktuell\/index.php?rest_route=\/wp\/v2\/posts"}],"about":[{"href":"https:\/\/fjm-ritter.de\/Aktuell\/index.php?rest_route=\/wp\/v2\/types\/post"}],"author":[{"embeddable":true,"href":"https:\/\/fjm-ritter.de\/Aktuell\/index.php?rest_route=\/wp\/v2\/users\/9"}],"replies":[{"embeddable":true,"href":"https:\/\/fjm-ritter.de\/Aktuell\/index.php?rest_route=%2Fwp%2Fv2%2Fcomments&post=884"}],"version-history":[{"count":2,"href":"https:\/\/fjm-ritter.de\/Aktuell\/index.php?rest_route=\/wp\/v2\/posts\/884\/revisions"}],"predecessor-version":[{"id":886,"href":"https:\/\/fjm-ritter.de\/Aktuell\/index.php?rest_route=\/wp\/v2\/posts\/884\/revisions\/886"}],"wp:attachment":[{"href":"https:\/\/fjm-ritter.de\/Aktuell\/index.php?rest_route=%2Fwp%2Fv2%2Fmedia&parent=884"}],"wp:term":[{"taxonomy":"category","embeddable":true,"href":"https:\/\/fjm-ritter.de\/Aktuell\/index.php?rest_route=%2Fwp%2Fv2%2Fcategories&post=884"},{"taxonomy":"post_tag","embeddable":true,"href":"https:\/\/fjm-ritter.de\/Aktuell\/index.php?rest_route=%2Fwp%2Fv2%2Ftags&post=884"}],"curies":[{"name":"wp","href":"https:\/\/api.w.org\/{rel}","templated":true}]}}