{"id":9051,"date":"2026-02-14T16:00:00","date_gmt":"2026-02-14T15:00:00","guid":{"rendered":"https:\/\/fjm-ritter.de\/Aktuell\/?p=9051"},"modified":"2026-02-16T16:22:30","modified_gmt":"2026-02-16T15:22:30","slug":"freier-mensch-der-tun-kann-was-er-will","status":"publish","type":"post","link":"https:\/\/fjm-ritter.de\/Aktuell\/?p=9051","title":{"rendered":"Freier Mensch, der tun kann, was er will?"},"content":{"rendered":"\n<p>\u201e<em>Der ist ein freier Mensch, der tun kann, was er will? \u2013 stimmt das?<\/em><\/p>\n\n\n\n<figure class=\"wp-block-image size-large\"><a href=\"https:\/\/fjm-ritter.de\/Aktuell\/wp-content\/uploads\/2026\/02\/2-scaled.jpeg\"><img loading=\"lazy\" decoding=\"async\" width=\"1024\" height=\"752\" src=\"https:\/\/fjm-ritter.de\/Aktuell\/wp-content\/uploads\/2026\/02\/2-1024x752.jpeg\" alt=\"\" class=\"wp-image-9055\" srcset=\"https:\/\/fjm-ritter.de\/Aktuell\/wp-content\/uploads\/2026\/02\/2-1024x752.jpeg 1024w, https:\/\/fjm-ritter.de\/Aktuell\/wp-content\/uploads\/2026\/02\/2-300x220.jpeg 300w, https:\/\/fjm-ritter.de\/Aktuell\/wp-content\/uploads\/2026\/02\/2-768x564.jpeg 768w, https:\/\/fjm-ritter.de\/Aktuell\/wp-content\/uploads\/2026\/02\/2-1536x1127.jpeg 1536w, https:\/\/fjm-ritter.de\/Aktuell\/wp-content\/uploads\/2026\/02\/2-2048x1503.jpeg 2048w, https:\/\/fjm-ritter.de\/Aktuell\/wp-content\/uploads\/2026\/02\/2-409x300.jpeg 409w\" sizes=\"auto, (max-width: 1024px) 100vw, 1024px\" \/><\/a><\/figure>\n\n\n\n<p><em>Es k\u00f6nnte stimmen, wenn nur die Worte den rechten Sinn h\u00e4tten.<\/em><\/p>\n\n\n\n<p><em>Aber was hei\u00dft \u201ewollen\u201c, und was hei\u00dft \u201ek\u00f6nnen\u201c?<\/em><\/p>\n\n\n\n<p><em>Zu bedenken ist jedenfalls auch dieser Satz:<br>Frei ist nur der Mensch, der auch das zu tun vermag, was er nicht will; in anderer Sprache: der Mensch, der gehorchen kann.<\/em>\u201c<\/p>\n\n\n\n<p>Soweit die Einf\u00fchrung in diese <a href=\"https:\/\/vulgata.info\/index.php?title=Kategorie:Lektionar:Jahreskreis:06.Woche:Sonntag\" target=\"_blank\" rel=\"noreferrer noopener\">6. Sonntag\u2019A<\/a> \u2026<\/p>\n\n\n\n<p>Und wie das in dieses Wochenende des Karnevals passt?! \u2026 tun was man will; also, mal so richtig \u201e<strong><em>die Sau<\/em><\/strong>\u201c rauslassen. Ja, der heutige Karneval ist medial \u2013 wie auch im LiVE \u2013 nicht mehr das, was ich unter Karneval verstehe!<\/p>\n\n\n\n<p>Je doller \u2013 umso besser; auf Konsequenzen wird nicht so geachtet.<\/p>\n\n\n\n<p>Es gibt sogar Menschen, die sagen: \u201e<em>nicht so schlimm!<\/em>\u201c bzw. \u201e<em>man muss sich auch mal was g\u00f6nnen k\u00f6nnen!<\/em>\u201c \u2026 nach dem k\u00f6lsche Kl\u00fcngel: \u201e\u2026 <strong><em>kommen eh ALLE in den Himmel!<\/em><\/strong>\u201c<\/p>\n\n\n\n<p>Fakt ist: Eingeladen f\u00fcr den Himmel, sind <strong>ALLE<\/strong> \u2026 jedoch, \u201e\u2026<em>in den Himmel kommt nichts Unreines<\/em>!!! (<em>vgl. <\/em><a href=\"https:\/\/vulgata.info\/index.php?title=Kategorie:Vulgata:NT:Offenb21\" target=\"_blank\" rel=\"noreferrer noopener\"><em>Offenb.21,27<\/em><\/a>)\u201c \u2026 und zu sagen, wie man hier und da h\u00f6rt: \u201eJesus ist ja f\u00fcr mich gestorben\u2026\u201c, dann sag ich: <strong>JA<\/strong>, aber h\u00fcte Dich Seine allumfassende Barmherzigkeit zu missbrauchen!; <strong>denn wann war Deine letzte Beichte<\/strong> \u2013 und was wenn Du ohne Beichte abberufen wirst auf Erden \u2013 es gibt viele die meinen beim russisch Roulette ALLE\/s verloren haben \u2026<\/p>\n\n\n\n<p>Wie gesagt, zum Nachdenken. F\u00fcr Spa\u00df gibt es keine Grenzen, die Du mit Dir machen l\u00e4sst; was Du nicht willst, f\u00fcge es garantiert auch anderen nicht zu. Denn, dies k\u00f6nnte Dein letzter Atemzug gewesen sein <strong>\u2026 und dann?<\/strong><\/p>\n\n\n\n<p>Grenzen kennen, lies mal wieder im <a href=\"https:\/\/www.vatican.va\/archive\/DEU0035\/_INDEX.HTM\" target=\"_blank\" rel=\"noreferrer noopener\">Katechismus<\/a> \u2013 in der <a href=\"https:\/\/vulgata.info\/index.php?title=Kategorie:Vulgata\" target=\"_blank\" rel=\"noreferrer noopener\">Bibel<\/a> \u2013 und lebe nach <a href=\"https:\/\/vulgata.info\/index.php?title=Kategorie:Vulgata:AT:2Mos20\" target=\"_blank\" rel=\"noreferrer noopener\">Ex.20,1-17<\/a> bzw. <a href=\"https:\/\/vulgata.info\/index.php?title=Kategorie:Vulgata:AT:5Mos05\" target=\"_blank\" rel=\"noreferrer noopener\">Deut.5,6-22<\/a> \u2026 dann ist der Weg offen; <strong>wenn nicht, dann nicht!<\/strong><\/p>\n","protected":false},"excerpt":{"rendered":"<p>\u201eDer ist ein freier Mensch, der tun kann, was er will? \u2013 stimmt das? Es k\u00f6nnte stimmen, wenn nur die Worte den rechten Sinn h\u00e4tten. Aber was hei\u00dft \u201ewollen\u201c, und was hei\u00dft \u201ek\u00f6nnen\u201c? Zu bedenken ist jedenfalls auch dieser Satz:Frei &hellip; <a href=\"https:\/\/fjm-ritter.de\/Aktuell\/?p=9051\">Weiterlesen <span class=\"meta-nav\">&rarr;<\/span><\/a><\/p>\n","protected":false},"author":11,"featured_media":0,"comment_status":"open","ping_status":"closed","sticky":false,"template":"","format":"standard","meta":{"footnotes":""},"categories":[1],"tags":[],"class_list":["post-9051","post","type-post","status-publish","format-standard","hentry","category-allgemein"],"_links":{"self":[{"href":"https:\/\/fjm-ritter.de\/Aktuell\/index.php?rest_route=\/wp\/v2\/posts\/9051","targetHints":{"allow":["GET"]}}],"collection":[{"href":"https:\/\/fjm-ritter.de\/Aktuell\/index.php?rest_route=\/wp\/v2\/posts"}],"about":[{"href":"https:\/\/fjm-ritter.de\/Aktuell\/index.php?rest_route=\/wp\/v2\/types\/post"}],"author":[{"embeddable":true,"href":"https:\/\/fjm-ritter.de\/Aktuell\/index.php?rest_route=\/wp\/v2\/users\/11"}],"replies":[{"embeddable":true,"href":"https:\/\/fjm-ritter.de\/Aktuell\/index.php?rest_route=%2Fwp%2Fv2%2Fcomments&post=9051"}],"version-history":[{"count":2,"href":"https:\/\/fjm-ritter.de\/Aktuell\/index.php?rest_route=\/wp\/v2\/posts\/9051\/revisions"}],"predecessor-version":[{"id":9061,"href":"https:\/\/fjm-ritter.de\/Aktuell\/index.php?rest_route=\/wp\/v2\/posts\/9051\/revisions\/9061"}],"wp:attachment":[{"href":"https:\/\/fjm-ritter.de\/Aktuell\/index.php?rest_route=%2Fwp%2Fv2%2Fmedia&parent=9051"}],"wp:term":[{"taxonomy":"category","embeddable":true,"href":"https:\/\/fjm-ritter.de\/Aktuell\/index.php?rest_route=%2Fwp%2Fv2%2Fcategories&post=9051"},{"taxonomy":"post_tag","embeddable":true,"href":"https:\/\/fjm-ritter.de\/Aktuell\/index.php?rest_route=%2Fwp%2Fv2%2Ftags&post=9051"}],"curies":[{"name":"wp","href":"https:\/\/api.w.org\/{rel}","templated":true}]}}