{"id":9079,"date":"2026-02-21T16:00:00","date_gmt":"2026-02-21T15:00:00","guid":{"rendered":"https:\/\/fjm-ritter.de\/Aktuell\/?p=9079"},"modified":"2026-03-05T09:31:20","modified_gmt":"2026-03-05T08:31:20","slug":"gott-will-nicht-den-tod-2","status":"publish","type":"post","link":"https:\/\/fjm-ritter.de\/Aktuell\/?p=9079","title":{"rendered":"Gott will nicht den Tod"},"content":{"rendered":"\n<p>\u201e<em>\u2026sondern das Leben.<\/em><\/p>\n\n\n\n<p><em>Jesus ist gekommen, damit wir das Leben in F\u00fclle haben (vgl. <\/em><a href=\"https:\/\/vulgata.info\/index.php?title=Kategorie:Vulgata:NT:Joh10\" target=\"_blank\" rel=\"noreferrer noopener\"><em>Joh.10,10<\/em><\/a><em>).<\/em><\/p>\n\n\n\n<p><em>In ihm ist der neue Mensch sichtbar geworden, der urspr\u00fcngliche Mensch, wie Gott ihn am Anfang gemeint und geschaffen hat: der nicht nur vom Brot lebt, sondern vom Wort des lebendigen, anwesenden Gottes.<\/em>\u201c<\/p>\n\n\n\n<p>Soweit die Einleitung zum <a href=\"https:\/\/vulgata.info\/index.php?title=Kategorie:Lektionar:Fastenzeit:1.Woche:Sonntag\" target=\"_blank\" rel=\"noreferrer noopener\">ersten Sonntag der Fastenzeit\u2019A<\/a> \u2026<\/p>\n\n\n\n<figure class=\"wp-block-image size-full\"><a href=\"https:\/\/fjm-ritter.de\/Aktuell\/wp-content\/uploads\/2026\/02\/Christus-der-zweite-Adam.jpg\"><img loading=\"lazy\" decoding=\"async\" width=\"840\" height=\"560\" src=\"https:\/\/fjm-ritter.de\/Aktuell\/wp-content\/uploads\/2026\/02\/Christus-der-zweite-Adam.jpg\" alt=\"\" class=\"wp-image-9083\" srcset=\"https:\/\/fjm-ritter.de\/Aktuell\/wp-content\/uploads\/2026\/02\/Christus-der-zweite-Adam.jpg 840w, https:\/\/fjm-ritter.de\/Aktuell\/wp-content\/uploads\/2026\/02\/Christus-der-zweite-Adam-300x200.jpg 300w, https:\/\/fjm-ritter.de\/Aktuell\/wp-content\/uploads\/2026\/02\/Christus-der-zweite-Adam-768x512.jpg 768w, https:\/\/fjm-ritter.de\/Aktuell\/wp-content\/uploads\/2026\/02\/Christus-der-zweite-Adam-450x300.jpg 450w\" sizes=\"auto, (max-width: 840px) 100vw, 840px\" \/><\/a><\/figure>\n\n\n\n<p>\u201e<em><strong>Adam<\/strong> und <strong>Christus<\/strong> bilden das gro\u00dfe Thema der drei Lesungen an diesem Sonntag.<\/em>\u201c, doch ist es nicht so, dass wir uns selbst erheben wollen; nicht sein wie ER es gemacht \u2013 sondern besser \u2013 gr\u00f6\u00dfer und m\u00e4chtiger sein wollen?<\/p>\n\n\n\n<p><strong>Woran mache ich das fest?<\/strong><\/p>\n\n\n\n<p>Schau ich in die Welt, ja von Anbeginn, wollte man <strong><u>nicht<\/u><\/strong> auf Gott h\u00f6ren; seiner Einladung <strong><u>nicht<\/u><\/strong> folgen; sie <strong><u>nicht<\/u><\/strong> annehmen \u2013 sondern mit <strong>WENN<\/strong>sens und <strong>ABER<\/strong>sens versehen?<\/p>\n\n\n\n<p>Jede Mahnung, vor den Gefahren des ewigen Todes, ausschlagen \u2013 als Bevormundungen deklarieren?<\/p>\n\n\n\n<p>Es ist der Mensch, durch den die S\u00fcnde immer wieder in die Welt kam! Gott reicht die Hand, und wir schlagen sie <strong>immer und immer wieder aus<\/strong>.<\/p>\n\n\n\n<p>Gott gab dem Menschen nicht nur die W\u00fcrde, Anteil zu haben, an Seiner Sch\u00f6pfung \u2013 sondern auch den freien Willen, n\u00e4mlich sich <strong>f\u00fcr<\/strong> bzw. <strong>gegen<\/strong> IHN zu entscheiden.<br>Und genau darin liegt dann auch die Konsequenz zwischen Himmel und H\u00f6lle.<\/p>\n\n\n\n<p>Nicht nur das Besitzergreifen der Sch\u00f6pfung \u2013 f\u00fcr eigenen Reichtum \/ Besitz.<br>Auch den Menschen selbst machen einige (<em>bis zum heutigen Tage<\/em>) zu ihren Sklaven.<br>Also gemeint ist nicht, dass wir nicht arbeiten sollen f\u00fcr die uns Vorgesetzten; sondern daf\u00fcr auch den gerechten Lohn erhalten sollten.<br>Auch diese Errungenschaften von Sozialsicherung; gerechte Arbeits- &amp; Freizeiten; gerechtes Ein- &amp; Auskommen wird mehr und mehr streitig gemacht.<\/p>\n\n\n\n<p>Die m\u00e4chtigen Vorgesetzten wollen diese gewerkschaftlichen Errungenschaften mehr und mehr einschr\u00e4nken \u2013 auch in unseren Regionen.<\/p>\n\n\n\n<p>W\u00e4hrend das Verm\u00f6gen der Reichen immer mehr steigt \u2013 trotz angeblicher Wirtschaftsflaute usw. \u2013 steigen die Zahlen von Menschen in prek\u00e4rer Situation und Armut immer mehr.<\/p>\n\n\n\n<p>Und dabei spielen die \u201e<strong><em>M\u00e4chtigen<\/em><\/strong>\u201c die Armen gegeneinander aus.<\/p>\n\n\n\n<p>Als Gott sprach, nachdem ER den Menschen aus Ackerboden und alles andere in sechs Sch\u00f6pfungstagen geschaffen hatte: \u201e<strong>und f\u00fcr wahr, es war sehr gut.<\/strong>\u201c (<em>vgl. <\/em><a href=\"https:\/\/vulgata.info\/index.php?title=Kategorie:Vulgata:AT:1Mos01\" target=\"_blank\" rel=\"noreferrer noopener\"><em>Gen1,31<\/em><\/a>)<\/p>\n\n\n\n<figure class=\"wp-block-embed is-type-video is-provider-youtube wp-block-embed-youtube wp-embed-aspect-16-9 wp-has-aspect-ratio\"><div class=\"wp-block-embed__wrapper\">\n<iframe loading=\"lazy\" title=\"Isus film   ( Nemacki )Jesus film  ( Deutsch ) Robert Powell\" width=\"584\" height=\"329\" src=\"https:\/\/www.youtube.com\/embed\/FRd8yZym3Fc?start=2390&#038;feature=oembed\" frameborder=\"0\" allow=\"accelerometer; autoplay; clipboard-write; encrypted-media; gyroscope; picture-in-picture; web-share\" referrerpolicy=\"strict-origin-when-cross-origin\" allowfullscreen><\/iframe>\n<\/div><figcaption class=\"wp-element-caption\">Dieser Auszug, w\u00e4re Teil 3 und 4; leider gibt es keine Fortsetzung der Fassungen von <a href=\"https:\/\/fjm-ritter.de\/Aktuell\/?m=202512\" target=\"_blank\" rel=\"noreferrer noopener\">Dezember<\/a> (Teil1) und <a href=\"https:\/\/fjm-ritter.de\/Aktuell\/?p=8969\" target=\"_blank\" rel=\"noreferrer noopener\">Januar <\/a>(Teil2), au\u00dfer diese Zusammenfassung (1-4), die wir in etwa bei Teil 3 starten &#8230;<\/figcaption><\/figure>\n\n\n\n<p>ER gab den Menschen ALLES \/ ALLEN zusammen \u2026 und nicht nur wenigen. Was der Mensch daraus machte: siehe <a href=\"https:\/\/www.videobuster.de\/dvd-bluray-verleih\/66442\/roots\" target=\"_blank\" rel=\"noreferrer noopener\">Roots<\/a> \u2013 <a href=\"https:\/\/www.youtube.com\/watch?v=kuZS_tVovOA\" target=\"_blank\" rel=\"noreferrer noopener\">12 Jahre als Sklave<\/a> (<em>die Filme basieren auf Autobiographien<\/em>) \u2026 schaut wie heute Pr\u00e4sidenten \u2013 Kanzler \u2013 Minister \/ Abgeordnete \/ Unternehmer (<em>gerne die es brauchen der -innen<\/em>) reden und handeln.<br>Nein(<em>!<\/em>), die Filme zeigen nicht nur was Vergangenheit (<em>in besch\u00e4menderweise<\/em>) gewesen ist; sondern noch heute in Teilen der Welt praktiziert wird \u2013 und auch nicht wenige sich w\u00fcnschen \u2026 noch <strong>reicher<\/strong> zu werden; auf Kosten <strong>derer die eh nichts haben<\/strong>.<\/p>\n\n\n\n<p><strong>Denkt nach!!!<\/strong><\/p>\n\n\n\n<p>Ich wei\u00df, dass das nicht bleiben wird, auch wenn seit der Entlassung von Adam &amp; Eva aus dem Paradies; Kain aus dem 1. Neubeginn; Noahs Leute nach der Sintflut usw. sich nichts zum Guten \/ Wohle der Menschheit gebessert hat.<\/p>\n\n\n\n<p>Die Gier; der Neid; die Eifersucht \u2013 sind die treibende Kraft von Kriegen.<\/p>\n\n\n\n<p>Es braucht <strong>ZEUGEN<\/strong>, die <strong>FLAGGE ZEIGEN<\/strong>:<br>NIE WIEDER darf kein leeres Gerede bleiben. <strong>Denn NIE WIEDER ist jetzt<\/strong>.<\/p>\n\n\n\n<p><\/p>\n","protected":false},"excerpt":{"rendered":"<p>\u201e\u2026sondern das Leben. Jesus ist gekommen, damit wir das Leben in F\u00fclle haben (vgl. Joh.10,10). In ihm ist der neue Mensch sichtbar geworden, der urspr\u00fcngliche Mensch, wie Gott ihn am Anfang gemeint und geschaffen hat: der nicht nur vom Brot &hellip; <a href=\"https:\/\/fjm-ritter.de\/Aktuell\/?p=9079\">Weiterlesen <span class=\"meta-nav\">&rarr;<\/span><\/a><\/p>\n","protected":false},"author":11,"featured_media":0,"comment_status":"open","ping_status":"closed","sticky":false,"template":"","format":"standard","meta":{"footnotes":""},"categories":[1],"tags":[],"class_list":["post-9079","post","type-post","status-publish","format-standard","hentry","category-allgemein"],"_links":{"self":[{"href":"https:\/\/fjm-ritter.de\/Aktuell\/index.php?rest_route=\/wp\/v2\/posts\/9079","targetHints":{"allow":["GET"]}}],"collection":[{"href":"https:\/\/fjm-ritter.de\/Aktuell\/index.php?rest_route=\/wp\/v2\/posts"}],"about":[{"href":"https:\/\/fjm-ritter.de\/Aktuell\/index.php?rest_route=\/wp\/v2\/types\/post"}],"author":[{"embeddable":true,"href":"https:\/\/fjm-ritter.de\/Aktuell\/index.php?rest_route=\/wp\/v2\/users\/11"}],"replies":[{"embeddable":true,"href":"https:\/\/fjm-ritter.de\/Aktuell\/index.php?rest_route=%2Fwp%2Fv2%2Fcomments&post=9079"}],"version-history":[{"count":8,"href":"https:\/\/fjm-ritter.de\/Aktuell\/index.php?rest_route=\/wp\/v2\/posts\/9079\/revisions"}],"predecessor-version":[{"id":9113,"href":"https:\/\/fjm-ritter.de\/Aktuell\/index.php?rest_route=\/wp\/v2\/posts\/9079\/revisions\/9113"}],"wp:attachment":[{"href":"https:\/\/fjm-ritter.de\/Aktuell\/index.php?rest_route=%2Fwp%2Fv2%2Fmedia&parent=9079"}],"wp:term":[{"taxonomy":"category","embeddable":true,"href":"https:\/\/fjm-ritter.de\/Aktuell\/index.php?rest_route=%2Fwp%2Fv2%2Fcategories&post=9079"},{"taxonomy":"post_tag","embeddable":true,"href":"https:\/\/fjm-ritter.de\/Aktuell\/index.php?rest_route=%2Fwp%2Fv2%2Ftags&post=9079"}],"curies":[{"name":"wp","href":"https:\/\/api.w.org\/{rel}","templated":true}]}}